{"id":220619,"date":"2025-11-05T23:05:08","date_gmt":"2025-11-05T23:05:08","guid":{"rendered":"https:\/\/www.europesays.com\/es\/220619\/"},"modified":"2025-11-05T23:05:08","modified_gmt":"2025-11-05T23:05:08","slug":"vox-designa-a-ignacio-garriga-para-negociar-con-el-pp-el-relevo-de-mazon-en-comunitat-valenciana","status":"publish","type":"post","link":"https:\/\/www.europesays.com\/es\/220619\/","title":{"rendered":"Vox designa a Ignacio Garriga para negociar con el PP el relevo de Maz\u00f3n en Comunitat Valenciana"},"content":{"rendered":"<p>                <img decoding=\"async\" class=\"lazy\" loading=\"lazy\" data-src=\"https:\/\/static.eldiario.es\/clip\/da89b6af-875a-4c38-9e98-c14146243916_16-9-aspect-ratio_default_1129810.jpg\" src=\"data:image\/svg+xml,%3Csvg xmlns=\" http:=\"\" viewbox=\"0 0 16 9\" alt=\"El l\u00edder de Vox en Catalunya, Ignacio Garriga, en una rueda de prensa en el Parlament\"\/><\/p>\n<p class=\"article-text\">\n        Vox ha decidido que sea su secretario general, Ignacio Garriga, el encargado de negociar con el PP el relevo de Carlos Maz\u00f3n al frente de la Generalitat Valenciana, tras su dimisi\u00f3n anunciada el pasado lunes, seg\u00fan han informado fuentes del partido.\n    <\/p>\n<p class=\"article-text\">\n        El presidente de Vox, Santiago Abascal, ha advertido este mi\u00e9rcoles al PP de que ser\u00e1n \u201cm\u00e1s firmes y m\u00e1s exigentes\u201d de lo habitual en la negociaci\u00f3n para sustituir a Maz\u00f3n y ha asegurado que su formaci\u00f3n \u201cno teme\u201d una convocatoria electoral en esta autonom\u00eda.\n    <\/p>\n<p class=\"article-text\">\n        Por su parte, el l\u00edder del PP, Alberto N\u00fa\u00f1ez Feij\u00f3o, ha defendido este mi\u00e9rcoles \u201cmantener la estabilidad\u201d en la Comunitat Valenciana y \u201cun gobierno centrado en la reconstrucci\u00f3n\u201d tras la dana. A su entender, ir a elecciones en esta autonom\u00eda en este momento ser\u00eda \u201cuna irresponsabilidad\u201d de la que los ciudadanos \u201ctomar\u00edan buena nota\u201d. Fuentes de la direcci\u00f3n nacional del PP aseguraron este martes que N\u00fa\u00f1ez Feij\u00f3o hab\u00eda llamado a Abascal para hablar sobre el relevo de Maz\u00f3n.\n    <\/p>\n<p class=\"article-text\">\n        Con informaci\u00f3n de <strong>Europa Press<\/strong>\n    <\/p>\n","protected":false},"excerpt":{"rendered":"Vox ha decidido que sea su secretario general, Ignacio Garriga, el encargado de negociar con el PP el&hellip;\n","protected":false},"author":2,"featured_media":220620,"comment_status":"","ping_status":"","sticky":false,"template":"","format":"standard","meta":{"footnotes":""},"categories":[8],"tags":[17,18,2125,25,24,13,14,6987,3015,11,1458,293,5541,19,20,9,10,15,16,23,2393,12,1885,21,22],"class_list":{"0":"post-220619","1":"post","2":"type-post","3":"status-publish","4":"format-standard","5":"has-post-thumbnail","7":"category-espana","8":"tag-breaking-news","9":"tag-breakingnews","10":"tag-directo","11":"tag-es","12":"tag-espana","13":"tag-featured-news","14":"tag-featurednews","15":"tag-fiscal","16":"tag-general","17":"tag-headlines","18":"tag-hora","19":"tag-jornada","20":"tag-juicio","21":"tag-latest-news","22":"tag-latestnews","23":"tag-news","24":"tag-noticias","25":"tag-noticias-destacadas","26":"tag-noticiasdestacadas","27":"tag-spain","28":"tag-tercera","29":"tag-titulares","30":"tag-ultima","31":"tag-ultimas-noticias","32":"tag-ultimasnoticias"},"share_on_mastodon":{"url":"https:\/\/pubeurope.com\/@es\/115499599476864183","error":""},"_links":{"self":[{"href":"https:\/\/www.europesays.com\/es\/wp-json\/wp\/v2\/posts\/220619","targetHints":{"allow":["GET"]}}],"collection":[{"href":"https:\/\/www.europesays.com\/es\/wp-json\/wp\/v2\/posts"}],"about":[{"href":"https:\/\/www.europesays.com\/es\/wp-json\/wp\/v2\/types\/post"}],"author":[{"embeddable":true,"href":"https:\/\/www.europesays.com\/es\/wp-json\/wp\/v2\/users\/2"}],"replies":[{"embeddable":true,"href":"https:\/\/www.europesays.com\/es\/wp-json\/wp\/v2\/comments?post=220619"}],"version-history":[{"count":0,"href":"https:\/\/www.europesays.com\/es\/wp-json\/wp\/v2\/posts\/220619\/revisions"}],"wp:featuredmedia":[{"embeddable":true,"href":"https:\/\/www.europesays.com\/es\/wp-json\/wp\/v2\/media\/220620"}],"wp:attachment":[{"href":"https:\/\/www.europesays.com\/es\/wp-json\/wp\/v2\/media?parent=220619"}],"wp:term":[{"taxonomy":"category","embeddable":true,"href":"https:\/\/www.europesays.com\/es\/wp-json\/wp\/v2\/categories?post=220619"},{"taxonomy":"post_tag","embeddable":true,"href":"https:\/\/www.europesays.com\/es\/wp-json\/wp\/v2\/tags?post=220619"}],"curies":[{"name":"wp","href":"https:\/\/api.w.org\/{rel}","templated":true}]}}