{"id":220625,"date":"2025-11-05T23:12:12","date_gmt":"2025-11-05T23:12:12","guid":{"rendered":"https:\/\/www.europesays.com\/es\/220625\/"},"modified":"2025-11-05T23:12:12","modified_gmt":"2025-11-05T23:12:12","slug":"grandes-ausencias-favoritos-horarios-y-donde-ver","status":"publish","type":"post","link":"https:\/\/www.europesays.com\/es\/220625\/","title":{"rendered":"grandes ausencias, favoritos, horarios y d\u00f3nde ver"},"content":{"rendered":"<p>Tras unas primeras semanas de temporada de ciclocross en las que los principales protagonistas han ido tomando el pulso a la competici\u00f3n, llega la primera gran cita del calendario a lo largo del fin de semana del 8 y 9 de noviembre con la disputa del Campeonato de Europa de Ciclocross que tendr\u00e1 como escenario la localidad belga de Middelkerke.<\/p>\n<p><img class=\" lazyload\" border=\"0\" alt=\"Campeonato de Europa CX 2025: grandes ausencias, favoritos, horarios y d\u00f3nde ver\" width=\"1024\" height=\"512\"  data-\/><\/p>\n<p>A la vista de las \u00faltimas carreras, el Campeonato de Europa de CX se presenta bastante incierto aunque, eso s\u00ed, con tres ciclistas que destacan en el rol de favorito para alzarse con el t\u00edtulo continental.<\/p>\n<p>El primero en cuesti\u00f3n es el aspirante a revalidar el t\u00edtulo conseguido la temporada pasada. Hablamos de un Thibau Nys que debut\u00f3 el fin de semana pasado con una brutal exhibici\u00f3n en el dur\u00edsimo circuito siempre embarrado del Koppenbergcross. No pudo corroborar su dominio al d\u00eda siguiente en una carrera en la que comenzaba retrasado y sufr\u00eda diversos problemas con su bicicleta, dejando incluso algunas im\u00e1genes de un tremendo enfado, que le hac\u00edan perder el liderato del X2O.<\/p>\n<p><img class=\" lazyload\" border=\"0\" alt=\"Campeonato de Europa CX 2025: grandes ausencias, favoritos, horarios y d\u00f3nde ver\" width=\"832\" height=\"468\"  data-\/><\/p>\n<p>Su gran rival deber\u00eda ser Michael Vanthourenhout quien lleva un comienzo de temporada descomunal en la que, salvo por su abandono en el Koppenbergcross, cuenta sus participaciones por podios, entre ellos 3 victorias y, de ellas, dos en las carreras disputadas de Superprestigio, lo que le sit\u00faan como l\u00edder destacado de esta competici\u00f3n.<\/p>\n<p>El tercer aspirante al t\u00edtulo europeo deber\u00eda ser un Joris Nieuwenhuis que parece haber encontrado su mejor versi\u00f3n, la misma que le llev\u00f3 . a la plata mundialista hace dos temporadas, o primer humano tras un imbatible Van der Poel. Una liberaci\u00f3n tras la irregular temporada 2024-25 en la que un herpes z\u00f3ster que se le complic\u00f3 supuso un retraso en toda su preparaci\u00f3n y en su debut en la campa\u00f1a, lo que propici\u00f3 que no llegara a poder mostrar su verdadero nivel. Pese a unos resultados un tanto irregulares en lo que llevamos de temporada, la victoria el pasado domingo en la prueba de X2O de Lokeren, por la contundencia con la que se produjo, le sit\u00faa entre los favoritos para repetir en Middelkerke.<\/p>\n<p><img class=\" lazyload\" border=\"0\" alt=\"Campeonato de Europa CX 2025: grandes ausencias, favoritos, horarios y d\u00f3nde ver\" width=\"1920\" height=\"1280\"  data-\/><\/p>\n<p>En un segundo escal\u00f3n podr\u00edamos a\u00f1adir a ciclistas que, si tienen su d\u00eda de inspiraci\u00f3n claramente la pueden liar. Ciclocrosistas de la talla de Niels Vandeputte, Laurens Sweeck o, por qu\u00e9 no, el propio Felipe Orts podr\u00edan, pese a su irregular comienzo de temporada, dar la sorpresa en el Campeonato de Europa de CX.<\/p>\n<p>Tan destacables como los favoritos son las grandes ausencias de esta carrera, comenzando por los tres grandes: Mathieu van der Poel, Wout van Aert y Tom Pidcock que ni siguiera han anunciado un amago de calendario para esta temporada del barro. De hecho, el brit\u00e1nico es m\u00e1s que probable que ni siquiera realice campa\u00f1a de ciclocross decidido a buscar el m\u00e1ximo rendimiento en la carretera tras comprobar su potencial con el podio logrado en La Vuelta.<\/p>\n<p><img class=\" lazyload\" border=\"0\" alt=\"Campeonato de Europa CX 2025: grandes ausencias, favoritos, horarios y d\u00f3nde ver\" width=\"3840\" height=\"2560\"  data-\/><\/p>\n<p>Tambi\u00e9n hay que contar entre las ausencias, esta m\u00e1s relevante, a un Eli Iserbyt se ve\u00eda obligado a pasar por el quir\u00f3fano para ser operado de sus problemas recurrentes en la arteria iliaca lo que, seguramente, tambi\u00e9n suponga que se pierda gran parte, sino toda, la actual campa\u00f1a de ciclocross.<\/p>\n<p>La localidad belga de Middelkerke es la encargada de acoger esta temporada 2025-26 la disputa del Campeonato de Europa de Ciclocross. Una peque\u00f1a poblaci\u00f3n ubicada a orillas del mar del norte, lugar de meteorolog\u00eda habitualmente desapacible y fuertes vientos que, sin duda, endurecer\u00e1n la jornada.<\/p>\n<p><img class=\" lazyload\" border=\"0\" alt=\"Campeonato de Europa CX 2025: grandes ausencias, favoritos, horarios y d\u00f3nde ver\" width=\"2560\" height=\"1325\"  data-\/><\/p>\n<p>El trazado del Europeo se encuentra dibujado dentro del las instalaciones militares de Lombardsijde, a\u00f1adiendo al habitual dise\u00f1o ratonero que domina hoy en d\u00eda los circuitos de la especialidad el paso de un tramo por la propia arena de la playa que, adem\u00e1s de dejarnos unas im\u00e1genes espectaculares, a buen seguro que resultar\u00e1 decisivo para el desenlace de la prueba al encontrarse en el tercio final de cada vuelta.<\/p>\n<p>S\u00e1bado 8 de noviembre de 2025<\/p>\n<ul>&#13;<\/p>\n<li>11:00 \u2013 Junior femenina<\/li>\n<p>&#13;<\/p>\n<li>13:00 \u2013 Sub23 masculino<\/li>\n<p>&#13;<\/p>\n<li>15:00 \u2013 \u00c9lite femenina<\/li>\n<p>&#13;\n<\/ul>\n<p>Domingo 9 de noviembre de 2025<\/p>\n<ul>&#13;<\/p>\n<li>11:00 \u2013 Junior femenino<\/li>\n<p>&#13;<\/p>\n<li>13:00 \u2013 Sub23 femenina<\/li>\n<p>&#13;<\/p>\n<li>15:00 \u2013 \u00c9lite masculino<\/li>\n<p>&#13;\n<\/ul>\n<p>Como es habitual, nuestra opci\u00f3n para seguir el Campeonato de Europa de CX pasan por Eurosport y la plataforma online HBO-Max que emitir\u00e1n tanto la carrera \u00c9lite Femenina como la masculina en los horarios que indic\u00e1bamos en el punto anterior, es decir, el s\u00e1bado a las 15h las mujeres y el domingo a la misma hora los hombres. Ambas carreras se emitir\u00e1n tanto a trav\u00e9s de HBO-Max como a trav\u00e9s del canal Eurosport2 adem\u00e1s de ofrecerse m\u00faltiples redifusiones tanto la tarde posterior a la prueba como en los sucesivos d\u00edas.<\/p>\n","protected":false},"excerpt":{"rendered":"Tras unas primeras semanas de temporada de ciclocross en las que los principales protagonistas han ido tomando el&hellip;\n","protected":false},"author":2,"featured_media":220626,"comment_status":"","ping_status":"","sticky":false,"template":"","format":"standard","meta":{"footnotes":""},"categories":[273],"tags":[313,312,168,25,24,23,167],"class_list":{"0":"post-220625","1":"post","2":"type-post","3":"status-publish","4":"format-standard","5":"has-post-thumbnail","7":"category-ciclismo","8":"tag-ciclismo","9":"tag-cycling","10":"tag-deportes","11":"tag-es","12":"tag-espana","13":"tag-spain","14":"tag-sports"},"share_on_mastodon":{"url":"https:\/\/pubeurope.com\/@es\/115499626848088444","error":""},"_links":{"self":[{"href":"https:\/\/www.europesays.com\/es\/wp-json\/wp\/v2\/posts\/220625","targetHints":{"allow":["GET"]}}],"collection":[{"href":"https:\/\/www.europesays.com\/es\/wp-json\/wp\/v2\/posts"}],"about":[{"href":"https:\/\/www.europesays.com\/es\/wp-json\/wp\/v2\/types\/post"}],"author":[{"embeddable":true,"href":"https:\/\/www.europesays.com\/es\/wp-json\/wp\/v2\/users\/2"}],"replies":[{"embeddable":true,"href":"https:\/\/www.europesays.com\/es\/wp-json\/wp\/v2\/comments?post=220625"}],"version-history":[{"count":0,"href":"https:\/\/www.europesays.com\/es\/wp-json\/wp\/v2\/posts\/220625\/revisions"}],"wp:featuredmedia":[{"embeddable":true,"href":"https:\/\/www.europesays.com\/es\/wp-json\/wp\/v2\/media\/220626"}],"wp:attachment":[{"href":"https:\/\/www.europesays.com\/es\/wp-json\/wp\/v2\/media?parent=220625"}],"wp:term":[{"taxonomy":"category","embeddable":true,"href":"https:\/\/www.europesays.com\/es\/wp-json\/wp\/v2\/categories?post=220625"},{"taxonomy":"post_tag","embeddable":true,"href":"https:\/\/www.europesays.com\/es\/wp-json\/wp\/v2\/tags?post=220625"}],"curies":[{"name":"wp","href":"https:\/\/api.w.org\/{rel}","templated":true}]}}