{"id":220663,"date":"2025-11-05T23:43:18","date_gmt":"2025-11-05T23:43:18","guid":{"rendered":"https:\/\/www.europesays.com\/es\/220663\/"},"modified":"2025-11-05T23:43:18","modified_gmt":"2025-11-05T23:43:18","slug":"hoy-abres-una-revista-de-metal-y-parece-un-catalogo-de-disfraces-para-juegos-de-rol-tobias-sammet-avantasia-no-entiende-a-las-bandas-que-usan-mascaras","status":"publish","type":"post","link":"https:\/\/www.europesays.com\/es\/220663\/","title":{"rendered":"\u00abHoy abres una revista de metal y parece un cat\u00e1logo de disfraces para juegos de rol\u00bb: Tobias Sammet (Avantasia) no entiende a las bandas que usan m\u00e1scaras"},"content":{"rendered":"<p data-start=\"267\" data-end=\"545\">A principios de los a\u00f1os 70, la banda <strong data-start=\"305\" data-end=\"322\">The Residents<\/strong>, de la que a d\u00eda de hoy no se conoce la identidad de sus integrantes, comenz\u00f3 a utilizar m\u00e1scaras. Ten\u00edan una est\u00e9tica de lo m\u00e1s pintoresca: llevaban globos oculares en la cabeza, un sombrero de copa negro y un esmoquin. Este concepto ha influido en muchas agrupaciones actuales, entre las que podemos destacar a <strong data-start=\"639\" data-end=\"651\">Slipknot<\/strong>, <strong data-start=\"653\" data-end=\"669\">Mushroomhead<\/strong> o <strong data-start=\"672\" data-end=\"681\">Ghost<\/strong>, entre otros. Pero para <strong data-start=\"701\" data-end=\"718\">Tobias Sammet<\/strong>, vocalista de <strong data-start=\"733\" data-end=\"746\">Avantasia<\/strong>, todo esto se nos ha ido de las manos.<\/p>\n<p data-start=\"793\" data-end=\"979\">En una entrevista con la emisora brasile\u00f1a <a target=\"_blank\" href=\"https:\/\/www.radio.es\/s\/kissfmsaopaulo\" rel=\"nofollow noopener\"><strong>92.5 Kiss FM<\/strong><\/a>, le preguntaron cu\u00e1nto cree que influye la producci\u00f3n cinematogr\u00e1fica y art\u00edstica de un concierto en la experiencia del p\u00fablico: \u201cYo crec\u00ed con bandas como <strong>Kiss<\/strong> y <strong>Queen<\/strong>, y tambi\u00e9n con <strong>Bon Jovi<\/strong> y <strong>Def Leppard<\/strong> haciendo esos espect\u00e1culos en el centro del p\u00fablico, cara a cara, con el escenario en medio. Todo era enorme, brillante, con fuegos artificiales, una locura total, con melenas, hombreras y poses gigantescas. Esa es la m\u00fasica con la que crec\u00ed.<\/p>\n<p data-start=\"1306\" data-end=\"1732\">La verdad es que nunca entend\u00ed mucho al grunge, donde los m\u00fasicos miraban sus zapatos mientras tocaban, como diciendo: \u00abAqu\u00ed estamos, entretenednos\u00bb. No, sois vosotros los que nos tienen que entretener. Los que est\u00e1n sobre el escenario son los que tienen que entretener al p\u00fablico, no al rev\u00e9s. El p\u00fablico no tiene que entretener a la banda. As\u00ed que crec\u00ed con una forma de entender la m\u00fasica completamente diferente\u00bb.<\/p>\n<p data-start=\"1734\" data-end=\"1851\"><strong data-start=\"1734\" data-end=\"1744\">Tobias<\/strong> continu\u00f3 explicando c\u00f3mo debe ser una buena puesta en escena, al menos como lo concibe \u00e9l personalmente: \u201cQuiero teatralidad. Quiero un espect\u00e1culo, quiero un show. Puede ser algo b\u00e1sico, como <strong>AC\/DC<\/strong> en 1980 o 1979 con <strong>Bon Scott<\/strong>, pero aun as\u00ed era teatral. Era un tipo vestido con uniforme escolar mostrando el trasero, bailando como un loco. Y luego estaba Bon Scott con sus jeans rotos, parado ah\u00ed como una estrella del rock. Segu\u00eda siendo un show y creo que as\u00ed es como tiene que ser: un espect\u00e1culo\u00bb.<\/p>\n<p><a target=\"_blank\" href=\"https:\/\/www.europesays.com\/es\/wp-content\/uploads\/2025\/11\/avantasia-2025-madrid-alfonsoD-1.jpg\"><img fetchpriority=\"high\" decoding=\"async\" class=\"size-full wp-image-355724\" src=\"https:\/\/www.europesays.com\/es\/wp-content\/uploads\/2025\/11\/avantasia-2025-madrid-alfonsoD-1.jpg\" alt=\"\" width=\"467\" height=\"700\"  \/><\/a>Avantasia en Madrid (2025). Foto: Alfonso D\u00e1vila<\/p>\n<p data-start=\"2256\" data-end=\"2364\">Pero considera fundamental que la est\u00e9tica y la puesta en escena no eclipsen lo m\u00e1s importante: la m\u00fasica:\u00a0\u201cNo quiero que el show se interponga en el camino de la m\u00fasica. Esa es siempre una l\u00ednea muy fina, porque cuando veo a Freddie Mercury de Queen, \u00e9l nunca se interpone en el camino de la m\u00fasica. <\/p>\n<p data-start=\"2256\" data-end=\"2364\">Cuando sub\u00eda al escenario, era \u00e9l mismo. Hac\u00eda que el mundo entero lo viera. Y as\u00ed es como hay que abordarlo, porque es como entrar en la jaula de un le\u00f3n. Como l\u00edder, te pones frente a 10.000 personas y tienes el puesto m\u00e1s importante, y solo puedes lograrlo si tienes confianza y si presentas un espect\u00e1culo y dices: \u00abAqu\u00ed estoy, miradme, lo hago por vosotros. Lo hago por m\u00ed mismo. \u00a1Pas\u00e9moslo genial y demos un buen espect\u00e1culo!\u2019\u201d.<\/p>\n<p data-start=\"2999\" data-end=\"3231\">As\u00ed como The Residents fueron pr\u00e1cticamente pioneros en utilizar m\u00e1scaras, artistas como <strong data-start=\"3092\" data-end=\"3108\">Alice Cooper<\/strong> o Kiss fueron algunos de los m\u00e1s influyentes a la hora de usar maquillaje. Sammet cree que \u00faltimamente se est\u00e1 abusando de estos recursos: \u201cLo que no entiendo, la verdad, es que muchas bandas hoy en d\u00eda usan m\u00e1scaras y todo el mundo se llena de sangre, y parece casi un baile de m\u00e1scaras, un carnaval. Quiero decir, cada uno tiene que hacerlo como quiera. <\/p>\n<p data-start=\"2999\" data-end=\"3231\">Kiss tambi\u00e9n usaba maquillaje, pero, aun as\u00ed, era una amplificaci\u00f3n de la m\u00fasica, de su espect\u00e1culo. Hoy, cuando abres una revista de metal, parece un cat\u00e1logo de disfraces para juegos de rol en vivo. Es como si uno fuera un gladiador, otro un lobo, otro esto, aquello, esto, lo otro. Cada uno tiene que conocerse a s\u00ed mismo, pero no quiero que el espect\u00e1culo distraiga de la m\u00fasica\u2026 Y tiene que haber equilibrio\u00bb.<\/p>\n<p style=\"text-align: center;\" data-start=\"2999\" data-end=\"3231\">\n<p data-start=\"3868\" data-end=\"3971\">Adem\u00e1s, explic\u00f3 c\u00f3mo aborda \u00e9l la puesta en escena desde la perspectiva de frontman de Avantasia: \u201cMi filosof\u00eda siempre ha sido: queremos dar un espect\u00e1culo. Quiero ser un showman. Salgo al escenario y no cambio. No es un baile de m\u00e1scaras. Cuando me pongo mi sombrero de copa y mi abrigo, salgo al escenario para encantar. Mi ropa es una extensi\u00f3n de mi personalidad. <\/p>\n<p data-start=\"3868\" data-end=\"3971\">No s\u00e9 si un casco de gladiador o un casco vikingo sean una extensi\u00f3n de la personalidad, a menos que uno est\u00e9 un poco chiflado. Para m\u00ed, es solo una extensi\u00f3n, y siempre busco el equilibrio perfecto. Quiero que la gente disfrute de la m\u00fasica y de los elementos visuales que la acompa\u00f1an, pero sin que estos distraigan de ella\u00bb.<\/p>\n<p data-start=\"4650\" data-end=\"4868\">El d\u00e9cimo \u00e1lbum de estudio de Avantasia,<a target=\"_blank\" href=\"https:\/\/mariskalrock.com\/actualidad\/critica-de-avantasia-here-be-dragons\/\" rel=\"nofollow noopener\"> <strong>&#8216;<\/strong><strong>Here Be Dragons&#8217;<\/strong><\/a>, se public\u00f3 en febrero a trav\u00e9s de <strong data-start=\"4748\" data-end=\"4766\">Napalm Records<\/strong>. El disco, compuesto por diez temas, fue escrito \u00edntegramente por el propio Sammet.<\/p>\n<p style=\"text-align: center;\"><a target=\"_blank\" href=\"https:\/\/tienda.mariskalrock.com\/producto\/la-heavy-469-ya-a-la-venta-con-avantasia-en-portada-y-100-paginas-al-mismo-precio\/\" rel=\"nofollow noopener\"><img decoding=\"async\" class=\"aligncenter size-full wp-image-351686\" src=\"https:\/\/www.europesays.com\/es\/wp-content\/uploads\/2025\/11\/la-heavy-469-FB-ok.jpg\" alt=\"\"\/><\/a><\/p>\n<p><strong>Avantasia<\/strong>, con <strong>Tobias Sammet<\/strong> a la cabeza, se hizo con la portada del <strong><a href=\"https:\/\/tienda.mariskalrock.com\/producto\/la-heavy-469-ya-a-la-venta-con-avantasia-en-portada-y-100-paginas-al-mismo-precio\/\" target=\"_blank\" rel=\"noopener nofollow\">n\u00famero 469 de La Heavy<\/a><\/strong>, Destacan tambi\u00e9n entre las 100 p\u00e1ginas de este n\u00famero\u00a0 <strong>Jethro Tull, Gotthard, Steven Wilson<\/strong> y todo lo que sucedi\u00f3 en <strong>70000TONS OF METAL<\/strong>. <a target=\"_blank\" href=\"https:\/\/tienda.mariskalrock.com\/producto\/la-heavy-469-ya-a-la-venta-con-avantasia-en-portada-y-100-paginas-al-mismo-precio\/\" rel=\"nofollow noopener\"><strong>Visita nuestra tienda online<\/strong><\/a> para no perderte nada.<\/p>\n<p style=\"text-align: center;\" data-start=\"4650\" data-end=\"4868\">\n<p>                         <a target=\"_blank\" href=\"http:\/\/www.mariskalrock.com\" class=\"url\" title=\"Alfonso Herreros\" rel=\"nofollow noopener\"> <img loading=\"lazy\" decoding=\"async\" alt=\"Alfonso Herreros\" src=\"https:\/\/www.europesays.com\/es\/wp-content\/uploads\/2025\/11\/26c6e9bbf17d5bd012e077614c37eae6ad0f217989dda0aede0e4c1fcfe3ae72\"  class=\"avatar avatar-250 photo\" height=\"250\" width=\"250\"\/><\/a>  <a href=\"http:\/\/www.mariskalrock.com\" class=\"url\" target=\"_blank\" title=\"Alfonso Herreros\" rel=\"nofollow noopener\"><img loading=\"lazy\" decoding=\"async\" alt=\"Alfonso Herreros\" src=\"https:\/\/www.europesays.com\/es\/wp-content\/uploads\/2025\/11\/26c6e9bbf17d5bd012e077614c37eae6ad0f217989dda0aede0e4c1fcfe3ae72\"  class=\"avatar avatar-250 photo\" height=\"250\" width=\"250\"\/><\/a>\u00daltimas entradas de Alfonso Herreros (<a target=\"_blank\" href=\"https:\/\/mariskalrock.com\/author\/alfonso-herreros\/\" rel=\"nofollow noopener\">ver todo<\/a>)  <\/p>\n","protected":false},"excerpt":{"rendered":"A principios de los a\u00f1os 70, la banda The Residents, de la que a d\u00eda de hoy no&hellip;\n","protected":false},"author":2,"featured_media":220664,"comment_status":"","ping_status":"","sticky":false,"template":"","format":"standard","meta":{"footnotes":""},"categories":[170],"tags":[4620,58766,17371,58480,146,147,25,24,30175,58767,4272,4622,58768,184,185,5585,3208,23,58769],"class_list":{"0":"post-220663","1":"post","2":"type-post","3":"status-publish","4":"format-standard","5":"has-post-thumbnail","7":"category-musica","8":"tag-ac-dc","9":"tag-avantasia","10":"tag-bon-jovi","11":"tag-def-leppard","12":"tag-entertainment","13":"tag-entretenimiento","14":"tag-es","15":"tag-espana","16":"tag-ghost","17":"tag-here-be-dragons","18":"tag-kiss","19":"tag-mr2022","20":"tag-mushroomhead","21":"tag-music","22":"tag-musica","23":"tag-queen","24":"tag-slipknot","25":"tag-spain","26":"tag-tobias-sammet"},"share_on_mastodon":{"url":"https:\/\/pubeurope.com\/@es\/115499748972746919","error":""},"_links":{"self":[{"href":"https:\/\/www.europesays.com\/es\/wp-json\/wp\/v2\/posts\/220663","targetHints":{"allow":["GET"]}}],"collection":[{"href":"https:\/\/www.europesays.com\/es\/wp-json\/wp\/v2\/posts"}],"about":[{"href":"https:\/\/www.europesays.com\/es\/wp-json\/wp\/v2\/types\/post"}],"author":[{"embeddable":true,"href":"https:\/\/www.europesays.com\/es\/wp-json\/wp\/v2\/users\/2"}],"replies":[{"embeddable":true,"href":"https:\/\/www.europesays.com\/es\/wp-json\/wp\/v2\/comments?post=220663"}],"version-history":[{"count":0,"href":"https:\/\/www.europesays.com\/es\/wp-json\/wp\/v2\/posts\/220663\/revisions"}],"wp:featuredmedia":[{"embeddable":true,"href":"https:\/\/www.europesays.com\/es\/wp-json\/wp\/v2\/media\/220664"}],"wp:attachment":[{"href":"https:\/\/www.europesays.com\/es\/wp-json\/wp\/v2\/media?parent=220663"}],"wp:term":[{"taxonomy":"category","embeddable":true,"href":"https:\/\/www.europesays.com\/es\/wp-json\/wp\/v2\/categories?post=220663"},{"taxonomy":"post_tag","embeddable":true,"href":"https:\/\/www.europesays.com\/es\/wp-json\/wp\/v2\/tags?post=220663"}],"curies":[{"name":"wp","href":"https:\/\/api.w.org\/{rel}","templated":true}]}}