{"id":220675,"date":"2025-11-05T23:51:08","date_gmt":"2025-11-05T23:51:08","guid":{"rendered":"https:\/\/www.europesays.com\/es\/220675\/"},"modified":"2025-11-05T23:51:08","modified_gmt":"2025-11-05T23:51:08","slug":"ayuso-sobre-el-juicio-al-fiscal-general-apelo-a-que-jueces-fiscales-y-periodistas-defiendan-el-estado-de-derecho-noticias-de-madrid","status":"publish","type":"post","link":"https:\/\/www.europesays.com\/es\/220675\/","title":{"rendered":"Ayuso, sobre el juicio al fiscal general: \u201cApelo a que jueces, fiscales y periodistas defiendan el Estado de derecho\u201d | Noticias de Madrid"},"content":{"rendered":"<p class=\"\">Isabel D\u00edaz Ayuso vive una semana de muchas pasiones. <a href=\"https:\/\/elpais.com\/espana\/2025-11-05\/los-periodistas-tienen-la-palabra-en-el-juicio-al-fiscal.html\" target=\"_self\" rel=\"nofollow noopener\" title=\"https:\/\/elpais.com\/espana\/2025-11-05\/los-periodistas-tienen-la-palabra-en-el-juicio-al-fiscal.html\">En el Tribunal Supremo se juzga<\/a> estos d\u00edas un caso que le ha provocado muchos desvelos, uno en el que su pareja, Alberto Gonz\u00e1lez Amador, procesado por fraude fiscal, es uno de los grandes protagonistas. Gonz\u00e1lez Amador ofreci\u00f3 este martes su testimonio en la causa contra el fiscal general, \u00c1lvaro Garc\u00eda Ortiz, al que se le acusa de un delito de revelaci\u00f3n de secretos por filtrar a la prensa, presuntamente, un correo electr\u00f3nico del abogado de Alberto Gonz\u00e1lez Amador, pareja de la presidenta de la Comunidad de Madrid, en el que admit\u00eda que su cliente hab\u00eda cometido dos delitos fiscales.<\/p>\n<p class=\"\">La causa tiene tintes dram\u00e1ticos para la pareja, si nos atenemos a las declaraciones de Gonz\u00e1lez Amador, que lleg\u00f3 a decir que en alguna ocasi\u00f3n hab\u00eda dudado entre <a href=\"https:\/\/elpais.com\/espana\/2025-11-04\/la-pareja-de-ayuso-se-presenta-como-victima-del-fiscal-general-me-voy-de-espana-o-me-suicido.html\" target=\"_self\" rel=\"nofollow noopener\" title=\"https:\/\/elpais.com\/espana\/2025-11-04\/la-pareja-de-ayuso-se-presenta-como-victima-del-fiscal-general-me-voy-de-espana-o-me-suicido.html\">suicidarse o irse de Espa\u00f1a.<\/a> Ayuso, en una entrevista con Esradio, ha declarado que trata de ser prudente a la hora de opinar del juicio, del que espera que \u201cse sepa la verdad, que se aplique la ley\u201d. Pero ha emitido una declaraci\u00f3n de calado poco despu\u00e9s: \u201cApelo al patriotismo de todos, a que jueces, fiscales, periodistas, que defiendan el Estado de derecho, un pa\u00eds en convivencia y la verdad. Y que cada uno d\u00e9 su mejor versi\u00f3n en estos momentos\u201d. <\/p>\n<p class=\"\">\u201cAsumir\u00e9 lo que tenga que ser\u201d, ha a\u00f1adido. Instantes despu\u00e9s, ha matizado lo que acababa de decir: \u201cBueno, encima el caso no es m\u00edo, no tengo nada que ver\u201d. A Ayuso le parece una pelea desigual. \u201c\u00bfC\u00f3mo puede ser que un se\u00f1or solo con un abogado est\u00e9 de un lado y, en el otro, tantos fiscales; periodistas; Moncloa metida por medio; el jefe de gabinete; es un abuso de las instituciones?\u201d, ha dicho. Sin embargo, no ha sacado a colaci\u00f3n el papel de su jefe de Gabinete, Miguel \u00c1ngel Rodr\u00edguez, quien tambi\u00e9n ha prestado declaraci\u00f3n como testigo. Rodr\u00edguez ha reconocido que asegur\u00f3, sin pruebas, que <a href=\"https:\/\/elpais.com\/espana\/2025-11-04\/miguel-angel-rodriguez-se-contradice-en-el-supremo-y-alega-que-es-periodista-no-notario.html\" target=\"_self\" rel=\"nofollow noopener\" title=\"https:\/\/elpais.com\/espana\/2025-11-04\/miguel-angel-rodriguez-se-contradice-en-el-supremo-y-alega-que-es-periodista-no-notario.html\">el ministerio p\u00fablico frustr\u00f3 un acuerdo con el novio de Ayuso \u201cpor \u00f3rdenes de arriba\u201d.<\/a> Dijo que se trataba de \u201cuna deducci\u00f3n l\u00f3gica\u201d, no de una informaci\u00f3n fehaciente que manejase. Se ha demostrado que esa afirmaci\u00f3n de Rodr\u00edguez se trataba de un bulo que expandi\u00f3 en grupos de periodistas, ya que los hechos se produjeron justo al rev\u00e9s, el abogado de Gonz\u00e1lez Amador propuso llegar a un acuerdo de conformidad con la fiscal\u00eda a trav\u00e9s de un correo el 2 de febrero de 2024 [y admit\u00eda que su cliente hab\u00eda cometido dos delitos] y la fiscal\u00eda respondi\u00f3 que tomaba nota para poder llevarlo a cabo. <\/p>\n<p class=\"\">La presidenta entr\u00f3 entre aplausos a los estudios de Esradio y estos siguieron cuando ha hablado de la necesidad de un cambio de Gobierno en Espa\u00f1a, de uno socialista a uno del PP, su partido. Ayuso ha actuado de jefa de la oposici\u00f3n nacional, ya que todos los temas que ha tocado conciernen a la pol\u00edtica estatal. \u201cHay que reformar tanto&#8230;\u201d, ha empezado. \u201cRehacer en todos los aspectos leyes ideol\u00f3gicas sectarias que adem\u00e1s hunden a las empresas&#8230; reformas profundas para hacer m\u00e1s competitivas las pymes. Pinganillos en el congreso, fuera. Ley de memoria democr\u00e1tica, fuera. El estatuto del becario, fuera\u201d. <\/p>\n<p class=\"\">Isabel D\u00edaz Ayuso ha pasado las ma\u00f1anas en las que se lleva a cabo<a href=\"https:\/\/elpais.com\/espana\/2025-11-05\/ultima-hora-del-juicio-al-fiscal-general-del-estado-alvaro-ortiz-en-directo.html\" rel=\"nofollow noopener\" title=\"https:\/\/elpais.com\/espana\/2025-11-05\/ultima-hora-del-juicio-al-fiscal-general-del-estado-alvaro-ortiz-en-directo.html\" target=\"_blank\"> el juicio m\u00e1s medi\u00e1tico de los \u00faltimos a\u00f1os<\/a> ocupada en eventos p\u00fablicos y en reuniones privadas con sus consejeros. Su equipo asegura que quer\u00eda estar \u201cenfocada\u201d en sus asuntos, aunque ellos mismos le han informado despu\u00e9s de sus compromisos p\u00fablicos de lo que iba aconteciendo en el juicio. Ayuso, sin embargo, no tuvo nada en la agenda el lunes, d\u00eda en el que empezaba el juicio al fiscal general. Asisti\u00f3, eso s\u00ed, este martes a la inauguraci\u00f3n de una unidad especial para pacientes de ELA en el hospital p\u00fablico Santa Cristina y este mi\u00e9rcoles present\u00f3 un \u201cplan de choque para vivienda\u201d. En ninguno de los eventos hizo referencia a lo que ocurr\u00eda a la misma hora en el Tribunal Supremo. Despu\u00e9s de su visita al hospital, hizo unas declaraciones muy livianas en la que apelaba a la independencia judicial. No ha sido hasta la entrevista de Esradio que se ha expresado con m\u00e1s firmeza sobre el caso.<\/p>\n<p class=\"\">Sus cr\u00edticas contra el Gobierno de Pedro S\u00e1nchez tambi\u00e9n han sido recurrentes. \u201cNos hemos acostumbrado a un Gobierno no solo que est\u00e1 carcomido por la corrupci\u00f3n que nos abochorna a todos. Pero a m\u00ed me parece que la peor de las corrupciones es sobre qui\u00e9n sustenta el pacto de investidura, que es con Bildu, con el brazo pol\u00edtico del terrorismo en Espa\u00f1a. Y a partir de ah\u00ed, es corrupci\u00f3n en todos los sentidos, desde el primer d\u00eda\u201d, ha dicho. <\/p>\n","protected":false},"excerpt":{"rendered":"Isabel D\u00edaz Ayuso vive una semana de muchas pasiones. En el Tribunal Supremo se juzga estos d\u00edas un&hellip;\n","protected":false},"author":2,"featured_media":220676,"comment_status":"","ping_status":"","sticky":false,"template":"","format":"standard","meta":{"footnotes":""},"categories":[8],"tags":[17,18,1467,25,24,13,14,11,19,20,205,9,10,15,16,23,12,21,22],"class_list":{"0":"post-220675","1":"post","2":"type-post","3":"status-publish","4":"format-standard","5":"has-post-thumbnail","7":"category-espana","8":"tag-breaking-news","9":"tag-breakingnews","10":"tag-comunidad-de-madrid","11":"tag-es","12":"tag-espana","13":"tag-featured-news","14":"tag-featurednews","15":"tag-headlines","16":"tag-latest-news","17":"tag-latestnews","18":"tag-madrid","19":"tag-news","20":"tag-noticias","21":"tag-noticias-destacadas","22":"tag-noticiasdestacadas","23":"tag-spain","24":"tag-titulares","25":"tag-ultimas-noticias","26":"tag-ultimasnoticias"},"share_on_mastodon":{"url":"","error":""},"_links":{"self":[{"href":"https:\/\/www.europesays.com\/es\/wp-json\/wp\/v2\/posts\/220675","targetHints":{"allow":["GET"]}}],"collection":[{"href":"https:\/\/www.europesays.com\/es\/wp-json\/wp\/v2\/posts"}],"about":[{"href":"https:\/\/www.europesays.com\/es\/wp-json\/wp\/v2\/types\/post"}],"author":[{"embeddable":true,"href":"https:\/\/www.europesays.com\/es\/wp-json\/wp\/v2\/users\/2"}],"replies":[{"embeddable":true,"href":"https:\/\/www.europesays.com\/es\/wp-json\/wp\/v2\/comments?post=220675"}],"version-history":[{"count":0,"href":"https:\/\/www.europesays.com\/es\/wp-json\/wp\/v2\/posts\/220675\/revisions"}],"wp:featuredmedia":[{"embeddable":true,"href":"https:\/\/www.europesays.com\/es\/wp-json\/wp\/v2\/media\/220676"}],"wp:attachment":[{"href":"https:\/\/www.europesays.com\/es\/wp-json\/wp\/v2\/media?parent=220675"}],"wp:term":[{"taxonomy":"category","embeddable":true,"href":"https:\/\/www.europesays.com\/es\/wp-json\/wp\/v2\/categories?post=220675"},{"taxonomy":"post_tag","embeddable":true,"href":"https:\/\/www.europesays.com\/es\/wp-json\/wp\/v2\/tags?post=220675"}],"curies":[{"name":"wp","href":"https:\/\/api.w.org\/{rel}","templated":true}]}}