{"id":220681,"date":"2025-11-05T23:58:12","date_gmt":"2025-11-05T23:58:12","guid":{"rendered":"https:\/\/www.europesays.com\/es\/220681\/"},"modified":"2025-11-05T23:58:12","modified_gmt":"2025-11-05T23:58:12","slug":"este-chico-va-a-ganar-el-mr-olympia","status":"publish","type":"post","link":"https:\/\/www.europesays.com\/es\/220681\/","title":{"rendered":"Este chico va a ganar el Mr. Olympia"},"content":{"rendered":"<p class=\"ft-text\"><strong>Fouad Abiad<\/strong>, exculturista profesional canadiense y figura de referencia en la comunidad del culturismo (con 447 mil seguidores en Instagram), <strong>ha sorprendido con unas declaraciones que han dado un giro radical a su opini\u00f3n sobre Joan Pradells<\/strong>. En un reciente comentario en el podcast &#8216;Fouad Abiad Media&#8217;, Abiad habl\u00f3 claro.<\/p>\n<p class=\"ft-text\">Su predicci\u00f3n es la siguiente:<strong> \u00abEste chico va a ganar el Mr. Olympia en los pr\u00f3ximos cinco a\u00f1os<\/strong>. Es un fen\u00f3meno, cuando alcance su m\u00e1ximo, va a despegar. S\u00f3lo tiene que ajustar sus poses\u00bb, una afirmaci\u00f3n contundente que contrasta con sus palabras de hace solo unos meses, cuando se mostr\u00f3 extremadamente cr\u00edtico con el estado f\u00edsico del valenciano. \u00abEs un maldito &#8216;freak&#8217;, t\u00edo, mira esas piernas, lo ancho que es, es enorme. <strong>Y es muy joven, tiene 26 a\u00f1os<\/strong>\u00ab, comentaron los tertulianos.<\/p>\n<p class=\"ft-text\"><strong>Abiad<\/strong>, nacido en Windsor (Ontario) en 1978, fue competidor de la IFBB y alcanz\u00f3 la \u00e9lite a mediados de la d\u00e9cada de 2000. Durante su carrera particip\u00f3 en eventos tan prestigiosos como el <strong>Arnold Classic<\/strong> y el <strong>Toronto Pro Show<\/strong>. Tras su retirada de los escenarios, se consolid\u00f3 como analista y comunicador en el \u00e1mbito del fitness siendo una de las voces m\u00e1s influyentes del culturismo profesional.<\/p>\n<p>SU CAMBIO DE DISCURSO<\/p>\n<p class=\"ft-text\">La contundencia de su nueva valoraci\u00f3n sorprende especialmente si se recuerdan las palabras que Abiad dedic\u00f3 a <strong>Pradells<\/strong> antes de su &#8216;redebut&#8217; en el <strong>Reino Unido<\/strong>. En aquel momento, no dud\u00f3 en calificar el estado del espa\u00f1ol como insuficiente: \u00ab<strong>Est\u00e1 a 24 semanas, t\u00edo\u00bb<\/strong>, lleg\u00f3 a decir, insinuando que el f\u00edsico de Pradells no estaba ni cerca del nivel competitivo exigido para el certamen. Sin embargo, el descomunal rendimiento competitivo del valenciano le ha obligado a recoger el cable.<\/p>\n<p class=\"ft-text\">Sus <strong>comentarios<\/strong>, respaldados por los de otras voces contrastadas como Seth Feroce, Paul Lauzon, Akim Williams o Iain Valliere <strong>fueron a\u00fan m\u00e1s duros<\/strong>: <a class=\"ft-link ft-link--decoration\" href=\"https:\/\/www.sport.es\/es\/noticias\/deportes\/expertos-culturismo-destrozan-fisico-joan-122712551\" rel=\"nofollow noopener\" target=\"_blank\">\u00abNi siquiera est\u00e1 cerca. \u00bfPor qu\u00e9 est\u00e1 tan gordo, qu\u00e9 pas\u00f3?<\/a> \u00bfCinco d\u00edas? Esto es una mierda. \u00bfQu\u00e9 est\u00e1 pasando aqu\u00ed, d\u00f3nde est\u00e1n sus isquiotibiales? Menuda decepci\u00f3n\u00bb.<\/p>\n<p class=\"ft-text\"><strong>Aquellas cr\u00edticas generaron revuelo entre los seguidores del culturismo<\/strong>, especialmente en Espa\u00f1a, donde Joan Pradells cuenta con un apoyo masivo. Sin embargo, el propio rendimiento de Pradells en los \u00faltimos meses (<strong>top 3 en Reino Unido, top 5 en Praga y segundo en Polonia<\/strong>) parece haber modificado la percepci\u00f3n del canadiense, que ahora no solo reconoce su progreso, sino que lo sit\u00faa como un potencial ganador del t\u00edtulo m\u00e1s prestigioso del mundo.<\/p>\n","protected":false},"excerpt":{"rendered":"Fouad Abiad, exculturista profesional canadiense y figura de referencia en la comunidad del culturismo (con 447 mil seguidores&hellip;\n","protected":false},"author":2,"featured_media":220682,"comment_status":"","ping_status":"","sticky":false,"template":"","format":"standard","meta":{"footnotes":""},"categories":[273],"tags":[313,1144,312,168,25,24,58770,58771,23,167],"class_list":{"0":"post-220681","1":"post","2":"type-post","3":"status-publish","4":"format-standard","5":"has-post-thumbnail","7":"category-ciclismo","8":"tag-ciclismo","9":"tag-culturismo","10":"tag-cycling","11":"tag-deportes","12":"tag-es","13":"tag-espana","14":"tag-joan-pradells","15":"tag-mr-olympia","16":"tag-spain","17":"tag-sports"},"share_on_mastodon":{"url":"https:\/\/pubeurope.com\/@es\/115499807781998358","error":""},"_links":{"self":[{"href":"https:\/\/www.europesays.com\/es\/wp-json\/wp\/v2\/posts\/220681","targetHints":{"allow":["GET"]}}],"collection":[{"href":"https:\/\/www.europesays.com\/es\/wp-json\/wp\/v2\/posts"}],"about":[{"href":"https:\/\/www.europesays.com\/es\/wp-json\/wp\/v2\/types\/post"}],"author":[{"embeddable":true,"href":"https:\/\/www.europesays.com\/es\/wp-json\/wp\/v2\/users\/2"}],"replies":[{"embeddable":true,"href":"https:\/\/www.europesays.com\/es\/wp-json\/wp\/v2\/comments?post=220681"}],"version-history":[{"count":0,"href":"https:\/\/www.europesays.com\/es\/wp-json\/wp\/v2\/posts\/220681\/revisions"}],"wp:featuredmedia":[{"embeddable":true,"href":"https:\/\/www.europesays.com\/es\/wp-json\/wp\/v2\/media\/220682"}],"wp:attachment":[{"href":"https:\/\/www.europesays.com\/es\/wp-json\/wp\/v2\/media?parent=220681"}],"wp:term":[{"taxonomy":"category","embeddable":true,"href":"https:\/\/www.europesays.com\/es\/wp-json\/wp\/v2\/categories?post=220681"},{"taxonomy":"post_tag","embeddable":true,"href":"https:\/\/www.europesays.com\/es\/wp-json\/wp\/v2\/tags?post=220681"}],"curies":[{"name":"wp","href":"https:\/\/api.w.org\/{rel}","templated":true}]}}