{"id":220691,"date":"2025-11-06T00:06:16","date_gmt":"2025-11-06T00:06:16","guid":{"rendered":"https:\/\/www.europesays.com\/es\/220691\/"},"modified":"2025-11-06T00:06:16","modified_gmt":"2025-11-06T00:06:16","slug":"kerry-king-elige-entre-metallica-y-megadeth-con-una-sorpresiva-frase","status":"publish","type":"post","link":"https:\/\/www.europesays.com\/es\/220691\/","title":{"rendered":"Kerry King elige entre Metallica y Megadeth con una sorpresiva frase"},"content":{"rendered":"<p><strong>Kerry King<\/strong>, hist\u00f3rico guitarrista de Slayer, no tuvo reparos en dar su veredicto cuando le pidieron elegir entre dos gigantes del thrash metal. Durante una entrevista para el canal de YouTube Reigning TV, el m\u00fasico <strong>fue consultado por si prefer\u00eda<\/strong> <strong>a<\/strong> <strong>Metallica o a Megadeth<\/strong>, y su respuesta no pas\u00f3 desapercibida.<\/p>\n<p>El intercambio se dio al final de una charla junto a <strong>Mark Osegueda<\/strong>, vocalista de Death Angel y de la nueva banda de King. Ambos participaron de un juego donde ten\u00edan que elegir entre distintos artistas y bandas. <\/p>\n<p>La primera pregunta fue directa: \u00ab<a href=\"https:\/\/indiehoy.com\/historias\/james-hetfield-cancion-favorita-de-nirvana\/\" target=\"_blank\" rel=\"noreferrer noopener nofollow\">James Hetfield<\/a> o Dave Mustaine?\u00bb. Osegueda no dud\u00f3 y respondi\u00f3 \u00ab\u00a1Het!\u00bb, mientras King agreg\u00f3: \u00ab<strong>James Hetfield. Perd\u00f3n, Dave, s\u00e9 que toqu\u00e9 en tu banda, pero me quedo con James<\/strong>\u00ab.<\/p>\n<p><img loading=\"lazy\" decoding=\"async\" width=\"1200\" height=\"800\" src=\"https:\/\/www.europesays.com\/es\/wp-content\/uploads\/2025\/11\/metallica.jpg\" alt=\"James Hetfield.\" class=\"wp-image-431300\"  \/>James Hetfield. Foto: Facebook de Metallica \/ Brett Murray &amp; Jeff Yeager.<\/p>\n<p>King apunt\u00f3 a los primeros d\u00edas de la banda de Mustaine, cuando lleg\u00f3 a tocar por un lapso de tiempo breve despu\u00e9s de su expulsi\u00f3n de Metallica. M\u00e1s adelante, cuando la consigna fue \u00abMetallica o <a href=\"https:\/\/indiehoy.com\/noticias\/megadeth-incluira-un-cover-de-metallica-en-su-ultimo-disco\/\" target=\"_blank\" rel=\"noreferrer noopener nofollow\">Megadeth<\/a>?\u00bb, ambos repitieron su favoritismo por la banda de Hetfield. Sin embargo, King fue un paso m\u00e1s all\u00e1 y expres\u00f3: \u00ab<strong>Metallica tiene un cantante. Perd\u00f3n, Dave<\/strong>\u00ab.<\/p>\n<p>Como era de esperarse, el comentario de King se viraliz\u00f3 r\u00e1pidamente entre los fan\u00e1ticos del metal, quienes recordaron la hist\u00f3rica rivalidad entre Mustaine y sus excompa\u00f1eros de <a href=\"https:\/\/indiehoy.com\/historias\/los-3-mejores-discos-de-metallica\/\" target=\"_blank\" rel=\"noreferrer noopener nofollow\">Metallica<\/a>. Una historia larga y con cientos de cap\u00edtulos, marcada por egos, reconciliaciones parciales y <a href=\"https:\/\/indiehoy.com\/noticias\/dave-mustaine-sobre-metallica-robaron-el-riff-de-enter-sandman-de-otra-banda\/\" target=\"_blank\" rel=\"noreferrer noopener nofollow\">declaraciones cruzadas<\/a>.<\/p>\n<p>Por su parte, Megadeth <a href=\"https:\/\/indiehoy.com\/noticias\/megadeth-regresa-a-sudamerica-por-ultima-vez\/\" target=\"_blank\" rel=\"noreferrer noopener nofollow\">anunci\u00f3 su regreso a Sudam\u00e9rica en 2026<\/a>, en el marco de su gira de despedida titulada This Was Our\u2026 Life Tour. Si bien no hubo un anuncio oficial, la banda confirm\u00f3 en <a href=\"https:\/\/www.megadeth.com\/pages\/tour\" target=\"_blank\" rel=\"noreferrer noopener nofollow\">su sitio web<\/a> que se presentar\u00e1 el 30 de abril en el pa\u00eds.<\/p>\n","protected":false},"excerpt":{"rendered":"Kerry King, hist\u00f3rico guitarrista de Slayer, no tuvo reparos en dar su veredicto cuando le pidieron elegir entre&hellip;\n","protected":false},"author":2,"featured_media":220692,"comment_status":"","ping_status":"","sticky":false,"template":"","format":"standard","meta":{"footnotes":""},"categories":[170],"tags":[146,147,25,24,13321,479,184,185,23],"class_list":{"0":"post-220691","1":"post","2":"type-post","3":"status-publish","4":"format-standard","5":"has-post-thumbnail","7":"category-musica","8":"tag-entertainment","9":"tag-entretenimiento","10":"tag-es","11":"tag-espana","12":"tag-megadeth","13":"tag-metallica","14":"tag-music","15":"tag-musica","16":"tag-spain"},"share_on_mastodon":{"url":"https:\/\/pubeurope.com\/@es\/115499839433036341","error":""},"_links":{"self":[{"href":"https:\/\/www.europesays.com\/es\/wp-json\/wp\/v2\/posts\/220691","targetHints":{"allow":["GET"]}}],"collection":[{"href":"https:\/\/www.europesays.com\/es\/wp-json\/wp\/v2\/posts"}],"about":[{"href":"https:\/\/www.europesays.com\/es\/wp-json\/wp\/v2\/types\/post"}],"author":[{"embeddable":true,"href":"https:\/\/www.europesays.com\/es\/wp-json\/wp\/v2\/users\/2"}],"replies":[{"embeddable":true,"href":"https:\/\/www.europesays.com\/es\/wp-json\/wp\/v2\/comments?post=220691"}],"version-history":[{"count":0,"href":"https:\/\/www.europesays.com\/es\/wp-json\/wp\/v2\/posts\/220691\/revisions"}],"wp:featuredmedia":[{"embeddable":true,"href":"https:\/\/www.europesays.com\/es\/wp-json\/wp\/v2\/media\/220692"}],"wp:attachment":[{"href":"https:\/\/www.europesays.com\/es\/wp-json\/wp\/v2\/media?parent=220691"}],"wp:term":[{"taxonomy":"category","embeddable":true,"href":"https:\/\/www.europesays.com\/es\/wp-json\/wp\/v2\/categories?post=220691"},{"taxonomy":"post_tag","embeddable":true,"href":"https:\/\/www.europesays.com\/es\/wp-json\/wp\/v2\/tags?post=220691"}],"curies":[{"name":"wp","href":"https:\/\/api.w.org\/{rel}","templated":true}]}}