{"id":220723,"date":"2025-11-06T00:36:09","date_gmt":"2025-11-06T00:36:09","guid":{"rendered":"https:\/\/www.europesays.com\/es\/220723\/"},"modified":"2025-11-06T00:36:09","modified_gmt":"2025-11-06T00:36:09","slug":"leon-xiv-lo-decisivo-no-es-ordenarse-sino-ser-verdaderamente-sacerdotes","status":"publish","type":"post","link":"https:\/\/www.europesays.com\/es\/220723\/","title":{"rendered":"Le\u00f3n XIV: Lo decisivo no es ordenarse, sino ser verdaderamente sacerdotes"},"content":{"rendered":"<p>El Pont\u00edfice envi\u00f3 una carta al Seminario Mayor \u201cSan Carlos y San Marcelo\u201d de Trujillo con motivo de sus 400 a\u00f1os de fundaci\u00f3n. En el texto, exhorta a los futuros presb\u00edteros a cultivar una vocaci\u00f3n libre, madura y configurada con Cristo, sostenida por la oraci\u00f3n, el estudio y la fraternidad.<\/p>\n<p style=\"text-align: justify;\">Sebasti\u00e1n Sans\u00f3n Ferrari &#8211; Ciudad del Vaticano<\/p>\n<p style=\"text-align: justify;\">Con ocasi\u00f3n del IV centenario del Seminario Mayor Arquidiocesano \u201cSan Carlos y San Marcelo\u201d de Trujillo, el Papa Le\u00f3n XIV dirigi\u00f3 una carta llena de afecto, memoria y orientaci\u00f3n espiritual a los seminaristas, formadores y obispos del Per\u00fa. \u201cDamos gracias al Se\u00f1or por los cuatro siglos de historia de este seminario\u201d, escribi\u00f3 el Santo Padre, recordando tambi\u00e9n su propio paso por esa casa de formaci\u00f3n, donde sirvi\u00f3 como profesor y director de estudios.<\/p>\n<p style=\"text-align: justify;\">El Pont\u00edfice destac\u00f3 que la tarea esencial del seminario sigue siendo la misma de siempre: \u201cestar con el Se\u00f1or, dejar que \u00c9l los forme, conocerlo y amarlo, para poder parecerse a \u00c9l\u201d.<\/p>\n<p style=\"text-align: justify;\"><a href=\"https:\/\/press.vatican.va\/content\/salastampa\/it\/bollettino\/pubblico\/2025\/11\/05\/0833\/01489.html\" rel=\"external nofollow noopener\" target=\"_blank\"><b>LEE EL TEXTO COMPLETO DE LA CARTA DEL SANTO PADRE AQU\u00cd<\/b><\/a><\/p>\n<p>La libertad y la pureza de intenci\u00f3n <\/p>\n<p style=\"text-align: justify;\">Le\u00f3n XIV invit\u00f3 a los seminaristas a revisar sus motivaciones m\u00e1s profundas, insistiendo en que el sacerdocio no puede entenderse como una meta externa o una simple promoci\u00f3n personal. \u201cEl sacerdocio no es una huida de lo que no se quiere enfrentar, ni un refugio ante dificultades; tampoco una promoci\u00f3n o un resguardo, sino un don total de la existencia\u201d, afirm\u00f3.<\/p>\n<p style=\"text-align: justify;\">Cit\u00f3 a san Agust\u00edn para recordar que \u201cse es verdaderamente libre cuando no se es esclavo\u201d, y advirti\u00f3 que s\u00f3lo quien se entrega desde la libertad puede vivir el ministerio como un servicio aut\u00e9ntico al pueblo de Dios. \u201cLo decisivo no es ordenarse, sino ser verdaderamente sacerdotes\u201d, subray\u00f3.<\/p>\n<p>Oraci\u00f3n, estudio y discernimiento continuo <\/p>\n<p style=\"text-align: justify;\">El Papa explic\u00f3 que la vida en el seminario es \u201cun camino de rectificaci\u00f3n interior\u201d, en el que el discernimiento y la sinceridad ante Dios y los formadores son esenciales para crecer en madurez y libertad.<\/p>\n<p style=\"text-align: justify;\">Record\u00f3 que el coraz\u00f3n del seminarista se forma en el trato personal con Jes\u00fas, a trav\u00e9s de la oraci\u00f3n y la escucha de la Palabra: \u201c\u00a1No puede hablar de Dios el que poco habla con Dios!\u201d.<\/p>\n<p style=\"text-align: justify;\">Asimismo, subray\u00f3 el valor del estudio teol\u00f3gico como forma de amor y de servicio: \u201cQuien se forma para ser sacerdote no dedica tiempo a lo acad\u00e9mico por mera erudici\u00f3n, sino por fidelidad a su vocaci\u00f3n\u201d. En este contexto, evoc\u00f3 las palabras de san Alberto Hurtado: \u201c\u00a1Especial\u00edzate en Jesucristo!\u201d.<\/p>\n<p>Eucarist\u00eda y paternidad sacerdotal <\/p>\n<p style=\"text-align: justify;\">El Santo Padre puntualiz\u00f3 que la vida espiritual e intelectual del seminarista encuentra su plenitud en el altar, donde se aprende a ofrecer la propia vida junto con Cristo. \u201cLa Eucarist\u00eda deja de verse s\u00f3lo como un rito y se convierte en el verdadero centro de la existencia\u201d, expres\u00f3.<\/p>\n<p style=\"text-align: justify;\">Desde esta uni\u00f3n con Cristo brota la paternidad sacerdotal: \u201cSer padre no es algo que se hace, sino algo que se es\u201d, asegur\u00f3. El sacerdote, explic\u00f3, lleva en su coraz\u00f3n al pueblo entero, sufre con \u00e9l y lo acompa\u00f1a en sus luchas, transparentando as\u00ed el amor del Padre.<\/p>\n<p>Evitar la mediocridad y vivir en comuni\u00f3n <\/p>\n<p style=\"text-align: justify;\">El Obispo de Roma exhort\u00f3 a los seminaristas a \u201chuir de la mediocridad\u201d y a no dejarse atrapar por la mundanidad, el activismo, la dispersi\u00f3n digital o las ideolog\u00edas. Tambi\u00e9n advirti\u00f3 sobre el riesgo de la soledad sacerdotal: \u201cUn sacerdote aislado es vulnerable. La Iglesia necesita pastores santos que se entreguen juntos, no funcionarios solitarios\u201d.<\/p>\n<p style=\"text-align: justify;\">El Papa destac\u00f3 la importancia de la fraternidad y la comuni\u00f3n sacerdotal como signos de una vida entregada y cre\u00edble: \u201cS\u00f3lo as\u00ed podr\u00e1n ser testigos aut\u00e9nticos de la comuni\u00f3n que predican\u201d.<\/p>\n<p>\u201cNunca est\u00e1n solos en este camino\u201d <\/p>\n<p style=\"text-align: justify;\">Al concluir, el Pont\u00edfice asegur\u00f3 a los seminaristas su cercan\u00eda y oraci\u00f3n: \u201cTienen un lugar en el coraz\u00f3n del Sucesor de Pedro. El seminario es un don inmenso y exigente, pero nunca est\u00e1n solos en este camino\u201d.<\/p>\n<p style=\"text-align: justify;\">El Papa evoc\u00f3 la figura de santo Toribio de Mogrovejo e invit\u00f3 a aprovechar cada d\u00eda como \u201cun tesoro irrepetible\u201d. Finalmente, confi\u00f3 a todos a la protecci\u00f3n de la Virgen Mar\u00eda y de san Jos\u00e9, \u201cprimeros formadores del Sumo y Eterno Sacerdote\u201d, impartiendo de coraz\u00f3n su Bendici\u00f3n Apost\u00f3lica.<\/p>\n","protected":false},"excerpt":{"rendered":"El Pont\u00edfice envi\u00f3 una carta al Seminario Mayor \u201cSan Carlos y San Marcelo\u201d de Trujillo con motivo de&hellip;\n","protected":false},"author":2,"featured_media":220724,"comment_status":"","ping_status":"","sticky":false,"template":"","format":"standard","meta":{"footnotes":""},"categories":[42],"tags":[9807,17,18,13,14,11,61,62,63,64,19,20,8079,9,10,15,16,12359,400,705,16303,58774,12,21,22,27087,65,66,67],"class_list":{"0":"post-220723","1":"post","2":"type-post","3":"status-publish","4":"format-standard","5":"has-post-thumbnail","7":"category-internacional","8":"tag-aniversario","9":"tag-breaking-news","10":"tag-breakingnews","11":"tag-featured-news","12":"tag-featurednews","13":"tag-headlines","14":"tag-internacional","15":"tag-international","16":"tag-international-news","17":"tag-internationalnews","18":"tag-latest-news","19":"tag-latestnews","20":"tag-mensaje","21":"tag-news","22":"tag-noticias","23":"tag-noticias-destacadas","24":"tag-noticiasdestacadas","25":"tag-oracion","26":"tag-papa-leon-xiv","27":"tag-peru","28":"tag-sacerdotes","29":"tag-seminaristas","30":"tag-titulares","31":"tag-ultimas-noticias","32":"tag-ultimasnoticias","33":"tag-vocaciones","34":"tag-world","35":"tag-world-news","36":"tag-worldnews"},"share_on_mastodon":{"url":"https:\/\/pubeurope.com\/@es\/115499957189198897","error":""},"_links":{"self":[{"href":"https:\/\/www.europesays.com\/es\/wp-json\/wp\/v2\/posts\/220723","targetHints":{"allow":["GET"]}}],"collection":[{"href":"https:\/\/www.europesays.com\/es\/wp-json\/wp\/v2\/posts"}],"about":[{"href":"https:\/\/www.europesays.com\/es\/wp-json\/wp\/v2\/types\/post"}],"author":[{"embeddable":true,"href":"https:\/\/www.europesays.com\/es\/wp-json\/wp\/v2\/users\/2"}],"replies":[{"embeddable":true,"href":"https:\/\/www.europesays.com\/es\/wp-json\/wp\/v2\/comments?post=220723"}],"version-history":[{"count":0,"href":"https:\/\/www.europesays.com\/es\/wp-json\/wp\/v2\/posts\/220723\/revisions"}],"wp:featuredmedia":[{"embeddable":true,"href":"https:\/\/www.europesays.com\/es\/wp-json\/wp\/v2\/media\/220724"}],"wp:attachment":[{"href":"https:\/\/www.europesays.com\/es\/wp-json\/wp\/v2\/media?parent=220723"}],"wp:term":[{"taxonomy":"category","embeddable":true,"href":"https:\/\/www.europesays.com\/es\/wp-json\/wp\/v2\/categories?post=220723"},{"taxonomy":"post_tag","embeddable":true,"href":"https:\/\/www.europesays.com\/es\/wp-json\/wp\/v2\/tags?post=220723"}],"curies":[{"name":"wp","href":"https:\/\/api.w.org\/{rel}","templated":true}]}}