{"id":220777,"date":"2025-11-06T01:27:32","date_gmt":"2025-11-06T01:27:32","guid":{"rendered":"https:\/\/www.europesays.com\/es\/220777\/"},"modified":"2025-11-06T01:27:32","modified_gmt":"2025-11-06T01:27:32","slug":"tenemos-muchas-diferencias-pero-la-salud-de-los-trabajadores-no-es-una-de-ellas-prensa-actualidad-trabajo-y-economia-social","status":"publish","type":"post","link":"https:\/\/www.europesays.com\/es\/220777\/","title":{"rendered":"\u00abTenemos muchas diferencias, pero la salud de los trabajadores no es una de ellas\u00bb [Prensa\/Actualidad\/Trabajo y Econom\u00eda Social]"},"content":{"rendered":"<p class=\"main-image\">&#13; <img decoding=\"async\" alt=\"La ministra de Trabajo y Econom\u00eda Social, Yolanda D\u00edaz, conmemora los 30 a\u00f1os de la Ley de Prevenci\u00f3n de Riesgos Laborales\" title=\"La ministra de Trabajo y Econom\u00eda Social, Yolanda D\u00edaz, conmemora los 30 a\u00f1os de la Ley de Prevenci\u00f3n de Riesgos Laborales\" src=\"https:\/\/www.europesays.com\/es\/wp-content\/uploads\/2025\/11\/051125-diaz-mesa-prevencion-riesgos.jpg\"\/>&#13;La ministra de Trabajo y Econom\u00eda Social, Yolanda D\u00edaz, en la conmemoraci\u00f3n de los 30 a\u00f1os de la Ley 31\/1995 de Prevenci\u00f3n de Riesgos Laborales.&#13;&#13;<\/p>\n<p>La vicepresidenta segunda y ministra de Trabajo y Econom\u00eda Social, Yolanda D\u00edaz, ha inaugurado la jornada t\u00e9cnica celebrada para conmemorar los 30 a\u00f1os de la <a href=\"https:\/\/www.boe.es\/buscar\/act.php?id=BOE-A-1995-24292\" title=\"Ley 31\/1995, de 8 de noviembre, de Prevenci\u00f3n de Riesgos Laborales\" target=\"_blank\" onclick=\"javascript:GoogleTrackEvent(&#039;True&#039;,&#039;Contenido&#039;,&#039;Click&#039;,&#039;[https:\/\/www.lamoncloa.gob.es\/serviciosdeprensa\/notasprensa\/trabajo14\/Paginas\/2025\/051125-diaz-mesa-prevencion-riesgos.aspx] Ley 31\/1995 de Prevenci\u00f3n de Riesgos Laborales,. [https:\/\/www.boe.es\/buscar\/act.php?id=BOE-A-1995-24292]&#039;);\" rel=\"nofollow noopener\">Ley 31\/1995 de Prevenci\u00f3n de Riesgos Laborales,<\/a> reclamando el consenso a los agentes sociales para sacar adelante la futura ley de prevenci\u00f3n de riesgos laborales, que actualmente se est\u00e1 negociando en la mesa de di\u00e1logo social.<\/p>\n<p>Prevenci\u00f3n, un derecho y una mejora para la persona trabajadora<\/p>\n<p>La ley de 1995 supuso un punto de inflexi\u00f3n e incorpor\u00f3 \u00abuna nueva cultura de prevenci\u00f3n y la responsabilidad de las empresas\u00bb, ha se\u00f1alado la ministra. D\u00edaz ha celebrado c\u00f3mo a lo largo de estas tres d\u00e9cadas se han incorporado en el \u00e1mbito del trabajo los t\u00e9rminos de seguridad y salud laboral, as\u00ed como los efectos de la legislaci\u00f3n, que ha conseguido reducir casi a la mitad la cifra de muertes en accidentes de trabajo (de las cerca de 1.500 muertes en 1990 a las 677 registradas el a\u00f1o pasado).<\/p>\n<p>\u00abEstas cifras siguen siendo muy graves y nos exigen actuar\u00bb, ha asegurado la vicepresidenta, instando a los interlocutores sociales a concluir antes de que acabe el mes y con consenso el acuerdo que actualmente se est\u00e1 negociando en la mesa de di\u00e1logo social sobre la futura ley de prevenci\u00f3n de riesgos laborales.<\/p>\n<p>Consenso tripartito para aprobar la nueva norma<\/p>\n<p>\u00abLa seguridad y salud tambi\u00e9n se promueven con la reforma laboral, los ERTE y la subida del salario m\u00ednimo. Reducir la precariedad laboral significa reducir accidentes de trabajo, ganar salud\u00bb, ha asegurado D\u00edaz, quien ha abogado tambi\u00e9n por afrontar las nuevas realidades en el trabajo sobre la base de la <a href=\"https:\/\/www.boe.es\/diario_boe\/txt.php?id=BOE-A-2023-10283\" title=\"Estrategia Espa\u00f1ola de Seguridad y Salud en el Trabajo 2023-2027\" target=\"_blank\" onclick=\"javascript:GoogleTrackEvent(&#039;True&#039;,&#039;Contenido&#039;,&#039;Click&#039;,&#039;[https:\/\/www.lamoncloa.gob.es\/serviciosdeprensa\/notasprensa\/trabajo14\/Paginas\/2025\/051125-diaz-mesa-prevencion-riesgos.aspx] Estrategia Espa\u00f1ola de Seguridad y Salud en el Trabajo 2023-2027,. [https:\/\/www.boe.es\/diario_boe\/txt.php?id=BOE-A-2023-10283]&#039;);\" rel=\"nofollow noopener\">Estrategia Espa\u00f1ola de Seguridad y Salud en el Trabajo 2023-2027,<\/a> \u00abpuntera en Europa y alineada con la pol\u00edtica sanitaria\u00bb.<\/p>\n<p>La titular de Trabajo ha reclamado el consenso en la mesa de di\u00e1logo social que est\u00e1 trabajando en la nueva ley y ha destacado que sea fruto del acuerdo con los agentes sociales y las comunidades aut\u00f3nomas a trav\u00e9s de la <a href=\"https:\/\/www.insst.es\/cnsst\" title=\"Comisi\u00f3n Nacional de Seguridad y Salud en el Trabajo\" onclick=\"javascript:GoogleTrackEvent(&#039;True&#039;,&#039;Contenido&#039;,&#039;Click&#039;,&#039;[https:\/\/www.lamoncloa.gob.es\/serviciosdeprensa\/notasprensa\/trabajo14\/Paginas\/2025\/051125-diaz-mesa-prevencion-riesgos.aspx] Comisi\u00f3n Nacional de Seguridad y Salud en el Trabajo.. [https:\/\/www.insst.es\/cnsst]&#039;);\" rel=\"nofollow noopener\" target=\"_blank\">Comisi\u00f3n Nacional de Seguridad y Salud en el Trabajo.<\/a> \u00abTenemos muchas diferencias, pero la salud de los trabajadores no es una de ellas\u00bb, ha asegurado D\u00edaz.<\/p>\n<p>Asimismo, ha subrayado la modernidad de la futura ley, que responde a los retos de la \u00e9poca con enfoques y herramientas del siglo XXI. \u00abPonemos la inteligencia artificial, los algoritmos al servicio de la salud y del progreso de la mayor\u00eda social\u00bb, ha insistido D\u00edaz.<\/p>\n<p>Prevenci\u00f3n con las grandes transformaciones en el horizonte <\/p>\n<p>Con la nueva ley, se introducir\u00e1n regulaciones m\u00e1s estrictas sobre agentes cancer\u00edgenos, biol\u00f3gicos y qu\u00edmicos, actualizando los Valores L\u00edmite Ambientales, se mejorar\u00e1n los sistemas de informaci\u00f3n y registro de accidentes de trabajo o el cuadro de enfermedades profesionales. Tambi\u00e9n se prev\u00e9 intensificar la acci\u00f3n de la Inspecci\u00f3n de Trabajo y Seguridad Social. Y todo ello tendr\u00e1 asegurado adem\u00e1s una perspectiva de g\u00e9nero, lo que va a permitir actuar sobre colectivos feminizados de forma m\u00e1s precisa y eficaz.<\/p>\n<p>La vicepresidenta D\u00edaz ha anunciado adem\u00e1s que 2026 ser\u00e1 declarado A\u00f1o de la Seguridad y Salud en el Trabajo.<\/p>\n<p>Reconocimiento al INSST<\/p>\n<p>El acto \u00abPrevenci\u00f3n de riesgos laborales: 30 a\u00f1os de historia afrontando desaf\u00edos\u00bb se est\u00e1 celebrando en Madrid, en el <a href=\"https:\/\/www.insst.es\/\" title=\"Instituto Nacional de Seguridad y Salud en el Trabajo\" target=\"_blank\" onclick=\"javascript:GoogleTrackEvent(&#039;True&#039;,&#039;Contenido&#039;,&#039;Click&#039;,&#039;[https:\/\/www.lamoncloa.gob.es\/serviciosdeprensa\/notasprensa\/trabajo14\/Paginas\/2025\/051125-diaz-mesa-prevencion-riesgos.aspx] Instituto Nacional de Seguridad y Salud en el Trabajo. [https:\/\/www.insst.es\/]&#039;);\" rel=\"nofollow noopener\">Instituto Nacional de Seguridad y Salud en el Trabajo<\/a> (INSST), el organismo cient\u00edfico-t\u00e9cnico del Ministerio de Trabajo y Econom\u00eda Social especializado en prevenci\u00f3n de riesgos laborales. D\u00edaz ha querido subrayar de forma expresa su gratitud a las expertas y expertos que forman parte del INSST por la labor que han venido realizando para mejorar la salud de las personas trabajadoras.<\/p>\n<p>Expertos analizan la evoluci\u00f3n y el futuro de la prevenci\u00f3n<\/p>\n<p>La jornada, que se celebra en el INSST, cuenta con cuatro mesas tem\u00e1ticas que analizan la evoluci\u00f3n y las \u00e1reas de mejora de la normativa preventiva desde distintas perspectivas:<\/p>\n<ul>\n<li>En la primera de ellas se han abordado los principales logros y limitaciones de la Ley, especialmente en las peque\u00f1as empresas, desde un punto de vista acad\u00e9mico y normativo. <\/li>\n<li>A continuaci\u00f3n, representantes de las principales organizaciones sindicales y empresariales analizar\u00e1n el papel del di\u00e1logo social como pilar fundamental del sistema preventivo y apuntar\u00e1n la necesidad de adaptar la Ley a las nuevas formas de empleo y organizaci\u00f3n del trabajo. <\/li>\n<li>En la tercera mesa se plantear\u00e1n casos reales que evidencian los retos de la prevenci\u00f3n en las pymes, la infradeclaraci\u00f3n de enfermedades profesionales y la gesti\u00f3n de los riesgos psicosociales. <\/li>\n<li>Por \u00faltimo, en la mesa dedicada a abordar los riesgos emergentes derivados de las altas temperaturas y otros efectos del cambio clim\u00e1tico, Miguel \u00c1ngel Gonz\u00e1lez, hijo de una v\u00edctima de accidente de trabajo por golpe de calor, compartir\u00e1 su vivencia con la reclamaci\u00f3n de adaptar los entornos laborales y la normativa a esta nueva realidad.<\/li>\n<\/ul>\n<p>Con esta jornada t\u00e9cnica, el INSST reafirma su compromiso con una cultura preventiva s\u00f3lida que contribuya a reducir accidentes de trabajo y enfermedades profesionales y garantice entornos laborales seguros y saludables, en l\u00ednea con la Estrategia Espa\u00f1ola de Seguridad y Salud en el Trabajo 2023-2027 y los objetivos de la <a href=\"https:\/\/www.un.org\/sustainabledevelopment\/es\/\" title=\"Agenda 2030\" target=\"_blank\" onclick=\"javascript:GoogleTrackEvent(&#039;True&#039;,&#039;Contenido&#039;,&#039;Click&#039;,&#039;[https:\/\/www.lamoncloa.gob.es\/serviciosdeprensa\/notasprensa\/trabajo14\/Paginas\/2025\/051125-diaz-mesa-prevencion-riesgos.aspx] Agenda 2030.. [https:\/\/www.un.org\/sustainabledevelopment\/es\/]&#039;);\" rel=\"nofollow noopener\">Agenda 2030.<\/a><\/p>\n","protected":false},"excerpt":{"rendered":"&#13; &#13;La ministra de Trabajo y Econom\u00eda Social, Yolanda D\u00edaz, en la conmemoraci\u00f3n de los 30 a\u00f1os de&hellip;\n","protected":false},"author":2,"featured_media":220778,"comment_status":"","ping_status":"","sticky":false,"template":"","format":"standard","meta":{"footnotes":""},"categories":[5],"tags":[517,17,18,25,24,13,14,11,19,20,9,10,15,16,2330,23,12,58782,21,22],"class_list":{"0":"post-220777","1":"post","2":"type-post","3":"status-publish","4":"format-standard","5":"has-post-thumbnail","7":"category-titulares","8":"tag-actualidad","9":"tag-breaking-news","10":"tag-breakingnews","11":"tag-es","12":"tag-espana","13":"tag-featured-news","14":"tag-featurednews","15":"tag-headlines","16":"tag-latest-news","17":"tag-latestnews","18":"tag-news","19":"tag-noticias","20":"tag-noticias-destacadas","21":"tag-noticiasdestacadas","22":"tag-prensa","23":"tag-spain","24":"tag-titulares","25":"tag-trabajo-y-economia-social","26":"tag-ultimas-noticias","27":"tag-ultimasnoticias"},"share_on_mastodon":{"url":"https:\/\/pubeurope.com\/@es\/115500157724210516","error":""},"_links":{"self":[{"href":"https:\/\/www.europesays.com\/es\/wp-json\/wp\/v2\/posts\/220777","targetHints":{"allow":["GET"]}}],"collection":[{"href":"https:\/\/www.europesays.com\/es\/wp-json\/wp\/v2\/posts"}],"about":[{"href":"https:\/\/www.europesays.com\/es\/wp-json\/wp\/v2\/types\/post"}],"author":[{"embeddable":true,"href":"https:\/\/www.europesays.com\/es\/wp-json\/wp\/v2\/users\/2"}],"replies":[{"embeddable":true,"href":"https:\/\/www.europesays.com\/es\/wp-json\/wp\/v2\/comments?post=220777"}],"version-history":[{"count":0,"href":"https:\/\/www.europesays.com\/es\/wp-json\/wp\/v2\/posts\/220777\/revisions"}],"wp:featuredmedia":[{"embeddable":true,"href":"https:\/\/www.europesays.com\/es\/wp-json\/wp\/v2\/media\/220778"}],"wp:attachment":[{"href":"https:\/\/www.europesays.com\/es\/wp-json\/wp\/v2\/media?parent=220777"}],"wp:term":[{"taxonomy":"category","embeddable":true,"href":"https:\/\/www.europesays.com\/es\/wp-json\/wp\/v2\/categories?post=220777"},{"taxonomy":"post_tag","embeddable":true,"href":"https:\/\/www.europesays.com\/es\/wp-json\/wp\/v2\/tags?post=220777"}],"curies":[{"name":"wp","href":"https:\/\/api.w.org\/{rel}","templated":true}]}}