{"id":220794,"date":"2025-11-06T01:45:19","date_gmt":"2025-11-06T01:45:19","guid":{"rendered":"https:\/\/www.europesays.com\/es\/220794\/"},"modified":"2025-11-06T01:45:19","modified_gmt":"2025-11-06T01:45:19","slug":"ramon-arcusa-del-duo-dinamico-denuncia-la-censura-de-dos-de-sus-canciones-en-spotify-por-la-locura-woke","status":"publish","type":"post","link":"https:\/\/www.europesays.com\/es\/220794\/","title":{"rendered":"Ram\u00f3n Arcusa del D\u00fao Din\u00e1mico denuncia la censura de dos de sus canciones en Spotify por la \u00ablocura woke\u00bb"},"content":{"rendered":"<p style=\"\">\u00abLocura woke\u00bb. As\u00ed ha definido <strong>Ram\u00f3n Arcusa, del D\u00fao Din\u00e1mico,<\/strong> la supuesta censura que habr\u00eda llevado a Spotify a eliminar dos de sus canciones en la versi\u00f3n estadounidense de la plataforma. Se trata de &#8216;Quince a\u00f1os tiene mi amor&#8217; y &#8216;Yo busco una  &#8230; muchacha como t\u00fa&#8217;, dos temas fundamentales del imaginario colectivo espa\u00f1ol escritos en los a\u00f1os 60 por Arcusa y el <a href=\"https:\/\/www.abc.es\/cultura\/cultura-despide-manuel-calva-ninguna-persona-grande-20250827185716-nt.html\" title=\"www.abc.es\" data-voc-vtm-id=\"in-text-traffic\" data-mrf-link=\"www.abc.es\" rel=\"nofollow noopener\" target=\"_blank\">recientemente fallecido Manolo de la Calva<\/a>, que no es la primera vez que han sido sacados de contexto.<\/p>\n<p class=\"voc-p\" style=\"\">En esta denuncia p\u00fablica, hecha a trav\u00e9s de su cuenta de X.com, aclara que \u00aben Espa\u00f1a todav\u00eda no se han atrevido a hacerlo y todo est\u00e1 bien: esas canciones se escuchan perfectamente\u00bb. No por ello el cantante ha dejado pasar lo que se\u00f1ala como \u00abun problema de fondo\u00bb.<\/p>\n<p class=\"voc-p\" style=\"\">Seg\u00fan \u00e9l, en ambas canciones \u00abla \u00fanica malicia est\u00e1 en la <strong>mente obtusa de los censores,<\/strong> esa plaga de in\u00fatiles que ven mal en lo ajeno y aplauden sus propias miserias\u00bb. Es cierto que algunas de sus letras han provocado las cr\u00edticas de quienes consideran inapropiado escribir una canci\u00f3n rom\u00e1ntica que remite a una menor de edad, como en &#8216;Quince a\u00f1os tiene mi amor&#8217;, probable causa de su eliminaci\u00f3n por parte de Spotify, aunque en la otra canci\u00f3n, &#8216;Yo busco una muchacha como t\u00fa&#8217;, no se alude a una edad concreta.<\/p>\n<p class=\"voc-p\" style=\"\">Arcusa ya denunci\u00f3 una situaci\u00f3n de censura con una plataforma en 2021. Comparti\u00f3 en redes sociales una captura de pantalla de la canci\u00f3n &#8216;Esos ojitos negros&#8217;, reproducida en Amazon Music, donde en vez de \u00abnegros\u00bb aparec\u00eda \u00abn****s\u00bb. El vocalista se pregunt\u00f3 entonces: \u00ab\u00bfEs una canci\u00f3n racista?\u00bb.<\/p>\n<p class=\"voc-p\" style=\"\">Desde hace unos a\u00f1os se han <a href=\"https:\/\/www.abc.es\/play\/television\/noticias\/duo-dinamico-carga-nebulossa-vaticina-mal-resultado-20240510141505-nt.html\" title=\"www.abc.es\" data-voc-vtm-id=\"in-text-traffic\" data-mrf-link=\"www.abc.es\" rel=\"nofollow noopener\" target=\"_blank\">generado pol\u00e9micas,<\/a> especialmente en redes sociales, aunque tambi\u00e9n por figuras en medios de comunicaci\u00f3n, que han acusado este aspecto de sus letras mediante una interpretaci\u00f3n que, denuncia el vocalista, est\u00e1 sacada de contexto. Arcusa ha explicado en otro post al hilo de la conversaci\u00f3n el significado detr\u00e1s de estas letras: \u00abLo que se cuenta en una canci\u00f3n o en una novela no tiene por qu\u00e9 haberla vivido el autor. Arreglaos estar\u00edamos. <strong>&#8216;Quince a\u00f1os tiene mi amor&#8217;<\/strong> es una canci\u00f3n que hicimos como homenaje a la mujer en la flor de la vida, a nuestras fans concretamente, y sin ninguna malicia\u00bb.<\/p>\n<blockquote class=\"twitter-tweet\">\n<p lang=\"es\" dir=\"ltr\">Ya he aclarado lo del tuit anterior, que el pantallazo de ese Spotify es de EEUU, y donde han prohibido esas dos canciones, pero por lo visto no lo est\u00e1n en Espa\u00f1a aunque algunos lo quisieran. Y ya puestos, copio lo que he tenido que explicar como respuesta a un tuitero, por una\u2026<\/p>\n<p>\u2014 Ram\u00f3n Arcusa (@ramonarcusa) <a href=\"https:\/\/twitter.com\/ramonarcusa\/status\/1985508268471406940?ref_src=twsrc%5Etfw\" rel=\"nofollow noopener\" target=\"_blank\">November 4, 2025<\/a><\/p><\/blockquote>\n<p class=\"voc-p\" style=\"\">Tambi\u00e9n ha argumentado que aunque el D\u00fao ten\u00eda \u00abentonces 21 a\u00f1os\u00bb, no sab\u00edan <strong>\u00abnada de nada ni de ligar ni de sexo\u00bb<\/strong>. Ha dicho que su \u00abmentalidad\u00bb era \u00abde 16 a\u00f1os o menos\u00bb. \u00abEran amores plat\u00f3nicos, como seguramente los de muchos de vuestros padres o abuelos\u00bb. Asimismo, ha escrito que ambas canciones han sido parte de su repertorio habitual en vivo, \u00abdesde 1960 hasta 2022\u00bb, y ha defendido que sus antiguas fans \u00abvolv\u00edan a tener de nuevo esos 15 a\u00f1os\u00bb.<\/p>\n<p class=\"voc-p\" style=\"\">Seg\u00fan ha escrito este mi\u00e9rcoles por la tarde, ambas canciones habr\u00edan vuelto al repertorio de Spotify tras haberse eliminado del \u00e1lbum &#8216;En Concierto &#8211; 2009&#8217; del D\u00fao Din\u00e1mico, no as\u00ed de los que incluyen su versi\u00f3n grabada, que sali\u00f3 como un single en el a\u00f1o 1960 en Espa\u00f1a y se convirti\u00f3 en un \u00e9xito absoluto, cuando Arcusa contaba 24 y De la Calva 23 a\u00f1os.<\/p>\n<p><script async src=\"https:\/\/platform.twitter.com\/widgets.js\" charset=\"utf-8\"><\/script><\/p>\n","protected":false},"excerpt":{"rendered":"\u00abLocura woke\u00bb. As\u00ed ha definido Ram\u00f3n Arcusa, del D\u00fao Din\u00e1mico, la supuesta censura que habr\u00eda llevado a Spotify&hellip;\n","protected":false},"author":2,"featured_media":220795,"comment_status":"","ping_status":"","sticky":false,"template":"","format":"standard","meta":{"footnotes":""},"categories":[91],"tags":[31704,218,3374,6775,28908,1563,16738,146,147,25,24,11082,23,1603],"class_list":{"0":"post-220794","1":"post","2":"type-post","3":"status-publish","4":"format-standard","5":"has-post-thumbnail","7":"category-entretenimiento","8":"tag-arcusa","9":"tag-canciones","10":"tag-censura","11":"tag-denuncia","12":"tag-dinamico","13":"tag-dos","14":"tag-duo","15":"tag-entertainment","16":"tag-entretenimiento","17":"tag-es","18":"tag-espana","19":"tag-ramon","20":"tag-spain","21":"tag-spotify"},"share_on_mastodon":{"url":"https:\/\/pubeurope.com\/@es\/115500228511968180","error":""},"_links":{"self":[{"href":"https:\/\/www.europesays.com\/es\/wp-json\/wp\/v2\/posts\/220794","targetHints":{"allow":["GET"]}}],"collection":[{"href":"https:\/\/www.europesays.com\/es\/wp-json\/wp\/v2\/posts"}],"about":[{"href":"https:\/\/www.europesays.com\/es\/wp-json\/wp\/v2\/types\/post"}],"author":[{"embeddable":true,"href":"https:\/\/www.europesays.com\/es\/wp-json\/wp\/v2\/users\/2"}],"replies":[{"embeddable":true,"href":"https:\/\/www.europesays.com\/es\/wp-json\/wp\/v2\/comments?post=220794"}],"version-history":[{"count":0,"href":"https:\/\/www.europesays.com\/es\/wp-json\/wp\/v2\/posts\/220794\/revisions"}],"wp:featuredmedia":[{"embeddable":true,"href":"https:\/\/www.europesays.com\/es\/wp-json\/wp\/v2\/media\/220795"}],"wp:attachment":[{"href":"https:\/\/www.europesays.com\/es\/wp-json\/wp\/v2\/media?parent=220794"}],"wp:term":[{"taxonomy":"category","embeddable":true,"href":"https:\/\/www.europesays.com\/es\/wp-json\/wp\/v2\/categories?post=220794"},{"taxonomy":"post_tag","embeddable":true,"href":"https:\/\/www.europesays.com\/es\/wp-json\/wp\/v2\/tags?post=220794"}],"curies":[{"name":"wp","href":"https:\/\/api.w.org\/{rel}","templated":true}]}}