{"id":220801,"date":"2025-11-06T01:51:08","date_gmt":"2025-11-06T01:51:08","guid":{"rendered":"https:\/\/www.europesays.com\/es\/220801\/"},"modified":"2025-11-06T01:51:08","modified_gmt":"2025-11-06T01:51:08","slug":"el-ministro-de-la-diaspora-de-israel-pide-a-los-judios-de-nueva-york-mudarse-alli-tras-la-victoria-de-mamdani","status":"publish","type":"post","link":"https:\/\/www.europesays.com\/es\/220801\/","title":{"rendered":"El ministro de la Di\u00e1spora de Israel pide a los jud\u00edos de Nueva York mudarse all\u00ed tras la victoria de Mamdani"},"content":{"rendered":"<p class=\"voc-p\" style=\"\">El <strong>ministro israel\u00ed de la Di\u00e1spora<\/strong> y de la Lucha contra el Antisemitismo, Amichai Chikli, ha instado este mi\u00e9rcoles a los jud\u00edos de Nueva York a mudarse a Israel tras la elecci\u00f3n del <a href=\"https:\/\/www.abc.es\/internacional\/zohran-mamdani-favorito-elecciones-alcaldia-nueva-york-20251104194749-nt.html\" data-voc-vtm-id=\"in-text-traffic\" title=\"izquierdista musulm\u00e1n Zohran Mamdani \" rel=\"nofollow noopener\" target=\"_blank\">izquierdista musulm\u00e1n Zohran Mamdani <\/a>como alcalde. <\/p>\n<p class=\"voc-p\" style=\"\">\u00abLa ciudad que alguna  &#8230; vez fue s\u00edmbolo de la libertad en el mundo entreg\u00f3 sus llaves a un <strong>partidario de Ham\u00e1s\u00bb<\/strong>, ha escrito Chikli en su cuenta de X.com. \u00abNueva York nunca volver\u00e1 a ser la misma, especialmente para su comunidad jud\u00eda\u00bb, a\u00f1adi\u00f3. \u00abInvito a los jud\u00edos de Nueva York a considerar seriamente establecer su nuevo hogar en la Tierra de Israel\u00bb.<\/p>\n<p class=\"voc-p\" style=\"\">Mamdani, de 34 a\u00f1os, se convertir\u00e1 en el <strong>primer alcalde musulm\u00e1n<\/strong> de la ciudad cuando asuma el cargo en enero. Defensor de larga data de la causa palestina, Mamdani tambi\u00e9n ha denunciado p\u00fablicamente en los \u00faltimos meses el antisemitismo, as\u00ed como la islamofobia que \u00e9l mismo ha sufrido.<\/p>\n<p class=\"voc-p\" style=\"\">Las posturas de Mamdani sobre Israel, al que el ministro israel\u00ed ha calificado de \u00abr\u00e9gimen de apartheid\u00bb y ha acusado de cometer un <strong>\u00abgenocidio\u00bb<\/strong> en Gaza, han provocado la indignaci\u00f3n de algunos <a href=\"https:\/\/www.abc.es\/internacional\/nueva-york-sale-votar-mamdani-imposible-vivir-20251104190210-nt.html\" title=\"www.abc.es\" data-voc-vtm-id=\"in-text-traffic\" data-mrf-link=\"www.abc.es\" rel=\"nofollow noopener\" target=\"_blank\">sectores de la comunidad jud\u00eda.<\/a><\/p>\n<p class=\"voc-p\" style=\"\">El ministro de Seguridad Nacional de Israel, Itamar <strong>Ben Gvir,<\/strong> conocido por sus posturas ultraderechistas, ha respaldado a Chikli: \u00abEl antisemitismo venci\u00f3 al sentido com\u00fan. Mamdani es un partidario de Ham\u00e1s, enemigo de Israel y antisemita declarado\u00bb, ha afirmado en un comunicado.<\/p>\n<p class=\"voc-p\" style=\"\">El presidente de Estados Unidos, <strong>Donald Trump,<\/strong> intervino en la recta final de la campa\u00f1a para calificar a Mamdani de \u00abenemigo de los jud\u00edos\u00bb y llam\u00f3 \u00abest\u00fapido\u00bb a quien votara por \u00e9l. En su \u00faltima intervenci\u00f3n este mi\u00e9rcoles, ha vuelto a insistir en la idea: \u00abEstados Unidos debe elegir entre el comunismo o el sentido com\u00fan\u00bb.<\/p>\n<p>\nArt\u00edculo solo para suscriptores\n<\/p>\n<p>Reportar un error<\/p>\n","protected":false},"excerpt":{"rendered":"El ministro israel\u00ed de la Di\u00e1spora y de la Lucha contra el Antisemitismo, Amichai Chikli, ha instado este&hellip;\n","protected":false},"author":2,"featured_media":220802,"comment_status":"","ping_status":"","sticky":false,"template":"","format":"standard","meta":{"footnotes":""},"categories":[5],"tags":[17,18,58783,25,24,58784,13,14,11,74,703,3195,19,20,56086,7459,9,10,15,16,795,34,23,12,575,21,22,1261,5867],"class_list":{"0":"post-220801","1":"post","2":"type-post","3":"status-publish","4":"format-standard","5":"has-post-thumbnail","7":"category-titulares","8":"tag-breaking-news","9":"tag-breakingnews","10":"tag-diaspora","11":"tag-es","12":"tag-espana","13":"tag-establecerse","14":"tag-featured-news","15":"tag-featurednews","16":"tag-headlines","17":"tag-israel","18":"tag-israeli","19":"tag-judios","20":"tag-latest-news","21":"tag-latestnews","22":"tag-mamdani","23":"tag-ministro","24":"tag-news","25":"tag-noticias","26":"tag-noticias-destacadas","27":"tag-noticiasdestacadas","28":"tag-nueva","29":"tag-pide","30":"tag-spain","31":"tag-titulares","32":"tag-tras","33":"tag-ultimas-noticias","34":"tag-ultimasnoticias","35":"tag-victoria","36":"tag-york"},"share_on_mastodon":{"url":"https:\/\/pubeurope.com\/@es\/115500252071132922","error":""},"_links":{"self":[{"href":"https:\/\/www.europesays.com\/es\/wp-json\/wp\/v2\/posts\/220801","targetHints":{"allow":["GET"]}}],"collection":[{"href":"https:\/\/www.europesays.com\/es\/wp-json\/wp\/v2\/posts"}],"about":[{"href":"https:\/\/www.europesays.com\/es\/wp-json\/wp\/v2\/types\/post"}],"author":[{"embeddable":true,"href":"https:\/\/www.europesays.com\/es\/wp-json\/wp\/v2\/users\/2"}],"replies":[{"embeddable":true,"href":"https:\/\/www.europesays.com\/es\/wp-json\/wp\/v2\/comments?post=220801"}],"version-history":[{"count":0,"href":"https:\/\/www.europesays.com\/es\/wp-json\/wp\/v2\/posts\/220801\/revisions"}],"wp:featuredmedia":[{"embeddable":true,"href":"https:\/\/www.europesays.com\/es\/wp-json\/wp\/v2\/media\/220802"}],"wp:attachment":[{"href":"https:\/\/www.europesays.com\/es\/wp-json\/wp\/v2\/media?parent=220801"}],"wp:term":[{"taxonomy":"category","embeddable":true,"href":"https:\/\/www.europesays.com\/es\/wp-json\/wp\/v2\/categories?post=220801"},{"taxonomy":"post_tag","embeddable":true,"href":"https:\/\/www.europesays.com\/es\/wp-json\/wp\/v2\/tags?post=220801"}],"curies":[{"name":"wp","href":"https:\/\/api.w.org\/{rel}","templated":true}]}}