{"id":220811,"date":"2025-11-06T02:05:14","date_gmt":"2025-11-06T02:05:14","guid":{"rendered":"https:\/\/www.europesays.com\/es\/220811\/"},"modified":"2025-11-06T02:05:14","modified_gmt":"2025-11-06T02:05:14","slug":"teoria-de-la-amistad-la-ternura-de-kike-suarez-de-vera-fauna","status":"publish","type":"post","link":"https:\/\/www.europesays.com\/es\/220811\/","title":{"rendered":"TEOR\u00cdA DE LA AMISTAD La ternura de Kike Su\u00e1rez, de Vera Fauna"},"content":{"rendered":"<p>La ternura y la grieta se hacen m\u00fasica: Kike Su\u00e1rez habita la grieta donde el arte revela la humanidad que intenta protegerse.<\/p>\n<p>              <strong>+07<\/strong><\/p>\n<p>Comienza esta nueva temporada con la llegada de Quique Su\u00e1rez, cantante, compositor y letrista en Vera Fauna, un artista que habita entre las notas y las palabras. <\/p>\n<p>Para Quique, la vida se construye en las grietas, en los ojos que nos miran y nos devuelven fragmentos de quienes somos. Inspirado por obras como Frankenstein de Mary Shelley, La Haine de Mathieu Kassovitz reflexiona sobre la exclusi\u00f3n, la identidad y la mirada ajena como espejo del alma. En su universo, la m\u00fasica es un modo de habitar la herida sin esconderla. <\/p>\n<p>Enfrent\u00e1ndose al DAFO (Debilidades, Amenazas, Fortalezas y Oportunidades), Quique revela la tensi\u00f3n entre ternura y creaci\u00f3n, entre mostrarse y protegerse. En su an\u00e1lisis, el arte se convierte en un territorio donde la humanidad se desnuda sin miedo. \u00bfQui\u00e9n seguir\u00e1 esta red?<\/p>\n","protected":false},"excerpt":{"rendered":"La ternura y la grieta se hacen m\u00fasica: Kike Su\u00e1rez habita la grieta donde el arte revela la&hellip;\n","protected":false},"author":2,"featured_media":220812,"comment_status":"","ping_status":"","sticky":false,"template":"","format":"standard","meta":{"footnotes":""},"categories":[170],"tags":[58787,146,147,25,24,58785,58786,184,185,133,1448,1986,1987,23],"class_list":{"0":"post-220811","1":"post","2":"type-post","3":"status-publish","4":"format-standard","5":"has-post-thumbnail","7":"category-musica","8":"tag-de-vera-fauna","9":"tag-entertainment","10":"tag-entretenimiento","11":"tag-es","12":"tag-espana","13":"tag-la-teoria-de-la-amistad","14":"tag-la-ternura-de-kike-suarez","15":"tag-music","16":"tag-musica","17":"tag-online","18":"tag-radio","19":"tag-rne","20":"tag-rtve-play","21":"tag-spain"},"share_on_mastodon":{"url":"https:\/\/pubeurope.com\/@es\/115500307105740139","error":""},"_links":{"self":[{"href":"https:\/\/www.europesays.com\/es\/wp-json\/wp\/v2\/posts\/220811","targetHints":{"allow":["GET"]}}],"collection":[{"href":"https:\/\/www.europesays.com\/es\/wp-json\/wp\/v2\/posts"}],"about":[{"href":"https:\/\/www.europesays.com\/es\/wp-json\/wp\/v2\/types\/post"}],"author":[{"embeddable":true,"href":"https:\/\/www.europesays.com\/es\/wp-json\/wp\/v2\/users\/2"}],"replies":[{"embeddable":true,"href":"https:\/\/www.europesays.com\/es\/wp-json\/wp\/v2\/comments?post=220811"}],"version-history":[{"count":0,"href":"https:\/\/www.europesays.com\/es\/wp-json\/wp\/v2\/posts\/220811\/revisions"}],"wp:featuredmedia":[{"embeddable":true,"href":"https:\/\/www.europesays.com\/es\/wp-json\/wp\/v2\/media\/220812"}],"wp:attachment":[{"href":"https:\/\/www.europesays.com\/es\/wp-json\/wp\/v2\/media?parent=220811"}],"wp:term":[{"taxonomy":"category","embeddable":true,"href":"https:\/\/www.europesays.com\/es\/wp-json\/wp\/v2\/categories?post=220811"},{"taxonomy":"post_tag","embeddable":true,"href":"https:\/\/www.europesays.com\/es\/wp-json\/wp\/v2\/tags?post=220811"}],"curies":[{"name":"wp","href":"https:\/\/api.w.org\/{rel}","templated":true}]}}