{"id":220818,"date":"2025-11-06T02:12:08","date_gmt":"2025-11-06T02:12:08","guid":{"rendered":"https:\/\/www.europesays.com\/es\/220818\/"},"modified":"2025-11-06T02:12:08","modified_gmt":"2025-11-06T02:12:08","slug":"los-paises-de-la-ue-pactan-recortar-un-90-de-las-emisiones-de-co2-en-15-anos-con-grandes-concesiones-para-los-gobiernos","status":"publish","type":"post","link":"https:\/\/www.europesays.com\/es\/220818\/","title":{"rendered":"Los pa\u00edses de la UE pactan recortar un 90% de las emisiones de CO2 en 15 a\u00f1os con grandes concesiones para los gobiernos"},"content":{"rendered":"<p class=\"c-paragraph\">La <b>pol\u00edtica clim\u00e1tica se ha convertido en el verdadero term\u00f3metro de la Uni\u00f3n Europea<\/b> en estos momentos. Son tiempos de realpolitik: es decir, de pragmatismo,<b> de buscar acuerdos aunque no sean perfectos<\/b>, como reconoc\u00edan fuentes diplom\u00e1ticas estos d\u00edas en Bruselas, pero acuerdos al fin y al cabo, y este ha llegado tras negociar d\u00eda y noche, del martes al mi\u00e9rcoles, con retrasos, dudas y muchos intercambios. <b>M\u00e1s de 24 horas de conversaciones entre los ministros de Medioambiente<\/b> que han dado lugar a un pacto: han acordado recortar un 90% las emisiones de CO2 de aqu\u00ed a 2040, pero la clave est\u00e1 en las muchas flexibilidades que se les van a dar a los gobiernos nacionales entre ellas <b>un 5% m\u00e1s a trav\u00e9s de los llamados cr\u00e9ditos de carbono, comprados con fondos europeos y otro 5%<\/b> compensado con fondos nacionales. Esta es. de hecho, una conclusi\u00f3n bastante alejada de lo que planteaba Bruselas.<\/p>\n<p class=\"c-paragraph\">La propuesta de la Comisi\u00f3n Europea era clara:\u00a0<b><b>reducir un 90% las emisiones netas de gases de efecto invernadero para 2040<\/b><\/b>\u00a0respecto a los niveles de 1990. Eso s\u00ed, con una flexibilidad de un 3% a trav\u00e9s de los llamados cr\u00e9ditos de carbono, que permiten, por as\u00ed decir, comprar las emisiones. Esta v\u00eda permite que empresas o gobiernos compensen sus emisiones al financiar proyectos sostenibles como la reforestaci\u00f3n, energ\u00edas renovables o tecnolog\u00edas de captura de carbono, seg\u00fan explic\u00f3 Bruselas en su momento.\u00a0<\/p>\n<p class=\"c-paragraph\">\u00abLa visi\u00f3n de Espa\u00f1a<b> ha sido siempre de la m\u00e1xima ambici\u00f3n con este 90% de reducci\u00f3n<\/b> de las emisiones respecto a 2040. Entendemos que varios Estados miembros han presentado flexibilidades, pero ahora es el momento de cerrar este expediente\u00bb, dijo ya desde el inicio de la jornada de este martes la vicepresidenta tercera del Gobierno y ministra de Transici\u00f3n Ecol\u00f3gica, Sara Aagesen.<\/p>\n<p class=\"c-paragraph\">El pacto se ha alcanzado con los votos <b>en contra de Eslovaquia, Hungr\u00eda, Rep\u00fablica Checa y Polonia<\/b>, as\u00ed como otras dos abstenciones (Bulgaria y B\u00e9lgica), seg\u00fan fuentes diplom\u00e1ticas, pero solo necesitaba de una mayor\u00eda cualificada que, eso s\u00ed, no ha sido nada sencilla de encontrar. Esto permite a la UE llevar una posici\u00f3n com\u00fan a la cumbre de la COP que se celebra a partir de este jueves en Brasil. El compromiso pasa <b>por reducir en 2035 entre el 66,25% y el 72,5% de CO2 respecto a 1990<\/b>; si se alcanza la cifra m\u00e1s alta, en 2040 esa reducci\u00f3n ser\u00e1 del 90%. Ahora el siguiente paso es la negociaci\u00f3n con el Parlamento Europeo, que deber\u00eda concluir antes de que acabe el a\u00f1o.<\/p>\n<p class=\"c-paragraph\">\u00abEspa\u00f1a necesita el 90% de reducci\u00f3n en 2040, por supuesto que s\u00ed, es una decisi\u00f3n<b> que tiene que ver con la ciencia, tiene que ver con lo que es necesario para ese liderazgo y ambici\u00f3n <\/b>europea y tambi\u00e9n con la competitividad en Europa y con la certeza para las inversiones\u00bb, a\u00f1adi\u00f3, marcando ese dato como \u00abuna l\u00ednea roja\u00bb para el Gobierno espa\u00f1ol. Mientras, fuentes diplom\u00e1ticas ya entend\u00edan desde el inicio de las conversaciones que el acuerdo iba a estar lleno de matices por las posiciones de algunos Estados miembros que quer\u00edan todav\u00eda una mayor flexibilidad. Las fuentes diplom\u00e1ticas de distintos pa\u00edses ya incidieron en que los planes<b> tienen que adaptarse a las nuevas realidades <\/b>en un mundo cada vez m\u00e1s ca\u00f3tico.<\/p>\n<p class=\"c-paragraph\">Tras la largu\u00edsima reuni\u00f3n, Aagesen se mostr\u00f3 satisfecha. \u00abNuestra visi\u00f3n en este caso es que el objetivo vinculante que queda claramente definido es el 90%\u00bb, sostuvo ya este mi\u00e9rcoles, y celebr\u00f3 la \u00abunidad europea\u00bb sobre un tema \u00abfundamental\u00bb de cara al futuro, dijo. \u00ab<b>Tener cl\u00e1usulas de revisi\u00f3n que evolucionen en funci\u00f3n de c\u00f3mo maduran las tecnolog\u00edas<\/b>, c\u00f3mo madura la situaci\u00f3n a nivel europeo, no lo veo negativo\u00bb, a\u00f1adi\u00f3 sobre el 5% que se podr\u00e1 externalizar, por as\u00ed decir. \u00abCreo que es un resultado muy positivo. Y ahora tenemos la posibilidad de ir a Brasil con liderazgo y demostrando que la Uni\u00f3n Europea puede ir junta en un mundo complejo\u00bb, sentenci\u00f3 la vicepresidenta.<\/p>\n<p class=\"c-paragraph\">El pacto, con todo, est\u00e1 lleno de matices. Por ejemplo, <b>a partir de 2036 se podr\u00e1n emplear los cr\u00e9ditos, con un periodo de prueba entre 2031 y 2035<\/b>. Los pa\u00edses de la UE han decidido someter su gran objetivo clim\u00e1tico a una revisi\u00f3n cada dos a\u00f1os seg\u00fan los avances cient\u00edficos y tecnol\u00f3gicos, y adem\u00e1s realizar una evaluaci\u00f3n m\u00e1s amplia cada cinco a\u00f1os. Para atender las demandas de Polonia, pospondr\u00e1n hasta 2028 la puesta en marcha del ETS 2, el mecanismo que fijar\u00e1 un coste al carbono generado por los veh\u00edculos y por la calefacci\u00f3n de los edificios. Asimismo, la estrategia europea tendr\u00e1 en cuenta la <b>capacidad real de los ecosistemas como bosques, praderas y humedales para absorber CO2<\/b>; si estos sumideros capturan menos de lo previsto por cuestiones como el calentamiento o la sequ\u00eda, no se impondr\u00e1 a los Estados la obligaci\u00f3n de compensar esa falta con esfuerzos adicionales en otros \u00e1mbitos.<\/p>\n<p class=\"c-paragraph\">Estas horas han sido el claro ejemplo de que la pol\u00edtica clim\u00e1tica se ha convertido en el verdadero term\u00f3metro de la legislatura en la UE, con todo el peso en los pa\u00edses: <b>en la semana de la COP se ha visto c\u00f3mo los acuerdos en este asunto son cada vez m\u00e1s complejos por carga ideol\u00f3gica<\/b> y por cambios de realidades pol\u00edticas. La Comisi\u00f3n Europea ha ido asumiendo el pragmatismo, y los 27 han confirmado, parece, las nuevas din\u00e1micas en cuesti\u00f3n de meses.<\/p>\n","protected":false},"excerpt":{"rendered":"La pol\u00edtica clim\u00e1tica se ha convertido en el verdadero term\u00f3metro de la Uni\u00f3n Europea en estos momentos. Son&hellip;\n","protected":false},"author":2,"featured_media":220819,"comment_status":"","ping_status":"","sticky":false,"template":"","format":"standard","meta":{"footnotes":""},"categories":[42],"tags":[17,18,1576,5293,13,14,11,61,62,63,64,19,20,13583,9,10,15,16,12,21,22,65,66,67],"class_list":{"0":"post-220818","1":"post","2":"type-post","3":"status-publish","4":"format-standard","5":"has-post-thumbnail","7":"category-internacional","8":"tag-breaking-news","9":"tag-breakingnews","10":"tag-consejo","11":"tag-cronica","12":"tag-featured-news","13":"tag-featurednews","14":"tag-headlines","15":"tag-internacional","16":"tag-international","17":"tag-international-news","18":"tag-internationalnews","19":"tag-latest-news","20":"tag-latestnews","21":"tag-medioambiente","22":"tag-news","23":"tag-noticias","24":"tag-noticias-destacadas","25":"tag-noticiasdestacadas","26":"tag-titulares","27":"tag-ultimas-noticias","28":"tag-ultimasnoticias","29":"tag-world","30":"tag-world-news","31":"tag-worldnews"},"share_on_mastodon":{"url":"https:\/\/pubeurope.com\/@es\/115500334686812301","error":""},"_links":{"self":[{"href":"https:\/\/www.europesays.com\/es\/wp-json\/wp\/v2\/posts\/220818","targetHints":{"allow":["GET"]}}],"collection":[{"href":"https:\/\/www.europesays.com\/es\/wp-json\/wp\/v2\/posts"}],"about":[{"href":"https:\/\/www.europesays.com\/es\/wp-json\/wp\/v2\/types\/post"}],"author":[{"embeddable":true,"href":"https:\/\/www.europesays.com\/es\/wp-json\/wp\/v2\/users\/2"}],"replies":[{"embeddable":true,"href":"https:\/\/www.europesays.com\/es\/wp-json\/wp\/v2\/comments?post=220818"}],"version-history":[{"count":0,"href":"https:\/\/www.europesays.com\/es\/wp-json\/wp\/v2\/posts\/220818\/revisions"}],"wp:featuredmedia":[{"embeddable":true,"href":"https:\/\/www.europesays.com\/es\/wp-json\/wp\/v2\/media\/220819"}],"wp:attachment":[{"href":"https:\/\/www.europesays.com\/es\/wp-json\/wp\/v2\/media?parent=220818"}],"wp:term":[{"taxonomy":"category","embeddable":true,"href":"https:\/\/www.europesays.com\/es\/wp-json\/wp\/v2\/categories?post=220818"},{"taxonomy":"post_tag","embeddable":true,"href":"https:\/\/www.europesays.com\/es\/wp-json\/wp\/v2\/tags?post=220818"}],"curies":[{"name":"wp","href":"https:\/\/api.w.org\/{rel}","templated":true}]}}