{"id":220820,"date":"2025-11-06T02:13:10","date_gmt":"2025-11-06T02:13:10","guid":{"rendered":"https:\/\/www.europesays.com\/es\/220820\/"},"modified":"2025-11-06T02:13:10","modified_gmt":"2025-11-06T02:13:10","slug":"el-gobierno-de-navarra-aprueba-en-mesa-general-la-ope-de-reposicion-con-578-plazas-para-2025","status":"publish","type":"post","link":"https:\/\/www.europesays.com\/es\/220820\/","title":{"rendered":"El Gobierno de Navarra aprueba en Mesa General la OPE de reposici\u00f3n con 578 plazas para 2025"},"content":{"rendered":"<p>El Gobierno de Navarra ha aprobado hoy en la Mesa General de Funci\u00f3n P\u00fablica la aprobaci\u00f3n de la Oferta P\u00fablica de Empleo (OPE) de reposici\u00f3n con 578 plazas para este a\u00f1o. Tras la celebraci\u00f3n de la Mesa de Funci\u00f3n P\u00fablica hace dos semanas, presidida por la directora general de Funci\u00f3n P\u00fablica, Gloria Aranc\u00f3n, y despu\u00e9s de atender las aportaciones de las organizaciones sindicales, el Ejecutivo foral aprobar\u00e1 esta Oferta P\u00fablica de Empleo en una pr\u00f3xima sesi\u00f3n de Gobierno.<\/p>\n<p>Las plazas se reparten por sectores entre 266 plazas de personal sanitario (254 plazas para el Servicio Navarro de Salud-Osasunbidea y 12 plazas en el Instituto de Salud P\u00fablica y Laboral) y 312 de Administraci\u00f3n N\u00facleo. Con el objetivo de continuar avanzando en la estabilizaci\u00f3n para fortalecer y mejorar la calidad de los servicios p\u00fablicos que se prestan a la ciudadan\u00eda por parte del Gobierno de Navarra, en la OPE de este a\u00f1o se incluyen plazas de m\u00e1s de 60 puestos de trabajo diferentes dentro de la Administraci\u00f3n N\u00facleo de la Comunidad Foral de Navarra.\u00a0<\/p>\n<p>Por niveles se desagregan en: 41 de nivel A, 74 de nivel B, 193 de nivel C y 4 de nivel D para la Administraci\u00f3n N\u00facleo, donde se reservar\u00e1n 22 plazas para personas con discapacidad y 7 para mujeres v\u00edctimas de violencia de g\u00e9nero; mientras que en el SNS-O un total de 83 corresponden al nivel A, 115 al nivel B, 5 al C y 51 al D, y se destinar\u00e1n 19 a personas con discapacidad y 6 a mujeres v\u00edctimas de violencia de g\u00e9nero en este caso.<\/p>\n<p><strong>Desglose de las plazas incluidas en la OPE de reposici\u00f3n<\/strong><\/p>\n<p>En la Administraci\u00f3n N\u00facleo se ofertan en el nivel A un total de 41 plazas repartidas en: 9 plazas para t\u00e9cnico\/a en administraci\u00f3n (rama jur\u00eddica), 5 para t\u00e9cnico\/a de hacienda, 4 para ingeniero\/a de caminos, canales y puertos, 3 para psic\u00f3logo\/a, 2 para soci\u00f3logo\/a y 2 para periodista. Se ofertar\u00e1 una plaza para cada uno de los puestos de trabajo de analista jefe\/a de proyectos, arque\u00f3logo\/a, asesor\/a jur\u00eddico\/a, farmac\u00e9utico\/a, ge\u00f3logo\/a, ingeniero\/a industrial, m\u00e9dico\/a especialista en medicina preventiva y salud p\u00fablica, m\u00e9dico\/a inspector\/a, t\u00e9cnico\/a en gesti\u00f3n sanitaria, t\u00e9cnico\/a en administraci\u00f3n (rama econ\u00f3mica), t\u00e9cnico\/a superior de salud (medicina), t\u00e9cnico\/a superior en materias de seguridad, t\u00e9cnico\/a superior en organizaci\u00f3n, titulado\/a superior de empleo, traductor\/a euskera y traductor\/a int\u00e9rprete euskera.<\/p>\n<p>Entre las que corresponden al nivel B (74) un total de 16 plazas son para inspector\/a de la Polic\u00eda Foral, 15 para trabajador\/a social, 5 para arquitecto\/a t\u00e9cnico\/a y 4 plazas para cada uno de los puestos de Ingeniero\/a t\u00e9cnico\/a de obras p\u00fablicas, terapeuta ocupacional y t\u00e9cnico\/a de grado medio de archivos. Tambi\u00e9n tres plazas para cada uno de los puestos de ingeniero\/a t\u00e9cnico\/a forestal, ingeniero\/a t\u00e9cnico\/a industrial y t\u00e9cnico\/a de grado medio (igualdad); y dos plazas para cada uno de los puestos de diplomado\/a en relaciones laborales, ingeniero\/a t\u00e9cnico\/a y t\u00e9cnico\/a de grado medio en sistemas inform\u00e1ticos. Los puestos de diplomado\/a en ciencias empresariales, enfermero\/a, ingeniero\/a t\u00e9cnico\/a agr\u00edcola, inspector\/a de servicios sociales, logopeda, t\u00e9cnico\/a de grado medio, t\u00e9cnico\/a de grado medio (publicaciones), titulado\/a universitario\/a de grado medio (disciplina preventiva: seguridad en el trabajo e higiene industrial), titulado\/a universitario\/a de grado medio (prevenci\u00f3n de riesgos laborales), titulado\/a de grado medio en formaci\u00f3n y empleo y titulado\/a de grado medio (IRPF) contar\u00e1n con una plaza cada uno.<\/p>\n<p>En el nivel C, con un total de 193 plazas, destacan las 107 de especialista de apoyo educativo, 14 de agente de Polic\u00eda Foral, 42 de bombero\/a, 8 de operador\/a auxiliar de coordinaci\u00f3n, 6 de conductor\/a, 4 de cabo bombero\/a y otras 4 de t\u00e9cnico\/a de gesti\u00f3n de transportes; y dos de basozain\/guarda de medio ambiente y vigilante\/a de carreteras (2). Se ofertar\u00e1 una plaza para cada puesto de cocinero\/a, educador\/a infantil, oficial t\u00e9cnico\/a de mantenimiento de veh\u00edculos y t\u00e9cnico\/a de sonido y medios audiovisuales. En el nivel D ser\u00e1n 2 para conserje, 1 para auxiliar de autopsias y 1 para auxiliar de mantenimiento.<\/p>\n<p>En lo que corresponde a la OPE parcial del SNS-O, las 83 plazas destinadas al nivel A se reparten entre las 15 de m\u00e9dico\/a de equipo de atenci\u00f3n primaria; 13 de facultativo\/a especialista de \u00e1rea adjunto\/a de radiodiagn\u00f3stico; 5 de facultativo\/a especialista de \u00e1rea adjunto\/a de anatom\u00eda patol\u00f3gica; 4 de facultativo\/a especialista de \u00e1rea adjunto\/a de psiquiatr\u00eda y otras 4 de pediatra de equipo de atenci\u00f3n primaria; 3 para cada uno de los puestos de facultativo\/a especialista de \u00e1rea adjunto\/a de anestesia y reanimaci\u00f3n, facultativo\/a especialista de \u00e1rea adjunto\/a de oncolog\u00eda radioter\u00e1pica, m\u00e9dico\/a adjunto\/a de urgencias, m\u00e9dico\/a de servicio especial de urgencia, m\u00e9dico\/a de servicio normal de urgencia; 2 para cada puesto de facultativo\/a especialista de \u00e1rea adjunto\/a de cirug\u00eda general y aparato digestivo, facultativo\/a especialista de \u00e1rea adjunto\/a de farmacia hospitalaria, facultativo\/a especialista de \u00e1rea adjunto\/a de laboratorio cl\u00ednico, facultativo\/a especialista de \u00e1rea adjunto\/a de microbiolog\u00eda y parasitolog\u00eda, facultativo\/a especialista de \u00e1rea adjunto\/a de otorrinolaringolog\u00eda y psic\u00f3logo\/a especialista cl\u00ednico.<\/p>\n<p>Se ofertar\u00e1 tambi\u00e9n una plaza para cada puesto de facultativo\/a especialista de \u00e1rea adjunto\/a de alergolog\u00eda, facultativo\/a especialista de \u00e1rea adjunto\/a de angiolog\u00eda, facultativo\/a especialista de \u00e1rea adjunto\/a de cardiolog\u00eda, facultativo\/a especialista de \u00e1rea adjunto\/a de cirug\u00eda oral y maxilofacial, facultativo\/a especialista de \u00e1rea adjunto\/a de cirug\u00eda ortop\u00e9dica y traumatolog\u00eda, facultativo\/a especialista de \u00e1rea adjunto\/a de cirug\u00eda pl\u00e1stica est\u00e9tica y reparadora, facultativo\/a especialista de \u00e1rea adjunto\/a de endocrinolog\u00eda y nutrici\u00f3n, facultativo\/a especialista de \u00e1rea adjunto\/a de medicina intensiva, facultativo\/a especialista de \u00e1rea adjunto\/a de medicina interna, facultativo\/a especialista de \u00e1rea adjunto\/a de neurolog\u00eda, facultativo\/a especialista de \u00e1rea adjunto\/a de obstetricia y ginecolog\u00eda, facultativo\/a especialista de \u00e1rea adjunto\/a de oftalmolog\u00eda, facultativo\/a especialista de \u00e1rea adjunto\/a de pediatr\u00eda y sus \u00e1reas espec\u00edficas, facultativo\/a especialista de \u00e1rea adjunto\/a de urolog\u00eda, y M\u00e9dico\/a.<\/p>\n<p>En el nivel B el total de 115 plazas se distribuyen en 96 plazas de enfermero\/a, 5 para los puestos de enfermero\/a especialista de enfermer\u00eda obst\u00e9trico ginecol\u00f3gica y fisioterapeuta, 4 de enfermero\/a especialista de enfermer\u00eda familiar y comunitaria, 2 para los diferentes puestos de enfermero\/a especialista de enfermer\u00eda de salud mental y enfermero\/a especialista de enfermer\u00eda del trabajo; y 1 para enfermero\/a especialista de enfermer\u00eda pedi\u00e1trica. En el nivel C son 3 para t\u00e9cnico\/a especialista de radiodiagn\u00f3stico y 2 para t\u00e9cnico\/a especialista de laboratorio; y en el D se reparten entre las 36 de t\u00e9cnico\/a en cuidados auxiliares de enfermer\u00eda y las 15 de celador\/a.<\/p>\n","protected":false},"excerpt":{"rendered":"El Gobierno de Navarra ha aprobado hoy en la Mesa General de Funci\u00f3n P\u00fablica la aprobaci\u00f3n de la&hellip;\n","protected":false},"author":2,"featured_media":30886,"comment_status":"","ping_status":"","sticky":false,"template":"","format":"standard","meta":{"footnotes":""},"categories":[8],"tags":[17,18,10398,53564,25,24,13,14,15196,58788,11,584,19,20,9,10,15,10397,16,23,12,21,22],"class_list":{"0":"post-220820","1":"post","2":"type-post","3":"status-publish","4":"format-standard","5":"has-post-thumbnail","7":"category-espana","8":"tag-breaking-news","9":"tag-breakingnews","10":"tag-departamentos-legislatura-2023-2027","11":"tag-empleo-y-trabajo","12":"tag-es","13":"tag-espana","14":"tag-featured-news","15":"tag-featurednews","16":"tag-funcion-publica-y-justicia","17":"tag-gobierno-y-administracion","18":"tag-headlines","19":"tag-interior","20":"tag-latest-news","21":"tag-latestnews","22":"tag-news","23":"tag-noticias","24":"tag-noticias-destacadas","25":"tag-noticias-institucionales","26":"tag-noticiasdestacadas","27":"tag-spain","28":"tag-titulares","29":"tag-ultimas-noticias","30":"tag-ultimasnoticias"},"share_on_mastodon":{"url":"https:\/\/pubeurope.com\/@es\/115500338759608436","error":""},"_links":{"self":[{"href":"https:\/\/www.europesays.com\/es\/wp-json\/wp\/v2\/posts\/220820","targetHints":{"allow":["GET"]}}],"collection":[{"href":"https:\/\/www.europesays.com\/es\/wp-json\/wp\/v2\/posts"}],"about":[{"href":"https:\/\/www.europesays.com\/es\/wp-json\/wp\/v2\/types\/post"}],"author":[{"embeddable":true,"href":"https:\/\/www.europesays.com\/es\/wp-json\/wp\/v2\/users\/2"}],"replies":[{"embeddable":true,"href":"https:\/\/www.europesays.com\/es\/wp-json\/wp\/v2\/comments?post=220820"}],"version-history":[{"count":0,"href":"https:\/\/www.europesays.com\/es\/wp-json\/wp\/v2\/posts\/220820\/revisions"}],"wp:featuredmedia":[{"embeddable":true,"href":"https:\/\/www.europesays.com\/es\/wp-json\/wp\/v2\/media\/30886"}],"wp:attachment":[{"href":"https:\/\/www.europesays.com\/es\/wp-json\/wp\/v2\/media?parent=220820"}],"wp:term":[{"taxonomy":"category","embeddable":true,"href":"https:\/\/www.europesays.com\/es\/wp-json\/wp\/v2\/categories?post=220820"},{"taxonomy":"post_tag","embeddable":true,"href":"https:\/\/www.europesays.com\/es\/wp-json\/wp\/v2\/tags?post=220820"}],"curies":[{"name":"wp","href":"https:\/\/api.w.org\/{rel}","templated":true}]}}