{"id":220834,"date":"2025-11-06T02:32:12","date_gmt":"2025-11-06T02:32:12","guid":{"rendered":"https:\/\/www.europesays.com\/es\/220834\/"},"modified":"2025-11-06T02:32:12","modified_gmt":"2025-11-06T02:32:12","slug":"el-nuevo-ceo-de-paramount-tiene-una-lista-negra-de-actores-contrarios-a-israel","status":"publish","type":"post","link":"https:\/\/www.europesays.com\/es\/220834\/","title":{"rendered":"El nuevo CEO de Paramount tiene una &#8216;lista negra&#8217; de actores contrarios a Israel"},"content":{"rendered":"<p class=\"c-paragraph\">100 d\u00edas al frente de <b>Paramount <\/b>han bastado para que <b>David Ellison <\/b>se gane la reputaci\u00f3n de elefante en la cacharrer\u00eda de Hollywood. No solo por la agresividad de su gesti\u00f3n o su cercan\u00eda al gobierno de <b>Donald Trump, <\/b>sino tambi\u00e9n porque, seg\u00fan los rumores, el hijo del magnate inform\u00e1tico <b>Larry Ellison <\/b>estar\u00eda dispuesto a resucitar algunas de las pr\u00e1cticas m\u00e1s detestables de la industria.\u00a0<\/p>\n<p class=\"c-paragraph\">En un reportaje sobre el flamante CEO, <a href=\"https:\/\/variety.com\/2025\/film\/features\/david-ellison-hollywood-takeover-paramount-warner-bros-1236569136\/\" rel=\"nofollow noreferrer noopener\" target=\"_blank\">Variety<\/a> se\u00f1ala que Paramount maneja <b>una &#8216;lista negra&#8217; de actores considerados \u00abantisemitas\u00bb. <\/b>Y, si bien el antisemitismo es un t\u00e9rmino muy amplio, aqu\u00ed se traducir\u00eda como contrarios a las pol\u00edticas de Israel y a la guerra de Gaza. \u00bfQu\u00e9 nombres estar\u00edan incluidos en ella?<\/p>\n<p>Un estudio \u00abcentrado en Am\u00e9rica\u00bb y pr\u00f3ximo a Israel<\/p>\n<p class=\"c-paragraph\">En dicho reportaje, Variety se\u00f1ala que David Ellison no solo figura entre los cortesanos de Trump: el responsable de Paramount tambi\u00e9n se halla pr\u00f3ximo al primer ministro israel\u00ed, <b>Benjamin Netanyahu, <\/b>y ha realizado grandes donativos al lobby proisrael\u00ed <b>Friends of the IDF <\/b>(siglas en ingl\u00e9s de \u00abFuerzas de defensa de Israel\u00bb).\u00a0<\/p>\n<p class=\"c-paragraph\">Esta proximidad estar\u00eda detr\u00e1s tanto de algunos de sus nombramientos recientes (la periodista <b>Bari Weiss, <\/b>abiertamente sionista,<b>\u00a0<\/b>como responsable de informativos de <b>CBS) <\/b>y de algunos de los muchos despidos llevados a cabo desde que Ellison se puso al frente de Paramount, como el de la corresponsal en Gaza\u00a0<b>Debora Patta.<\/b><\/p>\n<p class=\"c-paragraph\">En lo tocante al cine, fuentes an\u00f3nimas afirman que el estudio maneja una lista de profesionales considerados<b> \u00abantisemitas, xen\u00f3fobos y hom\u00f3fobos\u00bb. <\/b>Con respecto a sus identidades, solo se puede especular, pero hay indicios de que estas corresponden a los firmantes de una carta abierta contra la pol\u00edtica de exterminio llevada a cabo por Netanyahu en Gaza.\u00a0<\/p>\n<p class=\"c-paragraph\">Entre los firmantes de dicha carta, que Paramount conden\u00f3 tras su publicaci\u00f3n, se encuentran <b>Javier Bardem, Emma Stone, Olivia Colman, Tilda Swinton, Elliot Page, Joaquin Phoenix, Mark Ruffalo <\/b>y <b>Riz Ahmed, <\/b>entre otros, as\u00ed como directores y showrunners como <b>Ava DuVernay, Yorgos Lanthimos <\/b>y <b>Jonathan Glazer.\u00a0<\/b><\/p>\n<p class=\"c-paragraph\">Aun sin tener pruebas fehacientes de la existencia de dicha lista, todas estas personalidades se han significado abiertamente, no solo como contrarias a Israel, sino tambi\u00e9n por su ideolog\u00eda de izquierdas, algo que chocar\u00eda con la intenci\u00f3n de David Ellison de convertir Paramount en un estudio <b>\u00abcentrado en Am\u00e9rica\u00bb,\u00a0<\/b>con producciones orientadas al sector trumpista de la poblaci\u00f3n estadounidense.\u00a0<\/p>\n<p class=\"c-paragraph\">Entre dichas pel\u00edculas se encontrar\u00eda la adaptaci\u00f3n del videojuego\u00a0Call of Duty que dirigir\u00e1 <b>Peter Berg <\/b>con guion de <b>Taylor Sheridan <\/b>(Yellowstone). El abandono del estudio por parte de este \u00faltimo, sin embargo, podr\u00eda ser un palo en las ruedas para este cambio de rumbo.\u00a0\u00a0\u00a0<\/p>\n<p class=\"c-paragraph\">En la historia de Hollywood, el t\u00e9rmino &#8216;lista negra&#8217; se asocia a la campa\u00f1a anticomunista emprendida por los estudios tras la II Guerra Mundial, durante la llamada <b>&#8216;caza de brujas&#8217;. <\/b>Entre las personalidades afectadas por dicha persecuci\u00f3n destacan guionistas como <b>Dalton Trumbo, <\/b>directores como <b>Edward Dmytryk <\/b>e int\u00e9rpretes como <b>Zero Mostel, Lee J. Cobb <\/b>y <b>John Garfield.\u00a0<\/b><\/p>\n","protected":false},"excerpt":{"rendered":"100 d\u00edas al frente de Paramount han bastado para que David Ellison se gane la reputaci\u00f3n de elefante&hellip;\n","protected":false},"author":2,"featured_media":220835,"comment_status":"","ping_status":"","sticky":false,"template":"","format":"standard","meta":{"footnotes":""},"categories":[91],"tags":[37058,146,147,25,24,15751,19568,23],"class_list":{"0":"post-220834","1":"post","2":"type-post","3":"status-publish","4":"format-standard","5":"has-post-thumbnail","7":"category-entretenimiento","8":"tag-emma-stone","9":"tag-entertainment","10":"tag-entretenimiento","11":"tag-es","12":"tag-espana","13":"tag-javier-bardem","14":"tag-paramount","15":"tag-spain"},"share_on_mastodon":{"url":"https:\/\/pubeurope.com\/@es\/115500413273650856","error":""},"_links":{"self":[{"href":"https:\/\/www.europesays.com\/es\/wp-json\/wp\/v2\/posts\/220834","targetHints":{"allow":["GET"]}}],"collection":[{"href":"https:\/\/www.europesays.com\/es\/wp-json\/wp\/v2\/posts"}],"about":[{"href":"https:\/\/www.europesays.com\/es\/wp-json\/wp\/v2\/types\/post"}],"author":[{"embeddable":true,"href":"https:\/\/www.europesays.com\/es\/wp-json\/wp\/v2\/users\/2"}],"replies":[{"embeddable":true,"href":"https:\/\/www.europesays.com\/es\/wp-json\/wp\/v2\/comments?post=220834"}],"version-history":[{"count":0,"href":"https:\/\/www.europesays.com\/es\/wp-json\/wp\/v2\/posts\/220834\/revisions"}],"wp:featuredmedia":[{"embeddable":true,"href":"https:\/\/www.europesays.com\/es\/wp-json\/wp\/v2\/media\/220835"}],"wp:attachment":[{"href":"https:\/\/www.europesays.com\/es\/wp-json\/wp\/v2\/media?parent=220834"}],"wp:term":[{"taxonomy":"category","embeddable":true,"href":"https:\/\/www.europesays.com\/es\/wp-json\/wp\/v2\/categories?post=220834"},{"taxonomy":"post_tag","embeddable":true,"href":"https:\/\/www.europesays.com\/es\/wp-json\/wp\/v2\/tags?post=220834"}],"curies":[{"name":"wp","href":"https:\/\/api.w.org\/{rel}","templated":true}]}}