{"id":220840,"date":"2025-11-06T02:36:16","date_gmt":"2025-11-06T02:36:16","guid":{"rendered":"https:\/\/www.europesays.com\/es\/220840\/"},"modified":"2025-11-06T02:36:16","modified_gmt":"2025-11-06T02:36:16","slug":"ayuso-carga-contra-el-gobierno-por-su-politica-sectaria-de-vivienda-y-luego-les-pide-colaboracion","status":"publish","type":"post","link":"https:\/\/www.europesays.com\/es\/220840\/","title":{"rendered":"Ayuso carga contra el Gobierno por su pol\u00edtica \u00absectaria\u00bb de vivienda y luego les pide colaboraci\u00f3n"},"content":{"rendered":"<p class=\"article-text\">\n        La presidenta de la Comunidad de Madrid, Isabel D\u00edaz Ayuso, ha usado una comparecencia sobre su nuevo plan de vivienda para cargar contra el Gobierno y, a rengl\u00f3n seguido, pedirles colaboraci\u00f3n. La dirigente madrile\u00f1a, que se niega a aplicar la ley estatal, ha asegurado que el \u201cproblema\u201d de la vivienda solo se va a solucionar si se ataja \u201cde ra\u00edz\u201d con gobiernos que \u201cse hablan entre ellos\u201d y se necesita que \u201ctodos vayan a una\u201d.\n    <\/p>\n<p class=\"article-text\">\n         \u201cCulpar \u00fanicamente o buscar qui\u00e9n puede arreglar esto desde una \u00fanica administraci\u00f3n es absurdo\u201d, se ha quejado Ayuso. A continuaci\u00f3n, ha procedido a criticar al Ejecutivo por  el \u201cexceso de burocracia\u201d, los impuestos, las \u201cleyes sectarias\u201d que desincentivan, atacar a la propiedad y generar inseguridad jur\u00eddica. \u201cLa mayor\u00eda de los propietarios son clase media que tienen su hucha, sus pisos destinados para el futuro de sus hijos y de repente ven c\u00f3mo su casa es intervenida por invitaci\u00f3n pol\u00edtica\u201d, ha asegurado la l\u00edder madrile\u00f1a, una regi\u00f3n con los precios de compra y alquiler disparados, que tambi\u00e9n ha defendido que su modelo \u201cha sido y sigue siendo un referente en toda Espa\u00f1a\u201d.\n    <\/p>\n<p class=\"article-text\">\n        \u201cNos hemos atrevido a hacer justo lo contrario de lo que se promov\u00eda desde el Gobierno central: garantizar m\u00e1s libertad, no m\u00e1s intervenci\u00f3n, brindar seguridad jur\u00eddica y ofrecer m\u00e1s oferta de vivienda en lugar de limitaciones. Y ha funcionado\u201d, ha argumentado, frente a otros lugares en los que \u201cse ha desmadrado la okupaci\u00f3n\u201d.\n    <\/p>\n<p class=\"article-text\">\n        La mayor\u00eda de las medidas ya las hab\u00eda anunciado <a href=\"https:\/\/www.eldiario.es\/madrid\/politica\/construccion-control-suelo-ayuso-anuncia-nuevo-plan-vivienda-aplicar-ley-estatal_1_12595477.html\" target=\"_blank\" data-mrf-recirculation=\"links-noticia\" class=\"link\" rel=\"nofollow noopener\">previamente en septiembre durante el debate del Estado de la regi\u00f3n<\/a>, como aumentar el n\u00famero de viviendas protegidas con el incremento del 10% de los metros cuadrados edificables en las parcelas y de un 20% de la densidad permitida en los proyectos de construcci\u00f3n de vivienda protegida, as\u00ed como una modificaci\u00f3n de los usos del suelo.\u00a0El plan &#8216;mi primera vivienda&#8217; incluir\u00e1 la obra nueva y ampliar\u00e1 la edad de los solicitantes de los 40 a los 50 a\u00f1os: \u201cPensamos en los j\u00f3venes pero en todas las familias que necesitan ayuda, quienes a partir de la crisis de 2008 no pudieron acceder a vivienda en propiedad\u201d.\n    <\/p>\n<p>    <a href=\"https:\/\/www.eldiario.es\/madrid\/politica\/construccion-control-suelo-ayuso-anuncia-nuevo-plan-vivienda-aplicar-ley-estatal_1_12595477.html\" data-mrf-recirculation=\"saber-mas-abajo\" data-dl-event=\"saber-mas-abajo\" rel=\"nofollow noopener\" target=\"_blank\"><\/p>\n<p class=\"know-more__title\">M\u00e1s construcci\u00f3n y menos control del suelo: Ayuso anuncia un nuevo plan de vivienda sin aplicar la ley estatal<\/p>\n<p>            <img decoding=\"async\" class=\"lazy\" loading=\"lazy\" data-src=\"https:\/\/static.eldiario.es\/clip\/18c8b153-8370-4af0-82f1-231db20d456d_16-9-aspect-ratio_default_0.jpg\" src=\"data:image\/svg+xml,%3Csvg xmlns=\" http:=\"\" viewbox=\"0 0 880 495\" alt=\"M\u00e1s construcci\u00f3n y menos control del suelo: Ayuso anuncia un nuevo plan de vivienda sin aplicar la ley estatal\"\/><\/p>\n<p>                        <\/a><\/p>\n<p class=\"article-text\">\n        Asimismo, la presidenta ha detallado que la Agencia de Vivienda Social (AVS) contar\u00e1 con 500 nuevos hogares para familias en situaci\u00f3n de vulnerabilidad, elevando hasta los 2.100 el n\u00famero de pisos disponibles.\n    <\/p>\n","protected":false},"excerpt":{"rendered":"La presidenta de la Comunidad de Madrid, Isabel D\u00edaz Ayuso, ha usado una comparecencia sobre su nuevo plan&hellip;\n","protected":false},"author":2,"featured_media":220841,"comment_status":"","ping_status":"","sticky":false,"template":"","format":"standard","meta":{"footnotes":""},"categories":[8],"tags":[6984,17,18,6514,598,25,24,13,14,582,11,19,20,8505,43907,9,10,15,16,34,952,58789,23,12,21,22,3633],"class_list":{"0":"post-220840","1":"post","2":"type-post","3":"status-publish","4":"format-standard","5":"has-post-thumbnail","7":"category-espana","8":"tag-ayuso","9":"tag-breaking-news","10":"tag-breakingnews","11":"tag-carga","12":"tag-colaboracion","13":"tag-es","14":"tag-espana","15":"tag-featured-news","16":"tag-featurednews","17":"tag-gobierno","18":"tag-headlines","19":"tag-latest-news","20":"tag-latestnews","21":"tag-les","22":"tag-luego","23":"tag-news","24":"tag-noticias","25":"tag-noticias-destacadas","26":"tag-noticiasdestacadas","27":"tag-pide","28":"tag-politica","29":"tag-sectaria","30":"tag-spain","31":"tag-titulares","32":"tag-ultimas-noticias","33":"tag-ultimasnoticias","34":"tag-vivienda"},"share_on_mastodon":{"url":"https:\/\/pubeurope.com\/@es\/115500429161250162","error":""},"_links":{"self":[{"href":"https:\/\/www.europesays.com\/es\/wp-json\/wp\/v2\/posts\/220840","targetHints":{"allow":["GET"]}}],"collection":[{"href":"https:\/\/www.europesays.com\/es\/wp-json\/wp\/v2\/posts"}],"about":[{"href":"https:\/\/www.europesays.com\/es\/wp-json\/wp\/v2\/types\/post"}],"author":[{"embeddable":true,"href":"https:\/\/www.europesays.com\/es\/wp-json\/wp\/v2\/users\/2"}],"replies":[{"embeddable":true,"href":"https:\/\/www.europesays.com\/es\/wp-json\/wp\/v2\/comments?post=220840"}],"version-history":[{"count":0,"href":"https:\/\/www.europesays.com\/es\/wp-json\/wp\/v2\/posts\/220840\/revisions"}],"wp:featuredmedia":[{"embeddable":true,"href":"https:\/\/www.europesays.com\/es\/wp-json\/wp\/v2\/media\/220841"}],"wp:attachment":[{"href":"https:\/\/www.europesays.com\/es\/wp-json\/wp\/v2\/media?parent=220840"}],"wp:term":[{"taxonomy":"category","embeddable":true,"href":"https:\/\/www.europesays.com\/es\/wp-json\/wp\/v2\/categories?post=220840"},{"taxonomy":"post_tag","embeddable":true,"href":"https:\/\/www.europesays.com\/es\/wp-json\/wp\/v2\/tags?post=220840"}],"curies":[{"name":"wp","href":"https:\/\/api.w.org\/{rel}","templated":true}]}}