{"id":220846,"date":"2025-11-06T02:45:10","date_gmt":"2025-11-06T02:45:10","guid":{"rendered":"https:\/\/www.europesays.com\/es\/220846\/"},"modified":"2025-11-06T02:45:10","modified_gmt":"2025-11-06T02:45:10","slug":"el-cb-gran-canaria-se-desata-en-el-ultimo-cuarto-y-hace-los-deberes-para-clasificarse-para-el-round-of-16-de-la-champions","status":"publish","type":"post","link":"https:\/\/www.europesays.com\/es\/220846\/","title":{"rendered":"El CB Gran Canaria se desata en el \u00faltimo cuarto y hace los deberes para clasificarse para el Round of 16 de la Champions"},"content":{"rendered":"<p class=\"ft-text ft-helper-closenews ft-helper-align-justify\"><strong>Deberes hechos a dos jornadas para el final.<\/strong> Como los buenos estudiantes. El<strong> <\/strong><a class=\"ft-link ft-link--decoration\" href=\"https:\/\/www.laprovincia.es\/cb-gran-canaria\/2025\/11\/05\/pablo-melo-deja-entrenador-filial-123399239.html\" rel=\"nofollow noopener\" target=\"_blank\"><strong>Dreamland Gran Canaria<\/strong><\/a><strong> dobleg\u00f3 en casa al KK Spartak<\/strong> en un partido en el que <strong>demostr\u00f3 problemas ofensivos<\/strong>, pero gracias a un <strong>\u00faltimo empuj\u00f3n donde ense\u00f1\u00f3 car\u00e1cter<\/strong> <strong>cerr\u00f3 el triunfo<\/strong>, as\u00ed como su <strong>billete para el Round of 16 de la Basketball <\/strong><a class=\"ft-link ft-link--decoration\" href=\"https:\/\/www.laprovincia.es\/tags\/futbol\/\" rel=\"nofollow noopener\" target=\"_blank\">Champions League<\/a>. Esta <strong>clasificaci\u00f3n<\/strong> lleg\u00f3 despu\u00e9s de que el <strong>Benfica<\/strong> ganase su partido ante el <strong>Le Mans<\/strong> en <strong>Portugal<\/strong> y <strong>abriese a los amarillos la puerta de la siguiente ronda<\/strong>, donde parecen destinados a <a class=\"ft-link ft-link--decoration\" href=\"https:\/\/www.laprovincia.es\/cb-gran-canaria\/2025\/11\/03\/cb-gran-canaria-vislumbra-siguiente-123310695.html\" rel=\"nofollow noopener\" target=\"_blank\"><strong>encontrarse con La Laguna Tenerife<\/strong><\/a>.<\/p>\n<p>Un Tobey sin fallo lanza a un Granca s\u00f3lido<\/p>\n<p class=\"ft-text ft-helper-align-justify\">La <strong>partitura amarilla<\/strong> comenz\u00f3 tocando las notas correctas en su ataque. <strong>Wong<\/strong> y <strong>Tobey<\/strong> lanzaron al <strong>Granca<\/strong> de inicio, pero el problema apareci\u00f3 atr\u00e1s. El acierto del <strong>KK Spartak<\/strong> y la presencia en la zona de <strong>Shevon Thompson<\/strong> dilu\u00edan un poco el incre\u00edble arranque de <a class=\"ft-link ft-link--decoration\" href=\"https:\/\/www.laprovincia.es\/tags\/mike-tobey\/\" rel=\"nofollow noopener\" target=\"_blank\"><strong>Mike Tobey<\/strong><\/a>, que anot\u00f3 sus primeros <strong>11 puntos sin fallo<\/strong> (17-12).<\/p>\n<p class=\"ft-text ft-helper-align-justify\"><strong>Lakovic<\/strong>, que volvi\u00f3 a apostar por <strong>Kuath<\/strong> como descarte, rot\u00f3 a su equipo con ligereza, buscando no perder esa <strong>chispa inicial<\/strong> con la que hab\u00eda arrancado su conjunto. Esa <strong>vitalidad<\/strong> se mantuvo, con alg\u00fan momento de <strong>atasco ofensivo<\/strong>, pero sin una incidencia preocupante, m\u00e1s all\u00e1 de la pujanza de un rival que <strong>no dio ni un paso atr\u00e1s<\/strong>.<\/p>\n<p class=\"ft-text ft-helper-align-justify\">Eso s\u00ed, un <strong>\u00faltimo estir\u00f3n de los grancanarios<\/strong>, con un gran <a class=\"ft-link ft-link--decoration\" href=\"https:\/\/www.laprovincia.es\/tags\/pierre-pelos\/\" rel=\"nofollow noopener\" target=\"_blank\"><strong>Pelos<\/strong><\/a> ejerciendo labores de <strong>p\u00edvot<\/strong> en el esquema y <strong>acariciando la red con sus triples desde las esquinas<\/strong> \u2014su especialidad\u2014, puso la <strong>m\u00e1xima del partido<\/strong> justo antes del final del primer acto (28-18).<\/p>\n<p>Atasco generalizado amarillo<\/p>\n<p class=\"ft-text ft-helper-align-justify\">No obstante, tras el receso s\u00ed que hubo algo m\u00e1s de dudas por parte de un <strong>Gran Canaria<\/strong> que tuvo que solicitar un <strong>tiempo muerto<\/strong> para <strong>agitar la coctelera en ataque<\/strong>. Los <strong>claretianos<\/strong> no encontraron ventajas, y fueron los <strong>tiros libres<\/strong> los que <strong>aliviaron la sequ\u00eda<\/strong>. Mientras tanto, el <strong>Spartak<\/strong> tampoco logr\u00f3 encontrar v\u00edas para acercarse en el marcador de forma peligrosa.<\/p>\n<p class=\"ft-text ft-helper-align-justify\">La <strong>primera canasta en juego de los locales<\/strong> lleg\u00f3 a cuatro minutos de terminar la primera parte, obra de <strong>Tobey<\/strong>. Hab\u00eda que empezar a coger algo m\u00e1s de <strong>calor<\/strong> y <strong>rebotear con m\u00e1s firmeza<\/strong> para poder correr, ya que los <strong>insulares<\/strong> hab\u00edan sido capaces de hacerlo con <strong>mucho criterio<\/strong> para <strong>sumar puntos f\u00e1ciles<\/strong> que ahora no estaban llegando.<\/p>\n<p class=\"ft-text ft-helper-align-justify\"><a class=\"ft-link ft-link--decoration\" href=\"https:\/\/www.laprovincia.es\/tags\/jaka-lakovic\/\" rel=\"nofollow noopener\" target=\"_blank\"><strong>Jaka Lakovic<\/strong><\/a> busc\u00f3 soluciones, <strong>movi\u00f3 el banco<\/strong> e hizo probaturas con su <strong>quinteto<\/strong> sin <strong>dar con la tecla<\/strong>; el acierto, <strong>paup\u00e9rrimo desde la larga distancia<\/strong> en este periodo, complic\u00f3 la tarea (39-30).<\/p>\n<p class=\"ft-text ft-helper-align-justify\">Con ese panorama, la <strong>escuadra amarilla<\/strong> se march\u00f3 al vestuario con <strong>la vista nublada<\/strong>; a los <strong>errores en el triple<\/strong> y los <strong>problemas para capturar rechaces con fuerza<\/strong> se sumaron algunos <strong>tiros libres<\/strong> que no cayeron dentro. El <strong>ataque de los isle\u00f1os<\/strong> <strong>cortocircuit\u00f3<\/strong>, aunque la <strong>defensa sobre Olivier Hanlan<\/strong> (2 puntos en la primera mitad) s\u00ed que estaba <strong>funcionando<\/strong> (42-33).<\/p>\n<p>El Spartak llama a la puerta<\/p>\n<p class=\"ft-text ft-helper-align-justify\">Despu\u00e9s de pasar por el vestuario, dos <strong>recuperaciones de bal\u00f3n<\/strong> y dos <strong>alley-oops seguidos<\/strong> insuflaron aire al <strong>plantel claretiano<\/strong>. Poco a poco, el <strong>parcial<\/strong> creci\u00f3 a pesar de estar <strong>peleados con el tiro exterior<\/strong>; cuando el <strong>Granca<\/strong> pod\u00eda correr, era capaz de <strong>quitarse de encima todo el peso de los errores en el triple<\/strong>. Asimismo, el <strong>nivel defensivo<\/strong> se mantuvo <strong>constante<\/strong>, aunque los <strong>rebotes<\/strong> segu\u00edan siendo un <strong>dolor de muelas<\/strong>.<\/p>\n<p class=\"ft-text ft-helper-align-justify\">La <strong>distancia entre los locales y el equipo serbio<\/strong> no descendi\u00f3 (52-39) y siempre oscilaba en torno a las mismas cifras. Eso supon\u00eda una <strong>ayuda considerable<\/strong>, viendo c\u00f3mo se estaba desarrollando el partido. Pero un <strong>parcial de 0-7<\/strong>, con <strong>Shevon Thompson<\/strong> perforando con calidad la <strong>zona grancanaria<\/strong>, trajo consigo de nuevo la <strong>incertidumbre<\/strong>. Y <strong>Jaka Lakovic<\/strong> lo tuvo que volver a parar.<\/p>\n<p class=\"ft-text ft-helper-align-justify\">El <strong>descontrol<\/strong> tom\u00f3 cuerpo en un <strong>Gran Canaria<\/strong> al que las <strong>malas sensaciones en ataque<\/strong> le estaban jugando una mala pasada tambi\u00e9n en su <strong>toma de decisiones<\/strong>, algo que imped\u00eda <strong>imponerse y romper el choque<\/strong>. El <strong>Spartak<\/strong> ya estaba ah\u00ed (54-49).<\/p>\n<p>Un \u00faltimo empuj\u00f3n a base de coraje<\/p>\n<p class=\"ft-text ft-helper-align-justify\">Hab\u00eda que <strong>rebajar la rebeli\u00f3n de los serbios<\/strong> como se pudiera porque, de lo contrario, el <strong>billete directo al Round of 16 de la BCL<\/strong> pod\u00eda llegar a <strong>dilatarse m\u00e1s en el tiempo<\/strong>. Por eso, los <strong>insulares<\/strong> intentaron darle al encuentro esa <strong>dosis de rock<\/strong> que metiese tambi\u00e9n a la <strong>grada<\/strong>.<\/p>\n<p class=\"ft-text ft-helper-align-justify\">Un <strong>triple de Wong<\/strong>, el \u00fanico de los locales desde el primer cuarto, <strong>aviv\u00f3 el fuego<\/strong>, aupado tambi\u00e9n por los <strong>errores de un Spartak<\/strong> que, a la hora de la verdad, <strong>no apret\u00f3 las tuercas que deb\u00eda<\/strong>. Por fin, la <strong>buena defensa<\/strong> se combin\u00f3 con un <strong>acierto<\/strong>, ahora s\u00ed, del nivel que <strong>necesita un equipo como el Granca<\/strong>, que <strong>aspira a llegar lejos en todas las competiciones<\/strong>. <a class=\"ft-link ft-link--decoration\" href=\"https:\/\/www.laprovincia.es\/tags\/nico-brussino\/\" rel=\"nofollow noopener\" target=\"_blank\"><strong>Brussino<\/strong><\/a>, en tres ocasiones y ya sintiendo el picorcito, y <a class=\"ft-link ft-link--decoration\" href=\"https:\/\/www.laprovincia.es\/tags\/andrew-albicy\/\" rel=\"nofollow noopener\" target=\"_blank\"><strong>Albicy<\/strong><\/a> <strong>cambiaron el panorama<\/strong>, as\u00ed como el <strong>porcentaje de un equipo que encontr\u00f3 acomodo en el barro<\/strong>; no hubo <strong>concesiones atr\u00e1s<\/strong> y los <strong>triples entraron<\/strong>. El <strong>esfuerzo<\/strong> y el <strong>sacrificio colectivo<\/strong> dieron sus <strong>frutos<\/strong>.<\/p>\n<p class=\"ft-text ft-helper-align-justify\">Con el <strong>partido ya roto<\/strong>, <strong>Lakovic<\/strong> puso en pista a <strong>Maniema<\/strong> y <strong>Heinonen,<\/strong> aunque a \u00e9ste \u00faltimo solo lo sac\u00f3 un par de segundos, para <strong>completar una noche<\/strong> que pudo ponerse <strong>cuesta arriba<\/strong>, pero que acab\u00f3 con <strong>final feliz<\/strong> y con la <strong>tranquilidad de estar ya clasificados para la siguiente fase<\/strong> (77-62).<\/p>\n<p class=\"ft-text ft-helper-align-justify\">Tras casi dos cuartos de <strong>bajo acierto<\/strong> y con muchos <strong>problemas para encontrar ventajas<\/strong>, el <strong>Dreamland Gran Canaria<\/strong> desat\u00f3 una <strong>tormenta en los \u00faltimos diez minutos<\/strong> que bien vale <strong>sellar un primer objetivo<\/strong>. Aun as\u00ed, la mejor\u00eda todav\u00eda no se ve por completo, y esto no acaba aqu\u00ed, ya que en apenas unos d\u00edas <strong>llega la primera prueba de fuego para el proyecto: visitar al Breog\u00e1n para aclarar un poco el camino a la Copa<\/strong>. Mientras tanto, <strong>habr\u00e1 que saborear una clasificaci\u00f3n europea que cuyo regalo es, por ahora, un derbi canario in\u00e9dito a nivel continental<\/strong> a modo de bienvenida.<\/p>\n<p data-close=\"closedContent\" class=\"subscribeHideForDisplay\">Suscr\u00edbete para seguir leyendo<\/p>\n","protected":false},"excerpt":{"rendered":"Deberes hechos a dos jornadas para el final. Como los buenos estudiantes. El Dreamland Gran Canaria dobleg\u00f3 en&hellip;\n","protected":false},"author":2,"featured_media":220847,"comment_status":"","ping_status":"","sticky":false,"template":"","format":"standard","meta":{"footnotes":""},"categories":[269],"tags":[299,298,7221,2609,2425,4616,168,3006,25,24,4513,3956,1897,740,23,167,3667],"class_list":{"0":"post-220846","1":"post","2":"type-post","3":"status-publish","4":"format-standard","5":"has-post-thumbnail","7":"category-baloncesto","8":"tag-baloncesto","9":"tag-basketball","10":"tag-canaria","11":"tag-cb","12":"tag-cb-gran-canaria","13":"tag-clasificacion","14":"tag-deportes","15":"tag-desata","16":"tag-es","17":"tag-espana","18":"tag-fuego","19":"tag-gran","20":"tag-gran-canaria","21":"tag-puerta","22":"tag-spain","23":"tag-sports","24":"tag-ultimo"},"share_on_mastodon":{"url":"https:\/\/pubeurope.com\/@es\/115500464436727030","error":""},"_links":{"self":[{"href":"https:\/\/www.europesays.com\/es\/wp-json\/wp\/v2\/posts\/220846","targetHints":{"allow":["GET"]}}],"collection":[{"href":"https:\/\/www.europesays.com\/es\/wp-json\/wp\/v2\/posts"}],"about":[{"href":"https:\/\/www.europesays.com\/es\/wp-json\/wp\/v2\/types\/post"}],"author":[{"embeddable":true,"href":"https:\/\/www.europesays.com\/es\/wp-json\/wp\/v2\/users\/2"}],"replies":[{"embeddable":true,"href":"https:\/\/www.europesays.com\/es\/wp-json\/wp\/v2\/comments?post=220846"}],"version-history":[{"count":0,"href":"https:\/\/www.europesays.com\/es\/wp-json\/wp\/v2\/posts\/220846\/revisions"}],"wp:featuredmedia":[{"embeddable":true,"href":"https:\/\/www.europesays.com\/es\/wp-json\/wp\/v2\/media\/220847"}],"wp:attachment":[{"href":"https:\/\/www.europesays.com\/es\/wp-json\/wp\/v2\/media?parent=220846"}],"wp:term":[{"taxonomy":"category","embeddable":true,"href":"https:\/\/www.europesays.com\/es\/wp-json\/wp\/v2\/categories?post=220846"},{"taxonomy":"post_tag","embeddable":true,"href":"https:\/\/www.europesays.com\/es\/wp-json\/wp\/v2\/tags?post=220846"}],"curies":[{"name":"wp","href":"https:\/\/api.w.org\/{rel}","templated":true}]}}