{"id":220850,"date":"2025-11-06T02:47:11","date_gmt":"2025-11-06T02:47:11","guid":{"rendered":"https:\/\/www.europesays.com\/es\/220850\/"},"modified":"2025-11-06T02:47:11","modified_gmt":"2025-11-06T02:47:11","slug":"sydney-sweeney-utiliza-una-sola-palabra-para-referirse-al-apoyo-de-trump-a-su-polemico-anuncio-de-vaqueros","status":"publish","type":"post","link":"https:\/\/www.europesays.com\/es\/220850\/","title":{"rendered":"Sydney Sweeney utiliza una sola palabra para referirse al apoyo de Trump a su pol\u00e9mico anuncio de vaqueros"},"content":{"rendered":"<p><b>Sydney Sweeney<\/b> tiene unos <b>vaqueros estupendos<\/b>. A todos nos qued\u00f3 claro desde este verano, cuando la actriz fue el rostro de <a href=\"https:\/\/www.huffingtonpost.es\/life\/influencers-celebrities\/sydney-sweeney-protagonista-polemica-anuncio-vaqueros-tachan-racista-supremacistabr.html\" rel=\"nofollow noopener\" target=\"_blank\">una pol\u00e9mica campa\u00f1a de la marca de <b>pantalones American Eagle<\/b><\/a>. Pol\u00e9mica, cabe recordar, porque el anuncio jugaba con jeans, que <b>pronunciado <\/b>bien <b>se parece bastante a gens (genes)<\/b>, lo que se entendi\u00f3 en algunos sectores como una campa\u00f1a supremacista blanca y hasta eugenesia.<\/p>\n<p>El <b>esc\u00e1ndalo fue inmediato<\/b> y m\u00e1xime cuando se supo de la <b>simpat\u00eda republicana de Sydney Sweeney<\/b>. Un caramelito \u2014lo de su voto\u2014 para que <a href=\"https:\/\/www.huffingtonpost.es\/global\/trump-respalda-sydney-sweeney-polemico-anuncio-american-eaglebr.html\" rel=\"nofollow noopener\" target=\"_blank\"><b>Donald Trump<\/b> se metiera en la cuesti\u00f3n. El presidente de EEUU quiso <b>mostrarle su apoyo<\/b><\/a> y, aunque parec\u00eda no saber muy bien de qui\u00e9n se trataba. \u00ab\u00bf<b>Es republicana registrada? Oh. \u00a1Ahora me encanta su anuncio!<\/b>\u00ab, expuso entonces Trump.<\/p>\n<p>Han pasado unos meses. Y cuando parec\u00eda alejada la pol\u00e9mica de los jeans\u00a0de la actriz de Euphoria o Madame Web, unas palabras suyas han reabierto la cuesti\u00f3n. En <a href=\"https:\/\/www.gq.com\/story\/sydney-sweeney-gq-cover-story-interview-men-of-the-year-2025\" target=\"_blank\" rel=\"nofollow noopener\">una entrevista para la revista GQ<\/a>, Sweeney ha querido <b>alejar cualquier fuego<\/b>, tanto por el anuncio como por el apoyo de Trump.\u00a0<\/p>\n<p>\u00ab<b>Hice un anuncio de vaqueros<\/b>. La reacci\u00f3n fue sin duda una sorpresa, pero me encantan los vaqueros. Solo llevo vaqueros. Literalmente, todos los d\u00edas de mi vida voy en vaqueros y camiseta\u00bb, comienza explicando Sweeney a la pregunta de los periodistas.\u00a0<\/p>\n<p>Algo m\u00e1s concisa fue sobre el respaldo de Trump y de J. D. Vance. Sin querer a\u00f1adir m\u00e1s, limit\u00f3 a respuesta a <b>calificar como \u00absurrealista\u00bb<\/b> el hecho de que el presidente y el vicepresidente de EEUU le respaldaran p\u00fablicamente.<\/p>\n<p>En pleno rodaje, Sweeney asegura que apenas ten\u00eda tiempo para seguir el foll\u00f3n. \u00abEstoy grabando Euphoria, as\u00ed que <b>trabajo jornadas de 16 horas<\/b> y no suelo llevar el tel\u00e9fono al plat\u00f3; trabajo, luego me voy a casa y duermo. As\u00ed que<b> no vi mucho de eso<\/b>\u00ab, contin\u00faa en las p\u00e1ginas de GQ.<\/p>\n<p>Sobre los rumores de si la empresa dispar\u00f3 o hundi\u00f3 sus cifras por las acusaciones de supremacismo asegura que \u00ab<b>nada de eso era cierto<\/b>\u00ab. \u00abTodo era inventado, pero nadie pod\u00eda decir nada porque [la empresa] estaba guardando un tiempo de silencio. As\u00ed que todo eran solo rumores\u00bb. \u00abY como al final <b>sab\u00eda para qu\u00e9 era ese anuncio, y eran unos vaqueros estupendos<\/b>, no me afect\u00f3 en absoluto\u00bb, ha rematado al respecto.<\/p>\n<p>Superado ese &#8216;tiempo de silencio&#8217;, la propia empresa de vaqueros, <b>American Eagle<\/b>, public\u00f3 un comunicado para reafirmar que <b>se trataba de eso, de vaqueros<\/b>. \u00abSeguiremos celebrando c\u00f3mo todo el mundo lleva sus vaqueros AE con confianza, a su manera. Los vaqueros geniales le quedan bien a todo el mundo\u00bb, expon\u00eda la empresa.<\/p>\n","protected":false},"excerpt":{"rendered":"Sydney Sweeney tiene unos vaqueros estupendos. A todos nos qued\u00f3 claro desde este verano, cuando la actriz fue&hellip;\n","protected":false},"author":2,"featured_media":220851,"comment_status":"","ping_status":"","sticky":false,"template":"","format":"standard","meta":{"footnotes":""},"categories":[174],"tags":[255,352,146,147,25,24,256,23],"class_list":{"0":"post-220850","1":"post","2":"type-post","3":"status-publish","4":"format-standard","5":"has-post-thumbnail","7":"category-famosos","8":"tag-celebrities","9":"tag-donald-trump","10":"tag-entertainment","11":"tag-entretenimiento","12":"tag-es","13":"tag-espana","14":"tag-famosos","15":"tag-spain"},"share_on_mastodon":{"url":"https:\/\/pubeurope.com\/@es\/115500472300254564","error":""},"_links":{"self":[{"href":"https:\/\/www.europesays.com\/es\/wp-json\/wp\/v2\/posts\/220850","targetHints":{"allow":["GET"]}}],"collection":[{"href":"https:\/\/www.europesays.com\/es\/wp-json\/wp\/v2\/posts"}],"about":[{"href":"https:\/\/www.europesays.com\/es\/wp-json\/wp\/v2\/types\/post"}],"author":[{"embeddable":true,"href":"https:\/\/www.europesays.com\/es\/wp-json\/wp\/v2\/users\/2"}],"replies":[{"embeddable":true,"href":"https:\/\/www.europesays.com\/es\/wp-json\/wp\/v2\/comments?post=220850"}],"version-history":[{"count":0,"href":"https:\/\/www.europesays.com\/es\/wp-json\/wp\/v2\/posts\/220850\/revisions"}],"wp:featuredmedia":[{"embeddable":true,"href":"https:\/\/www.europesays.com\/es\/wp-json\/wp\/v2\/media\/220851"}],"wp:attachment":[{"href":"https:\/\/www.europesays.com\/es\/wp-json\/wp\/v2\/media?parent=220850"}],"wp:term":[{"taxonomy":"category","embeddable":true,"href":"https:\/\/www.europesays.com\/es\/wp-json\/wp\/v2\/categories?post=220850"},{"taxonomy":"post_tag","embeddable":true,"href":"https:\/\/www.europesays.com\/es\/wp-json\/wp\/v2\/tags?post=220850"}],"curies":[{"name":"wp","href":"https:\/\/api.w.org\/{rel}","templated":true}]}}