{"id":220872,"date":"2025-11-06T03:10:10","date_gmt":"2025-11-06T03:10:10","guid":{"rendered":"https:\/\/www.europesays.com\/es\/220872\/"},"modified":"2025-11-06T03:10:10","modified_gmt":"2025-11-06T03:10:10","slug":"la-reaccion-de-rocio-carrasco-cuando-le-preguntamos-si-sigue-siendo-amiga-de-terelu-campos-hasta-el-fin-del-mundo-el-economista","status":"publish","type":"post","link":"https:\/\/www.europesays.com\/es\/220872\/","title":{"rendered":"La reacci\u00f3n de Roc\u00edo Carrasco cuando le preguntamos si sigue siendo amiga de Terelu Campos: &quot;Hasta el fin del mundo&quot; &#8211; El Economista"},"content":{"rendered":"<ol>\n<li><a href=\"https:\/\/news.google.com\/rss\/articles\/CBMinAJBVV95cUxPY0pNUklWWEktRDJoSndVNUowZWdLMVN6NnVPR0E5eXpCQVprVEJfcmZ2ZFN0aG9QVGZ0aXNRbTVYZjhZYmloT1VrcW45NTcwQTBfb2VEeHRSV1FIZUFYVnRzdms1ZzhkY2tDYVI0dDJUQWtUclBMZnNKSnIwbGNSMlRGUDd0WTJFcXdJYkwwY2RVVW1jTTZNOEtxREE2UEJjeElEUDlZbkJwUFhVeGtBYTFUUnlQQ1R0T0ZSTmx4bEoxa2VnaC14THN3VmtHMEdyeWNmNFdTcG9TVE93eWVzNXUxWVEtVGZuNXZKdHgyNEdKdzJxVXRKTWN2MWJaamNmRHVTSFNpYkhKbUNidy1oa0w2azk5b0hpTVpHatIBhwJBVV95cUxQU1pKYUNWRWRtSmstTVU4UGJEVEtaYU5XY216YkxRSnJlWGVPZEZlU0ZBVGpZUUxNcXVDQzJVa01TbThXelRrZThBNEZIQnd4Sld5ZEFsV01QYjdmaVpHRXRWV2h1eUk5bHhveEF4eW43d2hMUEpLUjBpc1NMZ2ZkNjdGcGNwZ2l0VVBFTXFMc3lDYTg0OS01WFN5M1BZZUFDcEhWenBPT3RLTS1ZdHdySVF0YS1QZ0d5RmNSY0lGa1prSDdLQm1ocURpdFg1RG92WnVaZEg0WHBvajA3MVJnTEIwanY2SzR6ejFVNGduem00Zy01bEpUNngyNzlIRVRPU1pVSm5UNA?oc=5\" target=\"_blank\" rel=\"nofollow noopener\">La reacci\u00f3n de Roc\u00edo Carrasco cuando le preguntamos si sigue siendo amiga de Terelu Campos: \u00abHasta el fin del mundo\u00bb<\/a>&nbsp;&nbsp;El Economista<\/li>\n<li><a href=\"https:\/\/news.google.com\/rss\/articles\/CBMirwFBVV95cUxNVUlfVzhJbWNtcW5YekkyQ0ZCbGhUZ25VLTA4aEM5Tzgtd3dBXzBHVHZiWHVrVW9CUFlMNGs4SDJ0bzdvOU1KVUpzaUtvMWVhYmhCUzduQm9ka184RFcxdXRlekxTZjNxcUtNZ2czQ051b2k2WTRBTHE5eVlIOXhEaGlsYzRuck9vX3hrSl9kV0MtbDJkcHBtaldESlprUjhlWHJoRGRHRDlqTzVWT3ow0gG0AUFVX3lxTE44aE5HdXhzUk91UHpWYldSWUNJc0VGTmRxUGtVbnR2Mlg3LXlQM21OS3pBWXp3dVJ3WWJYWE9rcTB4RHM1TnR5Y1ZWck1YRmVDTXJxWmlfYjNOMEQ2NTg4b1B6YTZrQWhqUkxrNU1FZjAwby1haDJJM1lMcXFKS1VMaEY1MXQyUjBpTlB0dmtSTGFzY1BIbV9wLXh3ZkRFVkxwQkFiU21wenNucjRsRnNMV3RpcA?oc=5\" target=\"_blank\" rel=\"nofollow noopener\">Roc\u00edo Carrasco da la cara por Terelu y acaba con las especulaciones sobre su relaci\u00f3n<\/a>&nbsp;&nbsp;OkDiario<\/li>\n<li><a href=\"https:\/\/news.google.com\/rss\/articles\/CBMi3wFBVV95cUxORnNCSHBKVi0tdTduSmtsRkdJRnZyZmgxTmVPR1JrTWUwZFRvb2F4RXZMbGFUUzdSRzAwMVgzSHRCYVlXTXFuNXNCTVBlNDZYQWVEYnp1VWRNYnNVTEVKaUtZVkpvWmpBbzRSSy14bnRYVFY4SWRUZW56dE0tTWZZTHdrcl9Ga2RYQ2w1Y1ZrY0oxQUkxMV9iRmNfdUhUMDJhRHVORVJ2U2RlaW5XTVlaMkZxLUh1V29IbWdCMGtlYm5tUi1jelg1eUdUbldKMWpFalhWUVhFVHFhTV9lRjZr0gHkAUFVX3lxTE13eTJ2QjUxSG40dTNPMklrNjUwb1hGWWh4YVNqSFpQcnBQOU5YTEo5U1c4UktocG1kNThoTEYwWWtnbm5xeEI5UFJUVTEtVXhBWlExU1pGcEp2U3Y1MUI3d2t5cFU4WVVBLXZOcFdSTUI5c2kyb1VOemZqeFg0U29tUjI1RVc1dHJSWEc5aTEzTUtaTXduUDZiVk90UDd6b0l2NnZVaFhGNk9ZOERTUGptbS1xeEkxUEJkT2hkS3JVOFRCMTJaMUFuTHN3QlVKM1JQZkxIbnNzNWw3VlAxeGp6TS1OcA?oc=5\" target=\"_blank\" rel=\"nofollow noopener\">Terelu Campos, sobre la ausencia de Roc\u00edo Carrasco en el estreno de su obra en Madrid: \u00abNo lo digo nunca, pero lo voy a decir\u00bb<\/a>&nbsp;&nbsp;20Minutos<\/li>\n<li><a href=\"https:\/\/news.google.com\/rss\/articles\/CBMi0AFBVV95cUxOb3hNVEwyWEJfLWhlVFA1RUxjNGNPQ3ZHYWVkSmNJUFJrYVl6M1lyUWlxSUhidlpmRmFrS2JtS2t6VFJmREpBN1BaUTdGTjRidUNKeDNaNVZSQ1NCVE9JTTJZRm50X3U3blcySXFGbnJrdTN6cWIteXFNVk9aTHFaaFBzV2ttMzljbUFWNnVPUDduTWpsVW9Ed0lWbGVncGIzZF94dzZSQ2lsZDVkTVgzZlRhQm8wVnh3aHgwQ0o1U1pSeFpsQ0xKbUF1VXFEZVJj0gHcAUFVX3lxTE1TdGVfeUwzYzVuazdCdVN0RXR3MEhnZndBUHg3ZGxMQ1hfYXRXVEZuUmUtNjdUeE10U0ZZNnpoRThwWWFxbkZwZlVSVEtqZ0VBbWhfTGpHUkhuUk5SRHpVVVc3a2lVS3g1eS1WaDZmUVhyM2lkZ2czbEJXOUE1NG9Nd21CV2JDbjg3XzZWRWg1SDc2VUlzWnlrTzZNcjdXc05LLWVRNDJJQlR6akZNckRwN2k1TXNxekRtX0p0cUxKRmxxNm9UYUZjZWl1SWtOWmJjNUhfWUZ2RFQwSkY?oc=5\" target=\"_blank\" rel=\"nofollow noopener\">Terelu Campos se pronuncia sobre la ausencia de Roc\u00edo Carrasco en su obra tras desvelarse que se \u00absorprendi\u00f3\u00bb<\/a>&nbsp;&nbsp;Telecinco<\/li>\n<li><a href=\"https:\/\/news.google.com\/rss\/articles\/CBMi4wFBVV95cUxQTjRUdFNqaHowRXExNl9uY3d2YmVtY2ZQaXE0N2VGZDhwV2J2QXlZMVoxR3NoUW1lc1ZSZWplUjY4RTUxTzdkSmd6VThtTEplbGxwNHJ1aDRlYlFuWHNVcDAxUmZXc042dUF5RU5ZQlBnRDd3Tm1GM3BFT3NvSG5YRHpPcHVRYjBDcy10aTBTRGhhRTNrNUVqdnktLVdnYlBDREpGRHZPWUNEQ1Z5OEVJTVlhQnRpS2Y0NDNIZVRoLWhOX2xtUkp2ODlxTzF1Vk5VOHd3dXRvQTd4eDR2X0FDVDM4OA?oc=5\" target=\"_blank\" rel=\"nofollow noopener\">Terelu Campos explica en qu\u00e9 punto est\u00e1 su relaci\u00f3n con Roc\u00edo Carrasco tras rumores de distanciamiento: \u00abNo lo digo nunca pero lo voy a decir\u00bb<\/a>&nbsp;&nbsp;Lecturas<\/li>\n<\/ol>\n","protected":false},"excerpt":{"rendered":"La reacci\u00f3n de Roc\u00edo Carrasco cuando le preguntamos si sigue siendo amiga de Terelu Campos: \u00abHasta el fin&hellip;\n","protected":false},"author":2,"featured_media":220873,"comment_status":"","ping_status":"","sticky":false,"template":"","format":"standard","meta":{"footnotes":""},"categories":[174],"tags":[255,146,147,25,24,256,23,807],"class_list":{"0":"post-220872","1":"post","2":"type-post","3":"status-publish","4":"format-standard","5":"has-post-thumbnail","7":"category-famosos","8":"tag-celebrities","9":"tag-entertainment","10":"tag-entretenimiento","11":"tag-es","12":"tag-espana","13":"tag-famosos","14":"tag-spain","15":"tag-television"},"share_on_mastodon":{"url":"https:\/\/pubeurope.com\/@es\/115500562696215449","error":""},"_links":{"self":[{"href":"https:\/\/www.europesays.com\/es\/wp-json\/wp\/v2\/posts\/220872","targetHints":{"allow":["GET"]}}],"collection":[{"href":"https:\/\/www.europesays.com\/es\/wp-json\/wp\/v2\/posts"}],"about":[{"href":"https:\/\/www.europesays.com\/es\/wp-json\/wp\/v2\/types\/post"}],"author":[{"embeddable":true,"href":"https:\/\/www.europesays.com\/es\/wp-json\/wp\/v2\/users\/2"}],"replies":[{"embeddable":true,"href":"https:\/\/www.europesays.com\/es\/wp-json\/wp\/v2\/comments?post=220872"}],"version-history":[{"count":0,"href":"https:\/\/www.europesays.com\/es\/wp-json\/wp\/v2\/posts\/220872\/revisions"}],"wp:featuredmedia":[{"embeddable":true,"href":"https:\/\/www.europesays.com\/es\/wp-json\/wp\/v2\/media\/220873"}],"wp:attachment":[{"href":"https:\/\/www.europesays.com\/es\/wp-json\/wp\/v2\/media?parent=220872"}],"wp:term":[{"taxonomy":"category","embeddable":true,"href":"https:\/\/www.europesays.com\/es\/wp-json\/wp\/v2\/categories?post=220872"},{"taxonomy":"post_tag","embeddable":true,"href":"https:\/\/www.europesays.com\/es\/wp-json\/wp\/v2\/tags?post=220872"}],"curies":[{"name":"wp","href":"https:\/\/api.w.org\/{rel}","templated":true}]}}