{"id":220880,"date":"2025-11-06T03:18:10","date_gmt":"2025-11-06T03:18:10","guid":{"rendered":"https:\/\/www.europesays.com\/es\/220880\/"},"modified":"2025-11-06T03:18:10","modified_gmt":"2025-11-06T03:18:10","slug":"bianca-censori-se-transforma-en-kim-kardashian-con-peluca-oscura-y-la-ropa-interior-por-fuera","status":"publish","type":"post","link":"https:\/\/www.europesays.com\/es\/220880\/","title":{"rendered":"Bianca Censori se transforma en Kim Kardashian, con peluca oscura y la ropa interior por fuera"},"content":{"rendered":"<p class=\"c-paragraph\">Una de las <b>parejas m\u00e1s medi\u00e1ticas y pol\u00e9micas del universo celebrity es la de Kanye West y Bianca Censori.<\/b> Desde que firm\u00f3 su divorcio con Kim Kardashian, el artista estuvo con varias mujeres hasta que conoci\u00f3 a la arquitecta y modelo australiana, con un romance corto y un posterior matrimonio que ha tenido m\u00e1s bajos que altos.\u00a0<\/p>\n<p class=\"c-paragraph\">La alarma comenz\u00f3 a sonar en la alfombra roja de los Premios\u00a0Grammy 2025, cuando Bianca apareci\u00f3 completamente desnuda junto al rapero, que iba vestido de pies a cabeza. Si bien muchas personas acusaron al rapero de controlar c\u00f3mo vest\u00eda la australiana (<a href=\"https:\/\/www.20minutos.es\/mujer\/mas-mujer\/bianca-censori-no-es-unica-otras-parejas-kanye-west-obligaba-vestirse-gusto-5680094\/\" title=\"Bianca Censori no es la \u00fanica: otras parejas a las que Kanye West obligaba a vestirse a su gusto\" rel=\"nofollow noopener\" target=\"_blank\">como denunciaban sus exnovias<\/a>), lo que hizo que finalmente se<b> separase de \u00e9l, seg\u00fan los rumores,<\/b> fueron la ristra de\u00a0<b><b>comentarios antisemitas de West en X<\/b><\/b>\u00a0y la\u00a0<a href=\"https:\/\/www.20minutos.es\/mujer\/moda\/camiseta-esvastica-kanye-west-disenadores-simbologia-nazi-colecciones-5681149\/\" title=\"M\u00e1s all\u00e1 de la camiseta con esv\u00e1stica de Kanye West: otros dise\u00f1adores con simbolog\u00eda nazi en sus colecciones\" rel=\"nofollow noopener\" target=\"_blank\">venta de la camiseta con la esv\u00e1stica<\/a>.\u00a0<\/p>\n<p class=\"c-paragraph\">No obstante, parece que ambos <b>superaron esa crisis,<\/b> ya que durante este verano se les vio <b>pasear juntos por las calles de Mallorca.<\/b> Durante estas salidas, Censori dejaba a todos impactados por sus looks atrevidos, en los que las transparencias y los cortes extremos eran los protagonistas.<\/p>\n<p>Confunden a Bianca Censori con Kim Kardashian por su &#8216;look&#8217;<\/p>\n<p class=\"c-paragraph\">Su \u00faltima aparici\u00f3n, aunque sin Kanye West, no ha estado exenta de pol\u00e9mica, saliendo a <b>pasear junto a su hermana por Melbourne <\/b>(Australia) con un estilismo que no ha pasado desapercibido. Si bien el conjunto era ya de por s\u00ed atrevido, lo m\u00e1s llamativo era su<b> gran parecido f\u00edsico con Kim Kardashian.<\/b><\/p>\n<p class=\"c-paragraph\">Bianca se ha despedido de su melena rubia corta y ha apostado por una <b>peluca oscura, lisa y con flequillo, que nos recordaba al ic\u00f3nico look con<\/b> el que la empresaria salt\u00f3 a la fama cuando era asistente de Paris Hilton y que volvi\u00f3 a repetir 10 a\u00f1os despu\u00e9s, en el 2019.\u00a0\u00a0<\/p>\n<p class=\"c-paragraph\">Por otro lado, tambi\u00e9n<b> sorprend\u00eda con su estilismo<\/b>, apostando por un <b>conjunto de Marc Jacobs <\/b>que tambi\u00e9n ha subido a su cuenta de Instagram junto a otros cinco m\u00e1s, lo que sugiere una colaboraci\u00f3n con la casa de moda estadounidense.<\/p>\n<p class=\"c-paragraph\">Se trata de un<b> sujetador morado satinado que lleva junto a un cors\u00e9 rosa<\/b> con el que define su cintura. Esto lo acompa\u00f1a junto a unas medias claras y unas <b>braguitas blancas con lazo por encima<\/b>, al estilo Superman, que han llamado mucho la atenci\u00f3n.\u00a0<\/p>\n<p class=\"c-paragraph\">Este estilismo ha enloquecido a sus fans en redes sociales, que le han dejado comentarios como: \u00abAhora solo queda esperar que Kim Kardashian lo copie\u00bb, \u00abLa reina est\u00e1 reineando\u00bb, \u00ab<b>Pensaba que era Kim K<\/b>\u00bb o \u00abDios m\u00edo, Bianca, eres tan perfecta, quiero ser una mu\u00f1eca como t\u00fa\u00bb.<\/p>\n","protected":false},"excerpt":{"rendered":"Una de las parejas m\u00e1s medi\u00e1ticas y pol\u00e9micas del universo celebrity es la de Kanye West y Bianca&hellip;\n","protected":false},"author":2,"featured_media":220881,"comment_status":"","ping_status":"","sticky":false,"template":"","format":"standard","meta":{"footnotes":""},"categories":[91],"tags":[58801,58802,146,147,25,24,33504,7745,23,14625],"class_list":{"0":"post-220880","1":"post","2":"type-post","3":"status-publish","4":"format-standard","5":"has-post-thumbnail","7":"category-entretenimiento","8":"tag-bianca","9":"tag-censori","10":"tag-entertainment","11":"tag-entretenimiento","12":"tag-es","13":"tag-espana","14":"tag-kim","15":"tag-se","16":"tag-spain","17":"tag-transforma"},"share_on_mastodon":{"url":"https:\/\/pubeurope.com\/@es\/115500594297780910","error":""},"_links":{"self":[{"href":"https:\/\/www.europesays.com\/es\/wp-json\/wp\/v2\/posts\/220880","targetHints":{"allow":["GET"]}}],"collection":[{"href":"https:\/\/www.europesays.com\/es\/wp-json\/wp\/v2\/posts"}],"about":[{"href":"https:\/\/www.europesays.com\/es\/wp-json\/wp\/v2\/types\/post"}],"author":[{"embeddable":true,"href":"https:\/\/www.europesays.com\/es\/wp-json\/wp\/v2\/users\/2"}],"replies":[{"embeddable":true,"href":"https:\/\/www.europesays.com\/es\/wp-json\/wp\/v2\/comments?post=220880"}],"version-history":[{"count":0,"href":"https:\/\/www.europesays.com\/es\/wp-json\/wp\/v2\/posts\/220880\/revisions"}],"wp:featuredmedia":[{"embeddable":true,"href":"https:\/\/www.europesays.com\/es\/wp-json\/wp\/v2\/media\/220881"}],"wp:attachment":[{"href":"https:\/\/www.europesays.com\/es\/wp-json\/wp\/v2\/media?parent=220880"}],"wp:term":[{"taxonomy":"category","embeddable":true,"href":"https:\/\/www.europesays.com\/es\/wp-json\/wp\/v2\/categories?post=220880"},{"taxonomy":"post_tag","embeddable":true,"href":"https:\/\/www.europesays.com\/es\/wp-json\/wp\/v2\/tags?post=220880"}],"curies":[{"name":"wp","href":"https:\/\/api.w.org\/{rel}","templated":true}]}}