{"id":220884,"date":"2025-11-06T03:20:09","date_gmt":"2025-11-06T03:20:09","guid":{"rendered":"https:\/\/www.europesays.com\/es\/220884\/"},"modified":"2025-11-06T03:20:09","modified_gmt":"2025-11-06T03:20:09","slug":"inditex-se-adjudica-una-parcela-junto-a-la-gigafactoria-de-volkswagen-en-sagunto-por-64-millones-empresas","status":"publish","type":"post","link":"https:\/\/www.europesays.com\/es\/220884\/","title":{"rendered":"Inditex se adjudica una parcela junto a la gigafactor\u00eda de Volkswagen en Sagunto por 64 millones | Empresas"},"content":{"rendered":"<p class=\"\">Espais Econ\u00f2mics Empresarials (EEE) ha adjudicado por 64 millones de euros una parcela de 381.804 metros cuadrados en Parc Sagunt II a la sociedad Alveston ITG. Ser\u00e1 el grupo Inditex, a trav\u00e9s de esta empresa, el que emplear\u00e1 los terrenos.<\/p>\n<p class=\"\">Cabe recordar que Tempe, del Grupo Inditex, ya adquiri\u00f3 en 2019 una parcela de 280.000 metros cuadrados que la Autoridad Portuaria de Valencia (APV) pose\u00eda en Parc Sagunt.<\/p>\n<p class=\"\">El terreno adjudicado ahora, que se destinar\u00e1 a usos industriales y log\u00edsticos, forma parte de la parcela IN1, que tiene una superficie total de 1.000.202 metros cuadrados y un precio m\u00ednimo conjunto de 160.032.348,80 euros.<\/p>\n<p class=\"\">En la comercializaci\u00f3n de estos terrenos, iniciada en agosto, se ha permitido a las empresas optar por la adquisici\u00f3n de la totalidad del terreno o por alguno de los cuatro lotes en los que se divid\u00eda la enajenaci\u00f3n, como ha sido el caso.<\/p>\n<p class=\"\">Por su parte, la Generalitat ha informado este mi\u00e9rcoles de la adjudicaci\u00f3n a Alveston ITG y ha destacado que \u201cesta operaci\u00f3n representa un paso clave en la consolidaci\u00f3n de Parc Sagunt II como uno de los grandes centros log\u00edsticos e industriales del Arco Mediterr\u00e1neo, polo de innovaci\u00f3n y desarrollo industrial de la Comunitat Valenciana\u201d. La venta se ha realizado exclusivamente al contado, sin f\u00f3rmulas de pago aplazado, ha detallado.<\/p>\n<p class=\"\">La administraci\u00f3n ha destacado que Parc Sagunt II \u201ccontin\u00faa avanzando en su misi\u00f3n de albergar importantes proyectos industriales y log\u00edsticos, como la gigafactor\u00eda de bater\u00edas el\u00e9ctricas del grupo Volkswagen, lo que refuerza su papel como uno de los grandes motores industriales de Espa\u00f1a\u201d. Ha puesto en valor no solo el fortalecimiento de la infraestructura industrial de la Comunitat Valenciana, sino tambi\u00e9n que se abren nuevas oportunidades para la inversi\u00f3n y la colaboraci\u00f3n empresarial en el \u00e1mbito log\u00edstico, productivo y manufacturero.<\/p>\n","protected":false},"excerpt":{"rendered":"Espais Econ\u00f2mics Empresarials (EEE) ha adjudicado por 64 millones de euros una parcela de 381.804 metros cuadrados en&hellip;\n","protected":false},"author":2,"featured_media":220885,"comment_status":"","ping_status":"","sticky":false,"template":"","format":"standard","meta":{"footnotes":""},"categories":[80],"tags":[82,242,95,94,2308,25,24,3906,2893,2639,10381,23,30824,7335],"class_list":{"0":"post-220884","1":"post","2":"type-post","3":"status-publish","4":"format-standard","5":"has-post-thumbnail","7":"category-economia","8":"tag-business","9":"tag-comunidad-valenciana","10":"tag-economia","11":"tag-economy","12":"tag-empresas","13":"tag-es","14":"tag-espana","15":"tag-inditex","16":"tag-industria","17":"tag-logistica","18":"tag-sagunto","19":"tag-spain","20":"tag-volkswagen","21":"tag-zara"},"share_on_mastodon":{"url":"https:\/\/pubeurope.com\/@es\/115500602283527022","error":""},"_links":{"self":[{"href":"https:\/\/www.europesays.com\/es\/wp-json\/wp\/v2\/posts\/220884","targetHints":{"allow":["GET"]}}],"collection":[{"href":"https:\/\/www.europesays.com\/es\/wp-json\/wp\/v2\/posts"}],"about":[{"href":"https:\/\/www.europesays.com\/es\/wp-json\/wp\/v2\/types\/post"}],"author":[{"embeddable":true,"href":"https:\/\/www.europesays.com\/es\/wp-json\/wp\/v2\/users\/2"}],"replies":[{"embeddable":true,"href":"https:\/\/www.europesays.com\/es\/wp-json\/wp\/v2\/comments?post=220884"}],"version-history":[{"count":0,"href":"https:\/\/www.europesays.com\/es\/wp-json\/wp\/v2\/posts\/220884\/revisions"}],"wp:featuredmedia":[{"embeddable":true,"href":"https:\/\/www.europesays.com\/es\/wp-json\/wp\/v2\/media\/220885"}],"wp:attachment":[{"href":"https:\/\/www.europesays.com\/es\/wp-json\/wp\/v2\/media?parent=220884"}],"wp:term":[{"taxonomy":"category","embeddable":true,"href":"https:\/\/www.europesays.com\/es\/wp-json\/wp\/v2\/categories?post=220884"},{"taxonomy":"post_tag","embeddable":true,"href":"https:\/\/www.europesays.com\/es\/wp-json\/wp\/v2\/tags?post=220884"}],"curies":[{"name":"wp","href":"https:\/\/api.w.org\/{rel}","templated":true}]}}