{"id":220886,"date":"2025-11-06T03:21:08","date_gmt":"2025-11-06T03:21:08","guid":{"rendered":"https:\/\/www.europesays.com\/es\/220886\/"},"modified":"2025-11-06T03:21:08","modified_gmt":"2025-11-06T03:21:08","slug":"estados-unidos-reduce-un-10-el-trafico-aereo-en-varios-aeropuertos-por-el-cierre-del-gobierno-federal-internacional","status":"publish","type":"post","link":"https:\/\/www.europesays.com\/es\/220886\/","title":{"rendered":"Estados Unidos reduce un 10% el tr\u00e1fico a\u00e9reo en varios aeropuertos por el cierre del Gobierno federal | Internacional"},"content":{"rendered":"<p class=\"\">La Administraci\u00f3n de Donald Trump ha decidido recortar el tr\u00e1fico a\u00e9reo un 10% en 40 aeropuertos de Estados Unidos para tratar de aliviar la presi\u00f3n sobre los controladores a\u00e9reos, afectados por el cierre del gobierno federal ante la incapacidad de republicanos y dem\u00f3cratas de ponerse de acuerdo para extender el presupuesto hasta finales de a\u00f1o. El bloqueo presupuestario cumpli\u00f3 ayer 35 d\u00edas y se convirti\u00f3 en el m\u00e1s duradero de la historia. <\/p>\n<p class=\"\"><a href=\"https:\/\/elpais.com\/internacional\/2025-11-05\/el-cierre-del-gobierno-en-estados-unidos-bate-su-record-historico-sin-visos-de-acuerdo-entre-democratas-y-republicanos.html\" target=\"_self\" rel=\"nofollow noopener\" title=\"https:\/\/elpais.com\/internacional\/2025-11-05\/el-cierre-del-gobierno-en-estados-unidos-bate-su-record-historico-sin-visos-de-acuerdo-entre-democratas-y-republicanos.html\">El shutdown, como se denomina al cierre gubernamental en ingl\u00e9s,<\/a> ha provocado el cierre o una actividad m\u00ednima de decenas de agencias estatales, desde parques naturales, museos, agencias sanitarias etc. Y ha reducido la actividad de otras agencias consideradas esenciales para la seguridad, como los controladores. Pero<a href=\"https:\/\/elpais.com\/internacional\/2025-11-05\/la-economia-de-estados-unidos-se-vacuna-contra-las-turbulencias-de-trump.html\" target=\"_self\" rel=\"nofollow noopener\" title=\"https:\/\/elpais.com\/internacional\/2025-11-05\/la-economia-de-estados-unidos-se-vacuna-contra-las-turbulencias-de-trump.html\"> estos trabajadores federales no est\u00e1n recibiendo su salario <\/a>debido a las limitaciones presupuestarias. A esto se suma el hecho de que 3.000 de las 14.000 puestos de controladores en el pa\u00eds estaban vacantes antes del cierre, seg\u00fan datos recopilados por The New York Times.<\/p>\n<p class=\"\">Muchos controladores, adem\u00e1s, est\u00e1n faltando a su trabajo porque la falta de sueldo les obliga a buscarse otros empleos para poder pagar el colegio de sus hijos, el seguro m\u00e9dico o la hipoteca.<\/p>\n<p class=\"\">Las restricciones entrar\u00e1n en vigor este viernes. El d\u00eda, antes, el jueves, se ofrecer\u00e1n detalles sobre los mercados que se ver\u00e1n afectados. El director de laAdministraci\u00f3n Federal de Aviaci\u00f3n (FAA), Bryan Bedford, explic\u00f3 que la agencia se reunir\u00eda con las aerol\u00edneas este mi\u00e9rcoles por la noche para discutir la puesta en marcha del plan.<\/p>\n<blockquote class=\"twitter-tweet\">\n<p lang=\"en\" dir=\"ltr\">\ud83d\udea8<a href=\"https:\/\/twitter.com\/USDOT?ref_src=twsrc%5Etfw\" rel=\"nofollow noopener\" target=\"_blank\">@USDOT<\/a> is initiating a 10% reduction in capacity at 40 major airports. <\/p>\n<p>This data-based decision is designed to alleviate pressure on our air traffic controllers required to keep the skies safe. <a href=\"https:\/\/t.co\/9J9fCw84MA\" rel=\"nofollow\">pic.twitter.com\/9J9fCw84MA<\/a><\/p>\n<p>\u2014 USDOT Rapid Response (@USDOTRapid) <a href=\"https:\/\/twitter.com\/USDOTRapid\/status\/1986186633054405102?ref_src=twsrc%5Etfw\" rel=\"nofollow noopener\" target=\"_blank\">November 5, 2025<\/a><\/p><\/blockquote>\n<p class=\"\">La medida ha sido anunciada por el secretario de Transportes, Sean Duffy. \u201cMi prioridad n\u00famero uno es la seguridad de los ciudadanos estadounidenses\u201d, ha dicho el pol\u00edtico republicano a trav\u00e9s de su cuenta de X. <\/p>\n<p class=\"\">La medida no tiene precedentes. Se produce justo antes de Acci\u00f3n de Gracias, la fiesta nacional con mayor tr\u00e1nsito de viajeros. Las previsiones muestran un r\u00e9cord de desplazamientos en Estados Unidos durante estas fechas.<\/p>\n<p class=\"\">La decisi\u00f3n tambi\u00e9n se adopta despu\u00e9s de que ayer un avi\u00f3n de la compa\u00f1\u00eda de paqueter\u00eda y transportes <a href=\"https:\/\/elpais.com\/internacional\/2025-11-05\/nueve-muertos-y-una-docena-de-heridos-tras-estrellarse-un-avion-de-carga-en-louisville.html\" target=\"_self\" rel=\"nofollow noopener\" title=\"https:\/\/elpais.com\/internacional\/2025-11-05\/nueve-muertos-y-una-docena-de-heridos-tras-estrellarse-un-avion-de-carga-en-louisville.html\">UPS se estrellara en el aeropuerto de Louisville (Kentucky) d<\/a>ejando al menos nueve personas fallecidas y 11 heridos, algunos de gravedad. El accidente no est\u00e1 relacionado con <a href=\"https:\/\/elpais.com\/internacional\/2025-10-10\/la-casa-blanca-empieza-a-despedir-a-funcionarios-federales-en-medio-del-cierre-del-gobierno.html\" target=\"_self\" rel=\"nofollow noopener\" title=\"https:\/\/elpais.com\/internacional\/2025-10-10\/la-casa-blanca-empieza-a-despedir-a-funcionarios-federales-en-medio-del-cierre-del-gobierno.html\">los recortes presupuestarios, ni con la tensi\u00f3n de los controladores<\/a>, pero las palabras del secretario de Estado parecen querer vincular ambos sucesos<\/p>\n<p class=\"\">\u201cHabr\u00e1 frustraci\u00f3n\u201d, asegur\u00f3 Duffy durante una conferencia de prensa para anunciar la medida. \u201cPero al final, nuestro \u00fanico papel es asegurarnos de que este espacio a\u00e9reo se mantenga lo m\u00e1s seguro posible\u201d. El secretario de Transportes no cerr\u00f3 la puerta a endurecer a\u00fan m\u00e1s las restricciones al transporte a\u00e9reo. \u201cLos datos determinar\u00e1n nuestras acciones. Si los datos van en la direcci\u00f3n equivocada, \u00bfpodr\u00edamos ver restricciones adicionales? S\u00ed\u201c, advirti\u00f3.<\/p>\n<p class=\"\">Duffy insisti\u00f3 en que los recortes del tr\u00e1fico a\u00e9reo son necesarios para mantener la seguridad. Y ha se\u00f1alado que, por ahora, la medida no afectar\u00e1 a los vuelos internacionales.<\/p>\n<p class=\"\">La Agencia Federal de Aviaci\u00f3n (FAA, en sus siglas en ingl\u00e9s) ha aprobado algunas medidas en los \u00faltimos d\u00edas para ralentizar las operaciones del tr\u00e1fico a\u00e9reo en algunos aeropuertos por la escasez de controladores desde que comenz\u00f3 el cierre del gobierno el 1 de octubre. Millones de pasajeros han sufrido cancelaciones y retrasos de vuelos relacionados con la falta de personal desde que comenz\u00f3 el cierre.<\/p>\n<p class=\"\">M\u00e1s de 2.000 vuelos que han despegado o aterrizado en aeropuertos de Estados Unidos han sufrido retrasos hasta el momento este martes, y m\u00e1s de 60 de estos vuelos han sido cancelados, seg\u00fan FlightAware.<\/p>\n<p class=\"\">El director de la FAA, Bryan Bedford, ha asegurado durante la conferencia de prensa: \u201cNos encontramos en un terreno desconocido en lo que respecta a los cierres gubernamentales\u201d, afirm\u00f3. Precis\u00f3 que la vigilancia del espacio a\u00e9reo hab\u00eda cambiado respecto a la que hab\u00eda hace un a\u00f1o despu\u00e9s del accidente el pasado enero de un avi\u00f3n en el aeropuerto Ronald Reagan. \u201cVivimos tiempos excepcionales y esperamos con ilusi\u00f3n el momento en que podamos volver a la normalidad\u201d, dijo Bedford.<\/p>\n<p><script async src=\"https:\/\/platform.twitter.com\/widgets.js\" charset=\"utf-8\"><\/script><\/p>\n","protected":false},"excerpt":{"rendered":"La Administraci\u00f3n de Donald Trump ha decidido recortar el tr\u00e1fico a\u00e9reo un 10% en 40 aeropuertos de Estados&hellip;\n","protected":false},"author":2,"featured_media":220887,"comment_status":"","ping_status":"","sticky":false,"template":"","format":"standard","meta":{"footnotes":""},"categories":[42],"tags":[1161,889,17,18,4329,352,629,13,14,11,61,62,63,64,19,20,9,2556,10,15,16,17918,952,12,9568,21,22,2558,65,66,67],"class_list":{"0":"post-220886","1":"post","2":"type-post","3":"status-publish","4":"format-standard","5":"has-post-thumbnail","7":"category-internacional","8":"tag-aeropuertos","9":"tag-america","10":"tag-breaking-news","11":"tag-breakingnews","12":"tag-casa-blanca","13":"tag-donald-trump","14":"tag-estados-unidos","15":"tag-featured-news","16":"tag-featurednews","17":"tag-headlines","18":"tag-internacional","19":"tag-international","20":"tag-international-news","21":"tag-internationalnews","22":"tag-latest-news","23":"tag-latestnews","24":"tag-news","25":"tag-norteamerica","26":"tag-noticias","27":"tag-noticias-destacadas","28":"tag-noticiasdestacadas","29":"tag-partido-republicano-ee-uu","30":"tag-politica","31":"tag-titulares","32":"tag-trafico-aereo","33":"tag-ultimas-noticias","34":"tag-ultimasnoticias","35":"tag-washington-d-c","36":"tag-world","37":"tag-world-news","38":"tag-worldnews"},"share_on_mastodon":{"url":"","error":"Validation failed: Text character limit of 500 exceeded"},"_links":{"self":[{"href":"https:\/\/www.europesays.com\/es\/wp-json\/wp\/v2\/posts\/220886","targetHints":{"allow":["GET"]}}],"collection":[{"href":"https:\/\/www.europesays.com\/es\/wp-json\/wp\/v2\/posts"}],"about":[{"href":"https:\/\/www.europesays.com\/es\/wp-json\/wp\/v2\/types\/post"}],"author":[{"embeddable":true,"href":"https:\/\/www.europesays.com\/es\/wp-json\/wp\/v2\/users\/2"}],"replies":[{"embeddable":true,"href":"https:\/\/www.europesays.com\/es\/wp-json\/wp\/v2\/comments?post=220886"}],"version-history":[{"count":0,"href":"https:\/\/www.europesays.com\/es\/wp-json\/wp\/v2\/posts\/220886\/revisions"}],"wp:featuredmedia":[{"embeddable":true,"href":"https:\/\/www.europesays.com\/es\/wp-json\/wp\/v2\/media\/220887"}],"wp:attachment":[{"href":"https:\/\/www.europesays.com\/es\/wp-json\/wp\/v2\/media?parent=220886"}],"wp:term":[{"taxonomy":"category","embeddable":true,"href":"https:\/\/www.europesays.com\/es\/wp-json\/wp\/v2\/categories?post=220886"},{"taxonomy":"post_tag","embeddable":true,"href":"https:\/\/www.europesays.com\/es\/wp-json\/wp\/v2\/tags?post=220886"}],"curies":[{"name":"wp","href":"https:\/\/api.w.org\/{rel}","templated":true}]}}