{"id":220890,"date":"2025-11-06T03:23:14","date_gmt":"2025-11-06T03:23:14","guid":{"rendered":"https:\/\/www.europesays.com\/es\/220890\/"},"modified":"2025-11-06T03:23:14","modified_gmt":"2025-11-06T03:23:14","slug":"las-universidades-espanolas-en-europa-se-dan-cita-en-la-urjc","status":"publish","type":"post","link":"https:\/\/www.europesays.com\/es\/220890\/","title":{"rendered":"Las universidades espa\u00f1olas en Europa se dan cita en la URJC"},"content":{"rendered":"<p>Los d\u00edas 4 y 5 de noviembre la Universidad Rey Juan Carlos organiza y acoge el 1er Foro del Grupo de Universidades Espa\u00f1olas en Universidades Europeas (UEUE).<\/p>\n<p>            Ra\u00fal Garc\u00eda H\u00e9monnet<\/p>\n<p>El objetivo de este encuentro es marcar \u201cun hito significativo\u201d, seg\u00fan se\u00f1alan desde el servicio de Internacionalizaci\u00f3n, hacia una colaboraci\u00f3n m\u00e1s estrecha y fruct\u00edfera entre las instituciones educativas de Espa\u00f1a.<\/p>\n<p>Para ello se ha reunido a representantes de universidades espa\u00f1olas que forman parte de\u00a0alianzas internacionales de universidades, e integrantes de las instituciones nacionales, auton\u00f3micas y europeas. En total han participado 175 personas procedentes de pr\u00e1cticamente todas las universidades espa\u00f1olas.<\/p>\n<p>El rector, Abraham Duarte, ha intervenido durante en la inauguraci\u00f3n de la jornada del mi\u00e9rcoles y ha se\u00f1alado, parafraseando al excanciller alem\u00e1n Konrad Adenauer, que, \u201cla construcci\u00f3n de las universidades europeas, que empez\u00f3 siendo el sue\u00f1o de unos pocos, se convirti\u00f3 en la esperanza de muchos y hoy es una verdadera necesidad para todos\u201d. Adem\u00e1s, ha indicado, que, para su materializaci\u00f3n, \u201cnecesitamos un gobierno que legisle en favor de esta iniciativa y unas comunidades aut\u00f3nomas que colaboren en la financiaci\u00f3n de las alianzas que transformar\u00e1n sus territorios y que ser\u00e1n ejemplo de excelencia. Se necesita, as\u00ed mismo, la colaboraci\u00f3n de las agencias evaluadoras y de calidad que exploren y conozcan y se adelanten al futuro para facilitar la implantaci\u00f3n de futuros t\u00edtulos en el seno de estas alianzas que ya nada tendr\u00e1n que ver con lo que se ha hecho hasta ahora\u201d.<\/p>\n<p>Duarte ha se\u00f1alado que nos encontramos ante un cambio de paradigma \u201cen la educaci\u00f3n superior en Europa y por ello precisamos de encuentros como el que estamos celebrando aqu\u00ed hoy, en la Universidad Rey Juan Carlos que les acoge y que pertenece a la Alianza EULiST, (European Univesity Linking Society and Technology), alianza de la que formamos parte muy activa y que se ha convertido en un nuevo eje sobre el que tambi\u00e9n pivota nuestra universidad. Puedo decirles que en esta universidad somos fervientes defensores de esta iniciativa de universidades europeas desde su mismo germen, En esta universidad, en el a\u00f1o 2018 tomamos la decisi\u00f3n de incorporarnos a esta iniciativa que vimos que ser\u00eda transformadora y tambi\u00e9n necesaria para nuestras instituciones\u201d.<\/p>\n<p>Por su parte el secretario general de Universidades, Francisco Garc\u00eda Pascual se\u00f1al\u00f3 que la participaci\u00f3n de universidades espa\u00f1olas en alianzas europeas es estrat\u00e9gica para el Ministerio e indic\u00f3 la apuesta a todos los niveles que desde esta instituci\u00f3n se hace por ella. Desde la aportaci\u00f3n econ\u00f3mica, a los estudios necesarios para llevar a cabo los cambios normativos que favorezcan el desarrollo de las alianzas universitarias europeas.<\/p>\n<p>Garc\u00eda Pascual tambi\u00e9n record\u00f3 que Espa\u00f1a es uno de los pa\u00edses con mayor participaci\u00f3n en la construcci\u00f3n de universidades europeas, con pr\u00e1cticamente todas sus universidades involucradas, as\u00ed como un espacio importante e id\u00f3neo para formar en valores de la ciudadan\u00eda europea democr\u00e1tica.<\/p>\n<p>Junto al rector y el secretario general de Universidades, han participado en la inauguraci\u00f3n el director general de Universidades de la Comunidad de Madrid, Nicol\u00e1s Javier Casas Calvo y la rectora de la Universidad Aut\u00f3noma de Madrid, Amaya Mendikoetxea Pelayo, en calidad de delegada CRUE para Asuntos Europeos.<\/p>\n<p><strong>Fortalecer lazos de cooperaci\u00f3n interuniversitaria<\/strong><\/p>\n<p>El prop\u00f3sito del encuentro celebrado de la URJC es propiciar sinergias que potencien la calidad de todos los \u00e1mbitos de la educaci\u00f3n superior en el marco de la Iniciativa de Universidades Europeas.<\/p>\n<p>La cita se ha dividido en dos fases, una celebrada el martes en el campus de Fuenlabrada, \u201ccon la reuni\u00f3n de los seis grupos de trabajo de UEUE, que ha resultado muy fruct\u00edfera\u201d, como explica Pablo Salvadores, director de Internacionalizaci\u00f3n de la Universidad Rey Juan Carlos.<\/p>\n<p><img loading=\"lazy\" decoding=\"async\" src=\"https:\/\/www.europesays.com\/es\/wp-content\/uploads\/2025\/11\/FotoUEUEReuni\u00f3n.jpg\" alt=\"FotoUEUEReuni\u00f3n\" width=\"512\" height=\"385\" style=\"display: block; margin-left: auto; margin-right: auto;\"\/><\/p>\n<p>El encuentro se completa hoy con las intervenciones de las autoridades y diversos paneles que abordan temas como el estado actual de la iniciativa de Universidades Europeas, la situaci\u00f3n de dicha iniciativa en Espa\u00f1a, el impacto acad\u00e9mico de las alianzas universitarias y los retos estructurales para estas.<\/p>\n<p>La cita facilitar\u00e1 el intercambio de buenas pr\u00e1cticas, y servir\u00e1 para compartir resultados, experiencias y conocimiento entre las universidades participantes y fomentar la cooperaci\u00f3n de todas las partes involucradas con el prop\u00f3sito de establecer nuevas redes y fortalecer las existentes, creando un entorno colaborativo.<\/p>\n<p>Adem\u00e1s, constituye la ocasi\u00f3n para discutir y encontrar soluciones conjuntas a los desaf\u00edos,\u00a0retos y necesidades comunes que enfrenta el grupo UEUE a nivel nacional e identificar y promover iniciativas que impulsen la transformaci\u00f3n de la educaci\u00f3n superior y del grupo UEUE.<\/p>\n","protected":false},"excerpt":{"rendered":"Los d\u00edas 4 y 5 de noviembre la Universidad Rey Juan Carlos organiza y acoge el 1er Foro&hellip;\n","protected":false},"author":2,"featured_media":220891,"comment_status":"","ping_status":"","sticky":false,"template":"","format":"standard","meta":{"footnotes":""},"categories":[5],"tags":[17,18,25,24,58804,13,14,11,19,20,9,10,15,16,58807,23,12,58803,21,22,1617,58805,58806,10321],"class_list":{"0":"post-220890","1":"post","2":"type-post","3":"status-publish","4":"format-standard","5":"has-post-thumbnail","7":"category-titulares","8":"tag-breaking-news","9":"tag-breakingnews","10":"tag-es","11":"tag-espana","12":"tag-eulist","13":"tag-featured-news","14":"tag-featurednews","15":"tag-headlines","16":"tag-latest-news","17":"tag-latestnews","18":"tag-news","19":"tag-noticias","20":"tag-noticias-destacadas","21":"tag-noticiasdestacadas","22":"tag-rector","23":"tag-spain","24":"tag-titulares","25":"tag-ueue","26":"tag-ultimas-noticias","27":"tag-ultimasnoticias","28":"tag-union-europea","29":"tag-universidades-espanolas","30":"tag-universidades-europeas","31":"tag-urjc"},"share_on_mastodon":{"url":"https:\/\/pubeurope.com\/@es\/115500613937319454","error":""},"_links":{"self":[{"href":"https:\/\/www.europesays.com\/es\/wp-json\/wp\/v2\/posts\/220890","targetHints":{"allow":["GET"]}}],"collection":[{"href":"https:\/\/www.europesays.com\/es\/wp-json\/wp\/v2\/posts"}],"about":[{"href":"https:\/\/www.europesays.com\/es\/wp-json\/wp\/v2\/types\/post"}],"author":[{"embeddable":true,"href":"https:\/\/www.europesays.com\/es\/wp-json\/wp\/v2\/users\/2"}],"replies":[{"embeddable":true,"href":"https:\/\/www.europesays.com\/es\/wp-json\/wp\/v2\/comments?post=220890"}],"version-history":[{"count":0,"href":"https:\/\/www.europesays.com\/es\/wp-json\/wp\/v2\/posts\/220890\/revisions"}],"wp:featuredmedia":[{"embeddable":true,"href":"https:\/\/www.europesays.com\/es\/wp-json\/wp\/v2\/media\/220891"}],"wp:attachment":[{"href":"https:\/\/www.europesays.com\/es\/wp-json\/wp\/v2\/media?parent=220890"}],"wp:term":[{"taxonomy":"category","embeddable":true,"href":"https:\/\/www.europesays.com\/es\/wp-json\/wp\/v2\/categories?post=220890"},{"taxonomy":"post_tag","embeddable":true,"href":"https:\/\/www.europesays.com\/es\/wp-json\/wp\/v2\/tags?post=220890"}],"curies":[{"name":"wp","href":"https:\/\/api.w.org\/{rel}","templated":true}]}}