{"id":220915,"date":"2025-11-06T03:45:10","date_gmt":"2025-11-06T03:45:10","guid":{"rendered":"https:\/\/www.europesays.com\/es\/220915\/"},"modified":"2025-11-06T03:45:10","modified_gmt":"2025-11-06T03:45:10","slug":"rtve-estrena-50-anos-del-gran-cambio-su-especial-de-documentales-sobre-el-final-de-la-dictadura-franquista","status":"publish","type":"post","link":"https:\/\/www.europesays.com\/es\/220915\/","title":{"rendered":"RTVE estrena &#8217;50 a\u00f1os del gran cambio&#8217;, su especial de documentales sobre el final de la dictadura franquista"},"content":{"rendered":"<p class=\"article-text\">\n        <strong>RTVE <\/strong>estrena este mi\u00e9rcoles 5 de noviembre su especial <strong>50 a\u00f1os del gran cambio<\/strong>, una docuserie que repasa algunos de los episodios hist\u00f3ricos que marcaron <strong>el final de la dictadura<\/strong> y el inicio de la democracia en nuestro pa\u00eds. Lo har\u00e1 en <strong>La 1 <\/strong>y en horario de m\u00e1xima audiencia, a continuaci\u00f3n de<strong> La Revuelta<\/strong>.\n    <\/p>\n<p>    <a href=\"https:\/\/www.eldiario.es\/vertele\/noticias\/rtve-emite-especial-xabier-fortes-fosas-franquismo-estreno-documental-flor-tierra_1_12703357.html\" data-mrf-recirculation=\"saber-mas\" data-dl-event=\"saber-mas\" rel=\"nofollow noopener\" target=\"_blank\"><\/p>\n<p class=\"know-more__title\">RTVE emite un especial con Xabier Fortes sobre fosas del franquismo con el estreno del documental &#8216;A flor de tierra&#8217;<\/p>\n<p>            <img decoding=\"async\" class=\"lazy\" loading=\"lazy\" data-src=\"https:\/\/static.eldiario.es\/clip\/737b40b0-b14f-49f0-95e3-248987d7ee7b_16-9-aspect-ratio_default_0.jpg\" src=\"data:image\/svg+xml,%3Csvg xmlns=\" http:=\"\" viewbox=\"0 0 880 495\" alt=\"RTVE emite un especial con Xabier Fortes sobre fosas del franquismo con el estreno del documental 'A flor de tierra'\"\/><\/p>\n<p>                        <\/a><\/p>\n<p class=\"article-text\">\n        As\u00ed lo anuncia la cadena p\u00fablica, que explica que ofrecer\u00e1 los<strong> dos primeros documentales <\/strong>de un total de cuatro, titulados <strong>La foto<\/strong> y <strong>La democracia no se har\u00e1 sin nosotrxs<\/strong>. Ambos, junto al cuarto llamado <strong>Miradas desobedientes<\/strong>, son producci\u00f3n propia de RTVE. El tercero, <strong>Voladura 76<\/strong>, est\u00e1 a cargo de Catorce en asociaci\u00f3n con <strong>RTVE Play<\/strong>.\n    <\/p>\n<p class=\"article-text\">\n        Seg\u00fan detalla la Corporaci\u00f3n, en este proyecto documental se muestran historias, de las que a\u00fan hoy poco se sabe, sobre <strong>qu\u00e9 ocurri\u00f3 fuera de los focos <\/strong>en las calles y en la trastienda pol\u00edtica y social, sin dejar de mirar al presente. Con esas claves se present\u00f3 este lunes ante la prensa y autoridades, entre ellas la ministra de Igualdad, <strong>Ana Redondo<\/strong>; el secretario de Estado de Memoria Democr\u00e1tica,<strong> Fernando Mart\u00ednez L\u00f3pez<\/strong>; o las consejeras de RTVE <strong>Rosa Le\u00f3n<\/strong> y <strong>Ang\u00e9lica Rubio<\/strong>.\n    <\/p>\n<p class=\"article-text\">\n        Tambi\u00e9n asistieron v\u00edctimas del franquismo como <strong>Paca Sauquillo<\/strong>, varios de los representantes de movimientos antifranquistas claves para conseguir la democracia en Espa\u00f1a, y el presidente de la Asociaci\u00f3n para la Recuperaci\u00f3n de la Memoria Hist\u00f3rica, <strong>Emilio Silva<\/strong>.\n    <\/p>\n<p>            <img decoding=\"async\" class=\"lazy\" loading=\"lazy\" data-src=\"https:\/\/static.eldiario.es\/clip\/626724f2-3b13-4ac1-8416-f0b42e9eb700_16-9-discover-aspect-ratio_default_0.jpg\" src=\"data:image\/svg+xml,%3Csvg xmlns=\" http:=\"\" viewbox=\"0 0 1200 675\" alt=\"Presentaci\u00f3n de '50 a\u00f1os del gran cambio'\"\/><\/p>\n<p class=\"article-text\">\n        \u201cEste es un viaje en el tiempo a 1975 que muestra que la democracia no lleg\u00f3 de forma directa, sino que <strong>hubo mucha gente valiente que la pele\u00f3 en las calles<\/strong>\u201d, afirm\u00f3 Carlos del Amor, que conduce a su vez uno de los documentales. \u201cEl objetivo es ir un poco m\u00e1s all\u00e1 y escarbar en historias m\u00e1s desconocidas, con una factura muy cuidada en la que nada se ha pasado por alto. <strong>La radiotelevisi\u00f3n p\u00fablica no pod\u00eda ser ajena y ten\u00edamos que recordar esos 50 a\u00f1os del gran cambio<\/strong>\u201d, coment\u00f3 por su parte Maribel S\u00e1nchez-Maroto, directora de Contenidos Informativos de RTVE.\n    <\/p>\n<p>    As\u00ed son los 4 documentales de &#8216;<strong>50 a\u00f1os del gran cambio&#8217;<\/strong><\/p>\n<p class=\"article-text\">\n        <strong>\u00b7 La foto<\/strong>\n    <\/p>\n<p class=\"article-text\">\n        1975. Madrid, Hospital La Paz. El yerno de Franco, el marqu\u00e9s de Villaverde, capta las fotos del dictador al borde de la muerte, rodeado de m\u00e1quinas, electrodos y tubos. Im\u00e1genes que \u00e9l nunca hubiera permitido y cuya publicaci\u00f3n, en 1984, provoc\u00f3 un esc\u00e1ndalo, rodeado de mentiras y misterios que ahora, por primera vez, quedan en entredicho. Las im\u00e1genes destru\u00edan el aura todopoderosa del hombre que, durante 40 a\u00f1os, manej\u00f3 Espa\u00f1a con mano de hierro. Para muchos, confirmaban que a Franco se le alarg\u00f3 la vida de forma artificial. \u00bfPor qu\u00e9 motivo?\n    <\/p>\n<p class=\"article-text\">\n        Bel\u00e9n Alonso, Manu Di\u00e9guez y Diego Ceberio firman este documental, producido por RTVE, que incluye valiosos testimonios sobre el valor de esa fotograf\u00eda. Sobre La Revista, que public\u00f3 la imagen en exclusiva, hablan Jaime Pe\u00f1afiel y Santy Arriazu, director y subdirector, la abogada Cristina Pe\u00f1a o el periodista Mart\u00edn Bianchi. Tambi\u00e9n intervienen el doctor Palma G\u00e1miz, m\u00e9dico de Franco; el historiador Juli\u00e1n Casanova; Nancy Berthier, catedr\u00e1tica de Artes Visuales; los periodistas Mariano S. Soler, Luis Herrero y Miguel \u00c1ngel Aguilar; y Vladimiro Fern\u00e1ndez Tovar, condenado a muerte en los fusilamientos del 27 de septiembre de 1975 al que se le conmut\u00f3 la pena por 30 a\u00f1os de c\u00e1rcel.\n    <\/p>\n<p>            <img decoding=\"async\" class=\"lazy\" loading=\"lazy\" data-src=\"https:\/\/static.eldiario.es\/clip\/83a96942-4c1a-4e5d-9a85-bd620bfe5cb7_16-9-discover-aspect-ratio_default_0.jpg\" src=\"data:image\/svg+xml,%3Csvg xmlns=\" http:=\"\" viewbox=\"0 0 1200 675\" alt=\"'La foto'\"\/><\/p>\n<p class=\"article-text\">\n        <strong>\u00b7 La democracia no se har\u00e1 sin nosotrxs<\/strong>\n    <\/p>\n<p class=\"article-text\">\n        Tras la muerte de Franco, Espa\u00f1a vivi\u00f3 una de las etapas m\u00e1s fren\u00e9ticas de su historia reciente. La dictadura ten\u00eda intenci\u00f3n de sobrevivir, pero la sociedad civil dijo basta: en la ciudad, en el campo, en las f\u00e1bricas y en los barrios se fragu\u00f3 la democracia. 50 a\u00f1os despu\u00e9s, Carlos del Amor se convierte en este documental en \u201cun cazador de recuerdos\u201d para fabricar un \u00e1lbum de fotograf\u00edas e im\u00e1genes que atestiguan la lucha ciudadana por la obtenci\u00f3n de las libertades.\n    <\/p>\n<p class=\"article-text\">\n        Azucena, Tino, Sim\u00f3n, Marta, Andreu, F\u00e9lix, Paca o Pepe son algunos de los hombres y mujeres que aportan sus particulares recuerdos al \u00e1lbum del documental. Algunas de estas personas son conocidas, otras no. Pero cada una de ellas, igual que tantos miles m\u00e1s, luch\u00f3 por unos derechos que exist\u00edan y que a d\u00eda de hoy seguimos disfrutando.\n    <\/p>\n<p class=\"article-text\">\n        Gemma Soriano y Arantxa Soroa dirigen este documental, producci\u00f3n de RTVE.\n    <\/p>\n<p>            <img decoding=\"async\" class=\"lazy\" loading=\"lazy\" data-src=\"https:\/\/static.eldiario.es\/clip\/3700ea84-7717-4ad7-85ac-241af9be2553_16-9-discover-aspect-ratio_default_0.jpg\" src=\"data:image\/svg+xml,%3Csvg xmlns=\" http:=\"\" viewbox=\"0 0 1200 675\" alt=\"'La democracia no se har\u00e1 sin nosotrxs'\"\/><\/p>\n<p class=\"article-text\">\n        <strong>\u00b7 Voladura 76<\/strong>\n    <\/p>\n<p class=\"article-text\">\n        Voladura 76 es un\u00a0thriller\u00a0pol\u00edtico, producido por Catorce en asociaci\u00f3n con RTVE Play, que descubre la operaci\u00f3n secreta para dinamitar el r\u00e9gimen franquista desde su interior.\n    <\/p>\n<p class=\"article-text\">\n        El reci\u00e9n elegido presidente, Adolfo Su\u00e1rez, se enfrenta a la tarea de traer la democracia a Espa\u00f1a. Para ello, los 530 procuradores de las Cortes Franquistas deben aprobar una ley que va a suponer su suicidio pol\u00edtico. Su\u00e1rez utiliza a los hombres del Seced, sus esp\u00edas de confianza, para intentar convencer a los procuradores de que aprueben sus reformas pol\u00edticas utilizando todos los medios a su alcance: dosieres, informaci\u00f3n sensible, presiones, cenas e infinitas reuniones. Aunque no es suficiente y por eso tienen un plan secreto: que los que se oponen a votar a favor de la reforma no est\u00e9n en Espa\u00f1a los d\u00edas del pleno. Unas dietas suculentas y el mar caribe\u00f1o ser\u00e1n el anzuelo. La conspiraci\u00f3n oculta de la Transici\u00f3n est\u00e1 en marcha.\n    <\/p>\n<p>            <img decoding=\"async\" class=\"lazy\" loading=\"lazy\" data-src=\"https:\/\/static.eldiario.es\/clip\/d2da6484-be24-4f2e-8de9-294e93e6cdc3_16-9-discover-aspect-ratio_default_0.jpg\" src=\"data:image\/svg+xml,%3Csvg xmlns=\" http:=\"\" viewbox=\"0 0 1200 675\" alt=\"'Voladura 76'\"\/><\/p>\n<p class=\"article-text\">\n        <strong>\u00b7 Miradas desobedientes<\/strong>\n    <\/p>\n<p class=\"article-text\">\n        90 a\u00f1os despu\u00e9s del golpe de estado que provoc\u00f3 la guerra civil y la dictadura, una tercera generaci\u00f3n cuenta historias que desobedecen la lealtad familiar. Son nietos de los vencedores de la guerra, ciudadanos profundamente comprometidos con la memoria democr\u00e1tica.\n    <\/p>\n<p class=\"article-text\">\n        Los protagonistas del documental denuncian y piden perd\u00f3n, despu\u00e9s de sentir la culpa por los actos de sus antepasados. Entre ellos, Loreto, Tom\u00e1s, Mariona, Anna o Anal\u00eda cuentan ese proceso complicado que han recorrido para desobedecer y hacer p\u00fablicos los desmanes de sus familiares. El an\u00e1lisis de historiadores, la aportaci\u00f3n del jurista Jos\u00e9 Lu\u00eds Mart\u00edn Pall\u00edn -con apuntes personales-, o la de un psic\u00f3logo especialista en traumas transgeneracionales, complementan los testimonios.\n    <\/p>\n<p>    <a href=\"https:\/\/www.eldiario.es\/vertele\/audiencias-tv\/martes-4-noviembre-2025-la-isla-de-las-tentaciones-telecinco-estrena-tira-access-detras-hormiguero-antena-3-revuelta-rtve_1_12742113.html\" data-mrf-recirculation=\"saber-mas-abajo\" data-dl-event=\"saber-mas-abajo\" rel=\"nofollow noopener\" target=\"_blank\"><\/p>\n<p class=\"know-more__title\">&#8216;La isla de las tentaciones&#8217; (10.4%) estrena su tira de access por detr\u00e1s de &#8216;El Hormiguero&#8217; (13.6%) y &#8216;La Revuelta&#8217; (10.9%)\n<\/p>\n<p>            <img decoding=\"async\" class=\"lazy\" loading=\"lazy\" data-src=\"https:\/\/static.eldiario.es\/clip\/4f2bdc11-1083-4db4-987b-53d6d9723da7_16-9-aspect-ratio_default_0.jpg\" src=\"data:image\/svg+xml,%3Csvg xmlns=\" http:=\"\" viewbox=\"0 0 880 495\" alt=\"'La isla de las tentaciones' (10.4%) estrena su tira de access por detr\u00e1s de 'El Hormiguero' (13.6%) y 'La Revuelta' (10.9%)\"\/><\/p>\n<p>                        <\/a><\/p>\n<p>            <img decoding=\"async\" class=\"lazy\" loading=\"lazy\" data-src=\"https:\/\/static.eldiario.es\/clip\/af73bdba-0b09-46f0-a5ac-26a6e9b69ca2_16-9-discover-aspect-ratio_default_0.jpg\" src=\"data:image\/svg+xml,%3Csvg xmlns=\" http:=\"\" viewbox=\"0 0 1200 675\" alt=\"'Miradas desobedientes'\"\/><\/p>\n<p class=\"article-text\">\n        Son miradas valientes a nuestra historia reciente, Miradas desobedientes en un documental producido por RTVE y dirigido por Anna Solana y Julio de la Parra.\n    <\/p>\n","protected":false},"excerpt":{"rendered":"RTVE estrena este mi\u00e9rcoles 5 de noviembre su especial 50 a\u00f1os del gran cambio, una docuserie que repasa&hellip;\n","protected":false},"author":2,"featured_media":220916,"comment_status":"","ping_status":"","sticky":false,"template":"","format":"standard","meta":{"footnotes":""},"categories":[8],"tags":[1721,988,17,18,7556,1471,5197,25,24,12608,1719,13,14,1058,45302,3956,11,19,20,9,10,15,16,518,23,12,21,22],"class_list":{"0":"post-220915","1":"post","2":"type-post","3":"status-publish","4":"format-standard","5":"has-post-thumbnail","7":"category-espana","8":"tag-1721","9":"tag-anos","10":"tag-breaking-news","11":"tag-breakingnews","12":"tag-cambio","13":"tag-dictadura","14":"tag-documentales","15":"tag-es","16":"tag-espana","17":"tag-especial","18":"tag-estrena","19":"tag-featured-news","20":"tag-featurednews","21":"tag-final","22":"tag-franquista","23":"tag-gran","24":"tag-headlines","25":"tag-latest-news","26":"tag-latestnews","27":"tag-news","28":"tag-noticias","29":"tag-noticias-destacadas","30":"tag-noticiasdestacadas","31":"tag-rtve","32":"tag-spain","33":"tag-titulares","34":"tag-ultimas-noticias","35":"tag-ultimasnoticias"},"share_on_mastodon":{"url":"","error":""},"_links":{"self":[{"href":"https:\/\/www.europesays.com\/es\/wp-json\/wp\/v2\/posts\/220915","targetHints":{"allow":["GET"]}}],"collection":[{"href":"https:\/\/www.europesays.com\/es\/wp-json\/wp\/v2\/posts"}],"about":[{"href":"https:\/\/www.europesays.com\/es\/wp-json\/wp\/v2\/types\/post"}],"author":[{"embeddable":true,"href":"https:\/\/www.europesays.com\/es\/wp-json\/wp\/v2\/users\/2"}],"replies":[{"embeddable":true,"href":"https:\/\/www.europesays.com\/es\/wp-json\/wp\/v2\/comments?post=220915"}],"version-history":[{"count":0,"href":"https:\/\/www.europesays.com\/es\/wp-json\/wp\/v2\/posts\/220915\/revisions"}],"wp:featuredmedia":[{"embeddable":true,"href":"https:\/\/www.europesays.com\/es\/wp-json\/wp\/v2\/media\/220916"}],"wp:attachment":[{"href":"https:\/\/www.europesays.com\/es\/wp-json\/wp\/v2\/media?parent=220915"}],"wp:term":[{"taxonomy":"category","embeddable":true,"href":"https:\/\/www.europesays.com\/es\/wp-json\/wp\/v2\/categories?post=220915"},{"taxonomy":"post_tag","embeddable":true,"href":"https:\/\/www.europesays.com\/es\/wp-json\/wp\/v2\/tags?post=220915"}],"curies":[{"name":"wp","href":"https:\/\/api.w.org\/{rel}","templated":true}]}}