{"id":220923,"date":"2025-11-06T03:54:10","date_gmt":"2025-11-06T03:54:10","guid":{"rendered":"https:\/\/www.europesays.com\/es\/220923\/"},"modified":"2025-11-06T03:54:10","modified_gmt":"2025-11-06T03:54:10","slug":"el-valencia-basket-juega-esta-semana-contra-el-lider-y-contra-el-colista","status":"publish","type":"post","link":"https:\/\/www.europesays.com\/es\/220923\/","title":{"rendered":"El Valencia Basket juega esta semana contra el l\u00edder y contra el colista"},"content":{"rendered":"<p class=\"ft-text\"><strong>El Valencia Basket, <\/strong><a class=\"ft-link ft-link--decoration\" href=\"https:\/\/www.superdeporte.es\/valencia-basket\/2025\/11\/02\/valencia-basket-san-pablo-burgos-liga-endesa-invictos-123283979.html\" rel=\"nofollow noopener\" target=\"_blank\"><strong>tras situarse l\u00edder en solitario de la Liga Endesa el pasado domingo<\/strong><\/a><strong> tras ganar al San Pablo Burgos<\/strong> y firmar un pleno de <strong>5 victorias en otras tantas jornadas<\/strong> en la competici\u00f3n nacional, prepara los dos partidos que tiene en su agenda esta semana. Tras acumular varias semanas con doble jornada de Euroliga, \u00e9sta la competici\u00f3n continental ha dado un peque\u00f1o &#8216;respiro&#8217; a los taronja que<a class=\"ft-link ft-link--decoration\" href=\"https:\/\/www.superdeporte.es\/valencia-basket\/2025\/11\/05\/zalgiris-kaunas-lider-clasificacion-euroliga-rival-123381763.html\" rel=\"nofollow noopener\" target=\"_blank\"> visitar\u00e1n el viernes al l\u00edder, el Zalgiris Kaunas, un partido que pondr\u00e1 a prueba la solidez en Europa de los de Pedro Mart\u00ednez.<\/a> Tras el partido ante el San Pablo Burgos, el t\u00e9cnico catal\u00e1n ha dispuesto esta semana de cuatro ins\u00f3litos d\u00edas sin partidos para preparar el duelo ante el Zalguiris y tambi\u00e9n la visita de este domingo al <strong>Covir\u00e1n Granada <\/strong>en la <a class=\"ft-link ft-link--decoration\" href=\"https:\/\/www.acb.com\/\" rel=\"nofollow noopener\" target=\"_blank\">Liga Endesa<\/a>.<\/p>\n<p>Dos partidos esta semana<\/p>\n<p class=\"ft-text\"><strong>El destino ha querido que, en la misma semana, el Valencia Basket se mida al l\u00edder de la Euroliga, el Zalgiris <\/strong>que presenta un balance de 6 victorias y 2 derrotas y<strong> en la Liga, sin embargo, se enfrente al colista, el Covir\u00e1n Granada<\/strong>, que a\u00fan no conoce la victoria esta temporada y est\u00e1 en n\u00fameros rojos con 0 victorias y 5 derrotas, en la \u00faltima posici\u00f3n de la clasificaci\u00f3n ACB. Los dos partidos, ser\u00e1n adem\u00e1s a domicilio por lo que el <strong>Roig Arena<\/strong> &#8216;descansa&#8217; esta semana.<\/p>\n<p>Mejor inicio taronja<\/p>\n<p class=\"ft-text\"><strong>As\u00ed, pues, el Valencia Basket, que con un balance global de 10 victorias y s\u00f3lo 3 derrotas entre Liga y Euroliga,<\/strong> ha firmado el mejor arranque de su historia en las temporadas que ha compaginado la competici\u00f3n nacional con la m\u00e1xima categor\u00eda continental, tiene un doble reto esta semana. <strong>Por un lado, la visita al Zalgiris es todo un reto para un Valencia Basket <\/strong>que ocupa la sexta posici\u00f3n de la tabla continental con 5 victorias y 3 derrotas a s\u00f3lo 1 victoria del l\u00edder. El Valencia Basket, es adem\u00e1s, el mejor de los cuatro equipos espa\u00f1oles en la Euroliga. Por otra parte, en la Liga Endesa, los de Pedro Mart\u00ednez tienen este domingo una buena oportunidad en su visita al colista, el Covir\u00e1n Granada, de seguir sumando y mantener su condici\u00f3n de \u00fanico equipo invicto de la Liga Endesa.<\/p>\n<p>El peor inicio del Covir\u00e1n Granada<\/p>\n<p class=\"ft-text\"><strong>Si el Valencia Basket puede presumir de estar viviendo su mejor inicio de temporada<\/strong>, el <a class=\"ft-link ft-link--decoration\" href=\"https:\/\/www.superdeporte.es\/tags\/coviran-granada\/\" rel=\"nofollow noopener\" target=\"_blank\">Covir\u00e1n Granada<\/a>, por contra, es el extremo contrario ya que las cinco derrotas suponen su peor inicio liguero. La derrota sufrida por el Covir\u00e1n Granada la pasada jornada ante el R\u00edo Breog\u00e1n (95-74) ha llevado al equipo andaluz a firmar su peor inicio de temporada en la Liga Endesa con cinco partidos jugados y los cinco perdidos, igualando lo que hizo en la campa\u00f1a 2023-24. Antes de caer en tierras gallegas, el equipo dirigido por el debutante Ram\u00f3n D\u00edaz tambi\u00e9n perdi\u00f3 en casa contra el Joventut (75-87) y el Baskonia (80-83) y a domicilio en las canchas del Basquet Manresa (83-68) y el Hiopos Lleida (99-90).<\/p>\n<p class=\"ft-text\"><strong>Este mal comienzo de curso ha colocado al Covir\u00e1n Granada como colista de la Liga Endesa<\/strong>, siendo el \u00fanico equipo que no conoce la victoria en las cinco jornadas iniciales.<\/p>\n<p class=\"ft-text\">La pasada campa\u00f1a los granadinos lograron vencer en la tercera jornada tras dos derrotas iniciales, aunque luego perdieron m\u00e1s partidos hasta enlazar s\u00f3lo ese triunfo en las siete primeras fechas.<\/p>\n","protected":false},"excerpt":{"rendered":"El Valencia Basket, tras situarse l\u00edder en solitario de la Liga Endesa el pasado domingo tras ganar al&hellip;\n","protected":false},"author":2,"featured_media":220924,"comment_status":"","ping_status":"","sticky":false,"template":"","format":"standard","meta":{"footnotes":""},"categories":[269],"tags":[302,299,1918,298,46761,9652,168,25,24,833,4348,5564,12326,3919,23,167,235,2916,53569],"class_list":{"0":"post-220923","1":"post","2":"type-post","3":"status-publish","4":"format-standard","5":"has-post-thumbnail","7":"category-baloncesto","8":"tag-acb","9":"tag-baloncesto","10":"tag-basket","11":"tag-basketball","12":"tag-colista","13":"tag-coviran-granada","14":"tag-deportes","15":"tag-es","16":"tag-espana","17":"tag-euroliga","18":"tag-juega","19":"tag-lider","20":"tag-pedro-martinez","21":"tag-san-pablo-burgos","22":"tag-spain","23":"tag-sports","24":"tag-valencia","25":"tag-valencia-basket","26":"tag-zalgiris-kaunas"},"share_on_mastodon":{"url":"https:\/\/pubeurope.com\/@es\/115500735905092710","error":""},"_links":{"self":[{"href":"https:\/\/www.europesays.com\/es\/wp-json\/wp\/v2\/posts\/220923","targetHints":{"allow":["GET"]}}],"collection":[{"href":"https:\/\/www.europesays.com\/es\/wp-json\/wp\/v2\/posts"}],"about":[{"href":"https:\/\/www.europesays.com\/es\/wp-json\/wp\/v2\/types\/post"}],"author":[{"embeddable":true,"href":"https:\/\/www.europesays.com\/es\/wp-json\/wp\/v2\/users\/2"}],"replies":[{"embeddable":true,"href":"https:\/\/www.europesays.com\/es\/wp-json\/wp\/v2\/comments?post=220923"}],"version-history":[{"count":0,"href":"https:\/\/www.europesays.com\/es\/wp-json\/wp\/v2\/posts\/220923\/revisions"}],"wp:featuredmedia":[{"embeddable":true,"href":"https:\/\/www.europesays.com\/es\/wp-json\/wp\/v2\/media\/220924"}],"wp:attachment":[{"href":"https:\/\/www.europesays.com\/es\/wp-json\/wp\/v2\/media?parent=220923"}],"wp:term":[{"taxonomy":"category","embeddable":true,"href":"https:\/\/www.europesays.com\/es\/wp-json\/wp\/v2\/categories?post=220923"},{"taxonomy":"post_tag","embeddable":true,"href":"https:\/\/www.europesays.com\/es\/wp-json\/wp\/v2\/tags?post=220923"}],"curies":[{"name":"wp","href":"https:\/\/api.w.org\/{rel}","templated":true}]}}