{"id":220940,"date":"2025-11-06T04:08:10","date_gmt":"2025-11-06T04:08:10","guid":{"rendered":"https:\/\/www.europesays.com\/es\/220940\/"},"modified":"2025-11-06T04:08:10","modified_gmt":"2025-11-06T04:08:10","slug":"un-conductor-bebido-y-drogado-atropella-a-varias-personas-en-la-isla-francesa-de-oleron-al-grito-de-ala-es-grande","status":"publish","type":"post","link":"https:\/\/www.europesays.com\/es\/220940\/","title":{"rendered":"Un conductor bebido y drogado atropella a varias personas en la isla francesa de Oler\u00f3n al grito de &#8216;Al\u00e1 es grande&#8217;"},"content":{"rendered":"<p style=\"\">Al menos diez personas han resultado heridas, tres de ellas de gravedad, tras ser atropelladas por un conductor en la <strong>isla francesa de Oleron<\/strong>, en la costa atl\u00e1ntica. Seg\u00fan las primeras informaciones, el atacante ha sido arrestado y ha dado positivo en alcohol y  &#8230; drogas. Las v\u00edctimas, con edades comprendidas entre los 22 y los 67 a\u00f1os, han sido tratadas en el lugar del suceso, si bien varias han sido evacuadas en helic\u00f3ptero al Hospital Universitario de Poitiers.<\/p>\n<p class=\"voc-p\" style=\"\"><strong>Laurent N\u00fa\u00f1ez<\/strong>, ministro de Interior, ha informado en X sobre el incidente: \u00abEsta ma\u00f1ana, un conductor atropell\u00f3 a varios peatones y ciclistas en <strong>Saint-Pierre-d&#8217;Ol\u00e9ron y Dolus-d&#8217;Ol\u00e9ron<\/strong>. Dos v\u00edctimas se encuentran en estado cr\u00edtico y otras tres resultaron heridas. El conductor fue detenido por la polic\u00eda. Se est\u00e1 llevando a cabo una investigaci\u00f3n. A petici\u00f3n del Primer Ministro, voy a dirigirme all\u00ed\u00bb, ha se\u00f1alado.<\/p>\n<p class=\"voc-p\" style=\"\">La Gendarmer\u00eda francesa apunta a <strong>un atropello intencionado<\/strong>, y seg\u00fan los primeros testigos, <a href=\"https:\/\/www.leparisien.fr\/faits-divers\/un-automobiliste-fonce-sur-plusieurs-personnes-sur-lile-doleron-dix-blesses-dont-deux-en-urgence-absolue-05-11-2025-YL7H25XJFVEFVPP4SINCMVLTI4.php\" target=\"_blank\" title=\"www.leparisien.fr\" data-voc-vtm-id=\"in-text-traffic\" data-mrf-link=\"www.leparisien.fr\" rel=\"nofollow noopener\">citados en &#8216;Le Parisien&#8217;<\/a>, el atacante <strong>grit\u00f3 &#8216;Al\u00e1 es grande&#8217;<\/strong> en el momento del incidente. Una vez detenido por los agentes, encontraron dentro del coche varias <strong>bombonas de gas<\/strong> que no llegaron a explotar pero que s\u00ed estaban ardiendo parcialmente. <\/p>\n<p class=\"voc-p\" style=\"\">El ministro N\u00fa\u00f1ez confirm\u00f3 desde el lugar de los hechos que el atacante se resisti\u00f3 al arresto y que, cuando vio que los agentes le iban a detener, <strong>prendi\u00f3 fuego al coche<\/strong>.<\/p>\n<p class=\"voc-p\" style=\"\">El alcalde de Saint Pierre de Oleron, <strong>Christope Sueur<\/strong>, ha asegurado que el hombre tiene unos 30 a\u00f1os, es de nacionalidad francesa y reside en la localidad de La Cotini\u00e8re, un peque\u00f1o pueblo de la costa oeste de la isla. \u00abEs conocido por sus numerosos <strong>comportamientos problem\u00e1ticos<\/strong>, especialmente debido al consumo habitual de drogas y alcohol\u00bb, se\u00f1al\u00f3 el edil a Le Parisien, que tambi\u00e9n confirm\u00f3 que el detenido <strong>no estaba en la lista de seguidos por posible radicalizaci\u00f3n<\/strong>.<\/p>\n<p class=\"voc-p\" style=\"\">La fiscal\u00eda de La Rochelle ha abierto una investigaci\u00f3n <strong>por intento de homicidio<\/strong>. Los responsables de llevarla a cabo ser\u00e1 la secci\u00f3n de investigaci\u00f3n de Poitiers y cuenta con el apoyo de las brigadas de Rochefort y La Rochelle. Tambi\u00e9n la Fiscal\u00eda Antiterrorista va a formar parte del equipo.<\/p>\n<p class=\"voc-p\" style=\"\">La isla de Ol\u00e9ron, en la costa atl\u00e1ntica de Francia, es la segunda m\u00e1s grande del pa\u00eds y cuenta con unos 22.000 habitantes. Conectada al continente por un puente, y destaca por sus playas, marismas y bosques y est\u00e1 considerado como <strong>un destino vacacional<\/strong> perfecto para quienes buscan tranquilidad. Entre su poblaci\u00f3n no hay datos espec\u00edficos que indiquen presencia destacada de islamismo radical ni problem\u00e1ticas relacionadas con extremismo en la isla.<\/p>\n<p>\nUna asistente de un pol\u00edtico del partido de Le Pen, entre las heridas m\u00e1s graves\n<\/p>\n<p class=\"voc-p\" style=\"\">Una de las v\u00edctimas m\u00e1s graves es una de las asistentes de <strong>Pascal Markowsky<\/strong>, diputado regional de la Agrupaci\u00f3n Nacional de Marine Le Pen. Fue evacuada al hospital con traumatismo craneoencef\u00e1lico y m\u00faltiples fracturas.<\/p>\n","protected":false},"excerpt":{"rendered":"Al menos diez personas han resultado heridas, tres de ellas de gravedad, tras ser atropelladas por un conductor&hellip;\n","protected":false},"author":2,"featured_media":220941,"comment_status":"","ping_status":"","sticky":false,"template":"","format":"standard","meta":{"footnotes":""},"categories":[42],"tags":[6073,33796,58813,17,18,30816,58814,13,14,1751,699,12474,11,61,62,63,64,3643,19,20,9,10,15,16,58815,3477,12,21,22,11304,65,66,67],"class_list":{"0":"post-220940","1":"post","2":"type-post","3":"status-publish","4":"format-standard","5":"has-post-thumbnail","7":"category-internacional","8":"tag-ala","9":"tag-atropella","10":"tag-bebido","11":"tag-breaking-news","12":"tag-breakingnews","13":"tag-conductor","14":"tag-drogado","15":"tag-featured-news","16":"tag-featurednews","17":"tag-francesa","18":"tag-grande","19":"tag-grito","20":"tag-headlines","21":"tag-internacional","22":"tag-international","23":"tag-international-news","24":"tag-internationalnews","25":"tag-isla","26":"tag-latest-news","27":"tag-latestnews","28":"tag-news","29":"tag-noticias","30":"tag-noticias-destacadas","31":"tag-noticiasdestacadas","32":"tag-oleron","33":"tag-personas","34":"tag-titulares","35":"tag-ultimas-noticias","36":"tag-ultimasnoticias","37":"tag-varias","38":"tag-world","39":"tag-world-news","40":"tag-worldnews"},"share_on_mastodon":{"url":"","error":"Validation failed: Text character limit of 500 exceeded"},"_links":{"self":[{"href":"https:\/\/www.europesays.com\/es\/wp-json\/wp\/v2\/posts\/220940","targetHints":{"allow":["GET"]}}],"collection":[{"href":"https:\/\/www.europesays.com\/es\/wp-json\/wp\/v2\/posts"}],"about":[{"href":"https:\/\/www.europesays.com\/es\/wp-json\/wp\/v2\/types\/post"}],"author":[{"embeddable":true,"href":"https:\/\/www.europesays.com\/es\/wp-json\/wp\/v2\/users\/2"}],"replies":[{"embeddable":true,"href":"https:\/\/www.europesays.com\/es\/wp-json\/wp\/v2\/comments?post=220940"}],"version-history":[{"count":0,"href":"https:\/\/www.europesays.com\/es\/wp-json\/wp\/v2\/posts\/220940\/revisions"}],"wp:featuredmedia":[{"embeddable":true,"href":"https:\/\/www.europesays.com\/es\/wp-json\/wp\/v2\/media\/220941"}],"wp:attachment":[{"href":"https:\/\/www.europesays.com\/es\/wp-json\/wp\/v2\/media?parent=220940"}],"wp:term":[{"taxonomy":"category","embeddable":true,"href":"https:\/\/www.europesays.com\/es\/wp-json\/wp\/v2\/categories?post=220940"},{"taxonomy":"post_tag","embeddable":true,"href":"https:\/\/www.europesays.com\/es\/wp-json\/wp\/v2\/tags?post=220940"}],"curies":[{"name":"wp","href":"https:\/\/api.w.org\/{rel}","templated":true}]}}