{"id":220947,"date":"2025-11-06T04:19:13","date_gmt":"2025-11-06T04:19:13","guid":{"rendered":"https:\/\/www.europesays.com\/es\/220947\/"},"modified":"2025-11-06T04:19:13","modified_gmt":"2025-11-06T04:19:13","slug":"ricky-rubio-destaca-en-la-bcl-con-su-mejor-partido-de-la-temporada-2","status":"publish","type":"post","link":"https:\/\/www.europesays.com\/es\/220947\/","title":{"rendered":"Ricky Rubio destaca en la BCL con su mejor partido de la temporada"},"content":{"rendered":"<ul class=\"post-meta single-meta\">\n<li class=\"autor\">Redacci\u00f3n<\/li>\n<li class=\"post-date\">05\/11\/2025<\/li>\n<li class=\"post-category\"><a href=\"https:\/\/www.gigantes.com\/bcl\/\" title=\"Cortos de BCL\" rel=\"nofollow noopener\" target=\"_blank\">BCL<\/a><\/li>\n<\/ul>\n<p>Repasamos lo m\u00e1s destacado de la jornada 4 de la Basketball Champions League con el Joventut Badalona y el Dreamland Gran Canaria jugando en la primera semana de la misma.<\/p>\n<p>Bursaspor 68 \u2013 79 Joventut Badalona<\/p>\n<p><strong>Ricky Rubio\u00a0<\/strong>ha firmado su mejor actuaci\u00f3n hasta el momento de la temporada en la trabajada victoria del Joventut Badalona en su visita a la cancha del Bursaspor Basketbol por <strong>68 a 79<\/strong>.<\/p>\n<p>Despu\u00e9s de una primera parte dominada por la Penya en la que llegaron a tener rentas de hasta 10 puntos, el Bursaspor fue entrando en el partido y el Joventut termin\u00f3 imponi\u00e9ndose con un notable parcial en el \u00faltimo periodo de 17 a 27.<\/p>\n<p>Ricky Rubio acab\u00f3 con su m\u00e1ximo anotador de la temporada alcanzando los <strong>24 puntos gracias a su 4 de 5 en triples<\/strong> (tope de temporada) con <strong>5 asistencias y 26 de eficiencia<\/strong>. Adem\u00e1s lider\u00f3 a los verdinegros en el +\/- teniendo un +17 en los 21 minutos que estuvo sobre la cancha.<\/p>\n<blockquote class=\"twitter-tweet\">\n<p dir=\"ltr\" lang=\"ca\">\ud83c\udfaf \u00a1La manita de <a href=\"https:\/\/twitter.com\/rickyrubio9?ref_src=twsrc%5Etfw\" rel=\"nofollow noopener\" target=\"_blank\">@rickyrubio9<\/a>!<\/p>\n<p>\ud83d\udd25 Van 4 de 5 en triples para la <a href=\"https:\/\/twitter.com\/Penya1930?ref_src=twsrc%5Etfw\" rel=\"nofollow noopener\" target=\"_blank\">@Penya1930<\/a>, tope de la temporada <a href=\"https:\/\/twitter.com\/hashtag\/BaketballCL?src=hash&amp;ref_src=twsrc%5Etfw\" rel=\"nofollow noopener\" target=\"_blank\">#BaketballCL<\/a> <a href=\"https:\/\/t.co\/McAgafjJh4\" rel=\"nofollow\">pic.twitter.com\/McAgafjJh4<\/a><\/p>\n<p>\u2014 Gigantes del Basket (@GIGANTESbasket) <a href=\"https:\/\/twitter.com\/GIGANTESbasket\/status\/1986141378292621608?ref_src=twsrc%5Etfw\" rel=\"nofollow noopener\" target=\"_blank\">November 5, 2025<\/a><\/p>\n<\/blockquote>\n<p>Dreamland Gran Canaria 77 \u2013 62 KK Spartak<\/p>\n<p>El Dreamland Gran Canaria tambi\u00e9n ha mantenido su invicto en la competici\u00f3n europea despu\u00e9s de superar ante su p\u00fablico al KK Spartak por 77 a 62. Los de Jaka Lakovic dominaron durante los 40 minutos despu\u00e9s de arrancar el partido con un parcial de 28-18, liderados por un Nico Brussino estelar.<\/p>\n<p>El alero argentino acab\u00f3 el encuentro con 22 puntos a los que sum\u00f3 5 rebotes y 5 asistencias para un 27 de valoraci\u00f3n. Tobey, que ya fue el mejor ante el MoraBanc Andorra en Liga Endesa, anot\u00f3 19 puntos para los canarios.<\/p>\n<p>Los horarios del resto de la Jornada 4 de la BCL<\/p>\n<p>Los equipos espa\u00f1oles completar\u00e1n la jornada 4 de la Basketball Champions League la pr\u00f3xima semana. Estos ser\u00e1n los d\u00edas y horarios de sus encuentros:<\/p>\n<p><strong>La Laguna Tenerife<\/strong> \u2013 Tofas Bursa \u2013 11 noviembre (21:00h peninsular)<br \/>Mersin Sports Club \u2013\u00a0<strong>Unicaja M\u00e1laga<\/strong> \u2013 12 noviembre (18:00h)<\/p>\n<p style=\"text-align: right;\">Foto: FIBA<\/p>\n<p><img decoding=\"async\" src=\"https:\/\/www.europesays.com\/es\/wp-content\/uploads\/2025\/11\/1762402750_645_mtracking.gif\" alt=\"Etiquetas de Mautic\" style=\"display:none;\"\/><\/p>\n<p><a href=\"https:\/\/www.gigantes.com\/tienda\/hemeroteca\/especial-40-aniversario-gigantes-del-basket-no-1-562-noviembre-2025\/\" rel=\"nofollow noopener\" target=\"_blank\"><img loading=\"lazy\" decoding=\"async\" class=\"aligncenter wp-image-767872 size-large\" src=\"https:\/\/www.europesays.com\/es\/wp-content\/uploads\/2025\/10\/INSTAGRAM-2-2-1024x1024.jpg.webp.webp\" alt=\"\" width=\"680\" height=\"680\"  \/><\/a><\/p>\n<p>\t\t\t\t\t<img loading=\"lazy\" decoding=\"async\" src=\"https:\/\/www.europesays.com\/es\/wp-content\/uploads\/2025\/10\/mano.png\" width=\"60\" height=\"60\" alt=\"Deliza hacia abajo\"\/>Sigue deslizando hacia abajo para ver m\u00e1s contenidos<\/p>\n<p>                <script async src=\"https:\/\/platform.twitter.com\/widgets.js\" charset=\"utf-8\"><\/script><\/p>\n","protected":false},"excerpt":{"rendered":"Redacci\u00f3n 05\/11\/2025 BCL Repasamos lo m\u00e1s destacado de la jornada 4 de la Basketball Champions League con el&hellip;\n","protected":false},"author":2,"featured_media":220658,"comment_status":"","ping_status":"","sticky":false,"template":"","format":"standard","meta":{"footnotes":""},"categories":[268],"tags":[20466,168,25,24,280,282,281,23,167],"class_list":{"0":"post-220947","1":"post","2":"type-post","3":"status-publish","4":"format-standard","5":"has-post-thumbnail","7":"category-futbol","8":"tag-basketball-champions-league","9":"tag-deportes","10":"tag-es","11":"tag-espana","12":"tag-football","13":"tag-futbol","14":"tag-soccer","15":"tag-spain","16":"tag-sports"},"share_on_mastodon":{"url":"https:\/\/pubeurope.com\/@es\/115500834477321077","error":""},"_links":{"self":[{"href":"https:\/\/www.europesays.com\/es\/wp-json\/wp\/v2\/posts\/220947","targetHints":{"allow":["GET"]}}],"collection":[{"href":"https:\/\/www.europesays.com\/es\/wp-json\/wp\/v2\/posts"}],"about":[{"href":"https:\/\/www.europesays.com\/es\/wp-json\/wp\/v2\/types\/post"}],"author":[{"embeddable":true,"href":"https:\/\/www.europesays.com\/es\/wp-json\/wp\/v2\/users\/2"}],"replies":[{"embeddable":true,"href":"https:\/\/www.europesays.com\/es\/wp-json\/wp\/v2\/comments?post=220947"}],"version-history":[{"count":0,"href":"https:\/\/www.europesays.com\/es\/wp-json\/wp\/v2\/posts\/220947\/revisions"}],"wp:featuredmedia":[{"embeddable":true,"href":"https:\/\/www.europesays.com\/es\/wp-json\/wp\/v2\/media\/220658"}],"wp:attachment":[{"href":"https:\/\/www.europesays.com\/es\/wp-json\/wp\/v2\/media?parent=220947"}],"wp:term":[{"taxonomy":"category","embeddable":true,"href":"https:\/\/www.europesays.com\/es\/wp-json\/wp\/v2\/categories?post=220947"},{"taxonomy":"post_tag","embeddable":true,"href":"https:\/\/www.europesays.com\/es\/wp-json\/wp\/v2\/tags?post=220947"}],"curies":[{"name":"wp","href":"https:\/\/api.w.org\/{rel}","templated":true}]}}