{"id":220969,"date":"2025-11-06T04:42:09","date_gmt":"2025-11-06T04:42:09","guid":{"rendered":"https:\/\/www.europesays.com\/es\/220969\/"},"modified":"2025-11-06T04:42:09","modified_gmt":"2025-11-06T04:42:09","slug":"inter-milan-kairat-almaty-resumen-resultado-y-goles","status":"publish","type":"post","link":"https:\/\/www.europesays.com\/es\/220969\/","title":{"rendered":"Inter Mil\u00e1n &#8211; Kairat Almaty: resumen, resultado y goles"},"content":{"rendered":"\n<p class=\"ue-c-article__paragraph \">Muy buenas noches y bienvenidos al directo de este partido. El <strong>Inter de Mil\u00e1n <\/strong>y el <strong>Kairat Almaty <\/strong>se miden en la <strong>jornada 4<\/strong> de la <strong>fase Liga de la Champions League<\/strong> 2025-26 en el <strong>estadio de San Siro.<\/strong><\/p>\n<p class=\"ue-c-article__paragraph \">El <strong>Giuseppe Meazza<\/strong> ser\u00e1 escenario de un duelo con tintes hist\u00f3ricos: el campe\u00f3n de Italia recibe al debutante Kairat Almaty en una cita marcada por la diferencia de experiencia, pero tambi\u00e9n por la exigencia. <strong>El Inter de Chivu<\/strong>, pleno de victorias y con Lautaro en modo capit\u00e1n total, quiere acercarse un poco m\u00e1s a su pase a los octavos y mantener su candidatura al primer puesto de esta fase.<\/p>\n<p class=\"ue-c-article__paragraph \">El <strong>Kairat<\/strong>, sin embargo, no renuncia a dar la sorpresa. El conjunto kazajo, que ya logr\u00f3 puntuar ante el Salzburgo, conf\u00eda en su bloque solidario y en el factor sorpresa para resistir ante uno de los colosos del torneo. San Siro volver\u00e1 a vestirse de gala para un Inter que quiere seguir dejando huella en Europa y no dar ni una concesi\u00f3n en casa.<\/p>\n<p class=\"ue-c-article__paragraph \">\u00a1EMPEZAMOS!<\/p>\n","protected":false},"excerpt":{"rendered":"Muy buenas noches y bienvenidos al directo de este partido. El Inter de Mil\u00e1n y el Kairat Almaty&hellip;\n","protected":false},"author":2,"featured_media":220970,"comment_status":"","ping_status":"","sticky":false,"template":"","format":"standard","meta":{"footnotes":""},"categories":[268],"tags":[1241,168,25,24,280,282,52728,29113,281,23,167],"class_list":{"0":"post-220969","1":"post","2":"type-post","3":"status-publish","4":"format-standard","5":"has-post-thumbnail","7":"category-futbol","8":"tag-champions-league","9":"tag-deportes","10":"tag-es","11":"tag-espana","12":"tag-football","13":"tag-futbol","14":"tag-inter-de-milan","15":"tag-kairat-almaty","16":"tag-soccer","17":"tag-spain","18":"tag-sports"},"share_on_mastodon":{"url":"https:\/\/pubeurope.com\/@es\/115500924711195677","error":""},"_links":{"self":[{"href":"https:\/\/www.europesays.com\/es\/wp-json\/wp\/v2\/posts\/220969","targetHints":{"allow":["GET"]}}],"collection":[{"href":"https:\/\/www.europesays.com\/es\/wp-json\/wp\/v2\/posts"}],"about":[{"href":"https:\/\/www.europesays.com\/es\/wp-json\/wp\/v2\/types\/post"}],"author":[{"embeddable":true,"href":"https:\/\/www.europesays.com\/es\/wp-json\/wp\/v2\/users\/2"}],"replies":[{"embeddable":true,"href":"https:\/\/www.europesays.com\/es\/wp-json\/wp\/v2\/comments?post=220969"}],"version-history":[{"count":0,"href":"https:\/\/www.europesays.com\/es\/wp-json\/wp\/v2\/posts\/220969\/revisions"}],"wp:featuredmedia":[{"embeddable":true,"href":"https:\/\/www.europesays.com\/es\/wp-json\/wp\/v2\/media\/220970"}],"wp:attachment":[{"href":"https:\/\/www.europesays.com\/es\/wp-json\/wp\/v2\/media?parent=220969"}],"wp:term":[{"taxonomy":"category","embeddable":true,"href":"https:\/\/www.europesays.com\/es\/wp-json\/wp\/v2\/categories?post=220969"},{"taxonomy":"post_tag","embeddable":true,"href":"https:\/\/www.europesays.com\/es\/wp-json\/wp\/v2\/tags?post=220969"}],"curies":[{"name":"wp","href":"https:\/\/api.w.org\/{rel}","templated":true}]}}