{"id":220999,"date":"2025-11-06T05:08:25","date_gmt":"2025-11-06T05:08:25","guid":{"rendered":"https:\/\/www.europesays.com\/es\/220999\/"},"modified":"2025-11-06T05:08:25","modified_gmt":"2025-11-06T05:08:25","slug":"maria-lopez-fanjul-toma-las-riendas-del-museo-de-bellas-artes-de-asturias-ocio-y-cultura","status":"publish","type":"post","link":"https:\/\/www.europesays.com\/es\/220999\/","title":{"rendered":"Mar\u00eda L\u00f3pez-Fanjul toma las riendas del Museo de Bellas Artes de Asturias | Ocio y cultura"},"content":{"rendered":"<p class=\"loc\">Asturias<\/p>\n<p>Hace ya m\u00e1s de ocho meses que Alfonso Palacio anunci\u00f3 su marcha del Museo de Bellas Artes de Asturias. Lo hac\u00eda con el objetivo de asumir un nuevo reto profesional, en este caso, en la direcci\u00f3n adjunta del Museo del Prado. Se abri\u00f3 entonces un minucioso proceso de selecci\u00f3n para decidir qui\u00e9n asumir\u00eda las riendas de la direcci\u00f3n del espacio art\u00edstico. Un proceso que culmin\u00f3 hace dos meses con la elecci\u00f3n de la historiadora del arte y curadora Mar\u00eda L\u00f3pez-Fanjul (Madrid, 1979). <\/p>\n<p><strong>Recibe la newsletter diaria de SER Gij\u00f3n<\/strong><br \/>La informaci\u00f3n que necesitas conocer para empezar la jornada<\/p>\n<p><a href=\"https:\/\/usuarios.cadenaser.com\/newsletters\/?v=pf\" title=\"Suscr\u00edbete\" rel=\"nofollow noopener\" target=\"_blank\">Suscr\u00edbete ahora<\/a><\/p>\n<p>A partir del 1 de diciembre empezar\u00e1 a plasmar su hoja de ruta en el museo. \u00abTendr\u00e1 de todo: parte continuista y tambi\u00e9n novedades\u00bb, anticipa L\u00f3pez-Fanjul. Atiende a la llamada de La Ventana de Asturias a\u00fan desde Berl\u00edn, donde ha vivido, formado familia y se ha desarrollado profesionalmente durante los \u00faltimos 13 a\u00f1os. Ha sido el \u00faltimo paso de una ruta europea que la llev\u00f3 previamente a formarse en Madrid y Florencia primero para culminar con una larga trayectoria en Londres.<\/p>\n<p>\u00abAsturias se est\u00e1 empezando a creer que es un tesoro art\u00edstico\u00bb<\/p>\n<p>Llama la atenci\u00f3n que despu\u00e9s de conquistar cuatro grandes urbes europeas decida tomar las riendas de una plaza m\u00e1s humilde como la de Asturias. \u00abUno de mis grandes y primeros objetivos en el Bellas Artes ser\u00e1 convencer a las asturianas y asturianos de que ni el museo ni el Principado son lugares de segunda\u00bb, comenta la ya directora. \u00abNo se me ocurre otra regi\u00f3n en Espa\u00f1a con mayor potencial\u00bb, analiza desde su amplia trayectoria profesional.<\/p>\n","protected":false},"excerpt":{"rendered":"Asturias Hace ya m\u00e1s de ocho meses que Alfonso Palacio anunci\u00f3 su marcha del Museo de Bellas Artes&hellip;\n","protected":false},"author":2,"featured_media":221000,"comment_status":"","ping_status":"","sticky":false,"template":"","format":"standard","meta":{"footnotes":""},"categories":[173],"tags":[229,233,231,230,232,234,146,147,25,24,23],"class_list":{"0":"post-220999","1":"post","2":"type-post","3":"status-publish","4":"format-standard","5":"has-post-thumbnail","7":"category-arte-y-diseno","8":"tag-arte","9":"tag-arte-y-diseno","10":"tag-arts","11":"tag-arts-and-design","12":"tag-design","13":"tag-diseno","14":"tag-entertainment","15":"tag-entretenimiento","16":"tag-es","17":"tag-espana","18":"tag-spain"},"share_on_mastodon":{"url":"https:\/\/pubeurope.com\/@es\/115501026714512861","error":""},"_links":{"self":[{"href":"https:\/\/www.europesays.com\/es\/wp-json\/wp\/v2\/posts\/220999","targetHints":{"allow":["GET"]}}],"collection":[{"href":"https:\/\/www.europesays.com\/es\/wp-json\/wp\/v2\/posts"}],"about":[{"href":"https:\/\/www.europesays.com\/es\/wp-json\/wp\/v2\/types\/post"}],"author":[{"embeddable":true,"href":"https:\/\/www.europesays.com\/es\/wp-json\/wp\/v2\/users\/2"}],"replies":[{"embeddable":true,"href":"https:\/\/www.europesays.com\/es\/wp-json\/wp\/v2\/comments?post=220999"}],"version-history":[{"count":0,"href":"https:\/\/www.europesays.com\/es\/wp-json\/wp\/v2\/posts\/220999\/revisions"}],"wp:featuredmedia":[{"embeddable":true,"href":"https:\/\/www.europesays.com\/es\/wp-json\/wp\/v2\/media\/221000"}],"wp:attachment":[{"href":"https:\/\/www.europesays.com\/es\/wp-json\/wp\/v2\/media?parent=220999"}],"wp:term":[{"taxonomy":"category","embeddable":true,"href":"https:\/\/www.europesays.com\/es\/wp-json\/wp\/v2\/categories?post=220999"},{"taxonomy":"post_tag","embeddable":true,"href":"https:\/\/www.europesays.com\/es\/wp-json\/wp\/v2\/tags?post=220999"}],"curies":[{"name":"wp","href":"https:\/\/api.w.org\/{rel}","templated":true}]}}