{"id":221029,"date":"2025-11-06T05:36:17","date_gmt":"2025-11-06T05:36:17","guid":{"rendered":"https:\/\/www.europesays.com\/es\/221029\/"},"modified":"2025-11-06T05:36:17","modified_gmt":"2025-11-06T05:36:17","slug":"si-no-hay-intensidad-no-hay-nada-que-hacer-en-champions","status":"publish","type":"post","link":"https:\/\/www.europesays.com\/es\/221029\/","title":{"rendered":"Si no hay intensidad, no hay nada que hacer en Champions"},"content":{"rendered":"<p class=\"ft-text\">No hay mucho tiempo para lamentos. El Bar\u00e7a tiene que analizar <a class=\"ft-link ft-link--decoration\" href=\"https:\/\/www.sport.es\/es\/noticias\/barca\/barca-aguas-defensa-complica-vida-123401502\" rel=\"nofollow noopener\" target=\"_blank\">lo ocurrido ante el Brujas<\/a> y las facilidades que est\u00e1 dejando a sus rivales desde que empez\u00f3 la campa\u00f1a buscando mejorar. <strong>El t\u00e9cnico del equipo, Hansi Flick, parece tenerlo muy claro.<\/strong><\/p>\n<p class=\"ft-text\">\u00ab<strong>No es f\u00e1cil, no es nada f\u00e1cil. S\u00ed que hemos creado varias ocasiones, pero lo cierto es que ellos lo han hecho muy bien<\/strong>. Han sido muy agresivos, l\u00f3gicamente en el aspecto positivo\u00bb, explic\u00f3 el alem\u00e1n tras el partido, elogiando el papel del Brujas en el partido.<\/p>\n<p class=\"ft-text\">Flick tiene muy claros los puntos en los que debe mejorar su equipo, especialmente tras haber recibido 15 goles en los \u00faltimos ocho encuentros. \u00abLo cierto es que<strong> no hemos sido capaces de presionar sobre el bal\u00f3n, hemos perdido muchos duelos, muchos en el centro del campo<\/strong>, eso era importante ante jugadores tan r\u00e1pidos. Tenemos que defender m\u00e1s en el \u00faltimo tercio, ser fieles a nuestra filosof\u00eda. Lo podemos hacer mucho mejor\u00bb, sentenci\u00f3.<\/p>\n<p><img decoding=\"async\" src=\"https:\/\/www.europesays.com\/es\/wp-content\/uploads\/2025\/11\/c0265847-cb70-41e1-a9c9-e276173eba61_alta-libre-aspect-ratio_default_0.jpg\" width=\"1200\" height=\"833\" alt=\"BRUGES (Belgium), 05\/11\/2025.- Brugge head coach Nicky Hayen (R) greets Barcelona head coach Hansi Flick before the UEFA Champions League league phase match between Club Brugge KV and FC Barcelona, in Bruges, Britain, 05 November 2025. (Liga de Campeones, B\u00e9lgica, Reino Unido, Brujas) EFE\/EPA\/OLIVIER MATTHYS\" class=\"ft-helper-img-rd\" loading=\"lazy\"\/><\/p>\n<p class=\"ft-helper-fontColor-quaternary ft-helper-fontSize-body-S ft-helper-spacer-t-xxs\">Hansi Flick saluda a Nicky Hayen , entrenador del Brujas  \/ OLIVIER MATTHYS \/ EFE<\/p>\n<p class=\"ft-text\">\u00abPara nosotros se trata de intensidad cuando estamos sin el bal\u00f3n. Podemos replegarnos o mantener nuestra filosof\u00eda y mejorar. <strong>Cuando no hay intensidad, no hay nada que hacer en Champions.<\/strong> Podemos hablar de cambiarlo todo, pero no soy un entrenador que haga ese tipo de cambios. <strong>Queremos jugar seg\u00fan nuestro ADN, no queremos defender en bloque bajo y ganar 1-0 en transici\u00f3n<\/strong>. Sobre todo estar atentos cuando ellos nos generan solamente con uno o dos toques. No se trata de defender bien solo la \u00faltima l\u00ednea, tambi\u00e9n en el centro del campo. Eso es lo que estamos tratando de analizar y de mejorar. Seguro que conseguiremos mejorarlo. Esto va de equipo. Debemos trabajar, sabemos que no es el mejor momento del equipo, pero estamos centrados\u00bb, analiz\u00f3 el entrenador blaugrana tras el empate.<\/p>\n<p class=\"ft-text\">El t\u00e9cnico tambi\u00e9n fue cuestionado por el buen partido de Lamine Yamal, que recuper\u00f3 las sensaciones tras semanas arrastrando muchos problemas f\u00edsicos debido a la pubalgia, que le impidi\u00f3 estar a pleno rendimiento en los \u00faltimos encuentros. \u00abPara m\u00ed se trata de que somos un equipo. <strong>Est\u00e1 bien que Lamine haya hecho un buen partido, pero tenemos que hablar de muchas cosas\u00bb<\/strong>, explic\u00f3 Flick.<\/p>\n<p class=\"ft-text\">El alem\u00e1n volvi\u00f3 a ser preguntado por el &#8217;10&#8217; del Bar\u00e7a en sala de prensa, donde recalc\u00f3 su felicidad por el buen partido del canterano: \u00abEstoy contento de que Lamine est\u00e9 de vuelta a un nivel como el de hoy. <strong>Para m\u00ed, lo importante es que sepa manejar esta situaci\u00f3n porque no es f\u00e1cil.<\/strong> Debe estar centrado en ello y lo est\u00e1 manejando de manera correcta\u00bb.<\/p>\n","protected":false},"excerpt":{"rendered":"No hay mucho tiempo para lamentos. El Bar\u00e7a tiene que analizar lo ocurrido ante el Brujas y las&hellip;\n","protected":false},"author":2,"featured_media":221030,"comment_status":"","ping_status":"","sticky":false,"template":"","format":"standard","meta":{"footnotes":""},"categories":[93],"tags":[30768,2296,1241,168,8194,25,24,4970,9264,13342,11680,23,167],"class_list":{"0":"post-221029","1":"post","2":"type-post","3":"status-publish","4":"format-standard","5":"has-post-thumbnail","7":"category-deportes","8":"tag-autocritica","9":"tag-barca","10":"tag-champions-league","11":"tag-deportes","12":"tag-elige","13":"tag-es","14":"tag-espana","15":"tag-flick","16":"tag-hablar","17":"tag-hansi-flick","18":"tag-lamine","19":"tag-spain","20":"tag-sports"},"share_on_mastodon":{"url":"https:\/\/pubeurope.com\/@es\/115501136897665938","error":""},"_links":{"self":[{"href":"https:\/\/www.europesays.com\/es\/wp-json\/wp\/v2\/posts\/221029","targetHints":{"allow":["GET"]}}],"collection":[{"href":"https:\/\/www.europesays.com\/es\/wp-json\/wp\/v2\/posts"}],"about":[{"href":"https:\/\/www.europesays.com\/es\/wp-json\/wp\/v2\/types\/post"}],"author":[{"embeddable":true,"href":"https:\/\/www.europesays.com\/es\/wp-json\/wp\/v2\/users\/2"}],"replies":[{"embeddable":true,"href":"https:\/\/www.europesays.com\/es\/wp-json\/wp\/v2\/comments?post=221029"}],"version-history":[{"count":0,"href":"https:\/\/www.europesays.com\/es\/wp-json\/wp\/v2\/posts\/221029\/revisions"}],"wp:featuredmedia":[{"embeddable":true,"href":"https:\/\/www.europesays.com\/es\/wp-json\/wp\/v2\/media\/221030"}],"wp:attachment":[{"href":"https:\/\/www.europesays.com\/es\/wp-json\/wp\/v2\/media?parent=221029"}],"wp:term":[{"taxonomy":"category","embeddable":true,"href":"https:\/\/www.europesays.com\/es\/wp-json\/wp\/v2\/categories?post=221029"},{"taxonomy":"post_tag","embeddable":true,"href":"https:\/\/www.europesays.com\/es\/wp-json\/wp\/v2\/tags?post=221029"}],"curies":[{"name":"wp","href":"https:\/\/api.w.org\/{rel}","templated":true}]}}