{"id":221039,"date":"2025-11-06T05:42:08","date_gmt":"2025-11-06T05:42:08","guid":{"rendered":"https:\/\/www.europesays.com\/es\/221039\/"},"modified":"2025-11-06T05:42:08","modified_gmt":"2025-11-06T05:42:08","slug":"como-fue-el-golpe-del-23-f-segun-el-rey-espana","status":"publish","type":"post","link":"https:\/\/www.europesays.com\/es\/221039\/","title":{"rendered":"C\u00f3mo fue el golpe del 23-F, seg\u00fan el Rey | Espa\u00f1a"},"content":{"rendered":"<p class=\"\">Juan Carlos I aprovecha <a href=\"https:\/\/elpais.com\/espana\/2025-11-05\/el-libro-de-juan-carlos-i-en-diez-titulares-de-la-muerte-de-su-hermano-a-su-relacion-con-la-reina-sofia.html\" target=\"_blank\" rel=\"nofollow noopener\" title=\"https:\/\/elpais.com\/espana\/2025-11-05\/el-libro-de-juan-carlos-i-en-diez-titulares-de-la-muerte-de-su-hermano-a-su-relacion-con-la-reina-sofia.html\">sus memorias<\/a> para ofrecer por vez primera su versi\u00f3n sobre el golpe de Estado del 23 de febrero de 1981 y el papel que jug\u00f3 aquella noche, que ha sido objeto de m\u00faltiples especulaciones y controversias. \u201cNo tengo nada que ocultar\u201d, proclama. Lo primero que hace es negar que perdiera la confianza en Adolfo Su\u00e1rez y que este hecho precipitase su dimisi\u00f3n como presidente del Gobierno en enero de aquel mismo a\u00f1o. \u201cSe ha pretendido que yo hab\u00eda tomado distancias con \u00e9l. Nada m\u00e1s falso. \u00c9l conservaba mi confianza, mi reconocimiento y mi sincera amistad. Pero mi papel estaba entonces limitado por la Constituci\u00f3n, una distancia institucional de mi parte era entonces de rigor\u201d, alega para explicar la frialdad entre ambos. El <a href=\"https:\/\/elpais.com\/espana\/2025-11-04\/las-memorias-del-rey-emerito-juan-carlos-a-su-hijo-cuando-le-retiro-la-asignacion-no-olvides-que-heredas-un-sistema-que-yo-he-construido.html\" target=\"_blank\" rel=\"nofollow noopener\" title=\"https:\/\/elpais.com\/espana\/2025-11-04\/las-memorias-del-rey-emerito-juan-carlos-a-su-hijo-cuando-le-retiro-la-asignacion-no-olvides-que-heredas-un-sistema-que-yo-he-construido.html\">Rey<\/a> revela que Su\u00e1rez le anticip\u00f3 su decisi\u00f3n de dimitir en uno de sus despachos habituales. \u201cNo es necesario ni obligatorio que dimitas\u201d, asegura que le dijo. A lo que este le respondi\u00f3: \u201cHe tomado mi decisi\u00f3n y no me volver\u00e9 atr\u00e1s\u201d. <\/p>\n<p class=\"\">Uno de los episodios m\u00e1s oscuros de aquellos d\u00edas es la entrevista que el <a href=\"https:\/\/elpais.com\/espana\/2025-10-29\/el-rey-juan-carlos-llega-a-espana-en-plena-polemica-por-sus-memorias.html\" target=\"_blank\" rel=\"noreferrer nofollow noopener\" title=\"https:\/\/elpais.com\/espana\/2025-10-29\/el-rey-juan-carlos-llega-a-espana-en-plena-polemica-por-sus-memorias.html\">Rey<\/a> mantuvo con el general Alfonso Armada, uno de los principales cabecillas de la rebeli\u00f3n, en la estaci\u00f3n de esqu\u00ed de Baqueira Beret el 6 de febrero, semanas antes del golpe de Estado. La reina Sof\u00eda regres\u00f3 aquel d\u00eda a Madrid ante la inesperada muerte de su madre en una operaci\u00f3n menor de cirug\u00eda est\u00e9tica, pero el jefe del Estado se qued\u00f3 en el Pirineo para reunirse con el entonces gobernador militar de Lleida, que hab\u00eda sido su tutor militar durante a\u00f1os y a quien \u00e9l mismo promovi\u00f3 como segundo jefe del Ej\u00e9rcito contra la opini\u00f3n de Su\u00e1rez. \u201cQuer\u00eda sondear el \u00e1nimo de los militares y tener informaci\u00f3n de primera mano\u201d, dice para justificar aquella reuni\u00f3n. <\/p>\n<p class=\"\">\u201c[Armada] no me comunic\u00f3 ning\u00fan elemento que me pusiera en alerta\u201d, asegura Juan Carlos I. \u201cSe oyen cosas en los cuarteles\u2026\u2019, me dijo. \u2018Hay que estar vigilantes. \u00bfCu\u00e1l es el \u00e1nimo de los coroneles?\u2019, le pregunt\u00e9. \u2018Est\u00e1n tranquilos\u2019, me respondi\u00f3\u201d, recuerda ahora el rey em\u00e9rito de aquella entrevista. Asegura que el general no le revel\u00f3 que tenido una comida con el dirigente socialista Enrique M\u00fagica y apostilla: \u201cDecididamente todo el mundo jugaba con fuego y yo lo comprend\u00ed demasiado tarde\u201d.<\/p>\n<p class=\"\">Sin embargo, seg\u00fan su propio relato, no faltaban se\u00f1ales de lo que se avecinaba. Juan Carlos I revela que, dos meses antes del golpe, su padre, el conde de Barcelona, comi\u00f3 con el teniente general Jaime Milans del Bosch, quien le confes\u00f3: \u201cAntes de retirarme sacar\u00e9 los carros de combate a la calle\u201d. Cuando don Juan de Borb\u00f3n se lo cont\u00f3 a su hijo, \u00e9l pens\u00f3 que era una boutade, pero el capit\u00e1n general de Valencia cumpli\u00f3 su amenaza. \u201cSeguramente deber\u00eda hab\u00e9rmelo tomado en serio\u201d, reconoce ahora. <\/p>\n<p class=\"\">El asalto al Congreso le pill\u00f3 totalmente por sorpresa, asegura, y m\u00e1s a\u00fan cuando supo que los golpistas dec\u00edan actuar en su nombre. Relata que lo primero que hizo fue llamar al jefe del Ej\u00e9rcito de Tierra, el general Gabeiras, con quien se encontraba en ese momento Armada, que se puso al tel\u00e9fono. \u201cSu tono de voz, anormalmente calmado, me sorprendi\u00f3. Daba la impresi\u00f3n de saber exactamente lo que se tramaba\u201d, recuerda.<\/p>\n<p class=\"\">Fue entonces cuando Armada pidi\u00f3 ir a La Zarzuela para explicarle personalmente lo que pasaba en el Congreso y el Rey le dio largas. Fue la respuesta que el general Sabino Fern\u00e1ndez Campo, secretario general de la Casa Real, dio al jefe de la divisi\u00f3n acorazada Brunete, el general Juste, cuando este le pregunt\u00f3 por la presencia de Armada en La Zarzuela \u2014\u201cno est\u00e1, ni se le espera\u201d\u2014 lo que desbarat\u00f3 los planes de los golpistas para hacer creer que ten\u00edan el aval del Monarca.<\/p>\n<p class=\"\">Juan Carlos asegura que la instrucci\u00f3n de su hijo, Felipe VI, como futuro Monarca comenz\u00f3 esa misma noche cuando la llam\u00f3 a su lado para que viera con sus ojos un momento decisivo de la historia de Espa\u00f1a y nadie tuviera que cont\u00e1rselo en el futuro. \u201cHe lanzado una moneda. \u00a1La Corona est\u00e1 en el aire y nadie sabe de qu\u00e9 lado caer\u00e1!\u201d, le dijo. <\/p>\n<p class=\"\">A continuaci\u00f3n, se puso en contacto con los 11 capitanes generales para conocer su posici\u00f3n ante el golpe. \u201cCreo que la mitad sosten\u00edan la rebeli\u00f3n, pero no osar\u00edan incurrir en desobediencia. Les advert\u00ed: \u2018Quien se subleve contra el Rey est\u00e1 dispuesto a provocar una guerra civil y ser\u00e1 considerado responsable\u201d, rememora.<\/p>\n<p class=\"\">Juan Carlos justifica la demora del mensaje que dirigi\u00f3 a los espa\u00f1oles a trav\u00e9s de la televisi\u00f3n argumentando que los estudios de TVE hab\u00edan sido tomados por los sublevados y hubo que esperar hasta que un equipo pudo a trasladarse a La Zarzuela para realizar la grabaci\u00f3n. Cuando lleg\u00f3, montaron a toda prisa un estudio improvisado en su despacho y se puso la guerrera de capit\u00e1n general. \u201cPara ir m\u00e1s r\u00e1pido no me puse el pantal\u00f3n\u201d, recuerda. \u201cS\u00e9 que se me ha criticado mucho por no haber hablado m\u00e1s pronto en televisi\u00f3n, pero muchas horas pasaron incomprensiblemente desde el momento en que tuve intenci\u00f3n de dirigirme al pa\u00eds, hacia las 22.30, y la hora en que se difundi\u00f3 mi mensaje, a la 1.15 de la madrugada\u201d. Tras el 23-F, se instal\u00f3 una l\u00ednea directa entre La Zarzuela y RTVE. \u201cEstoy convencido de que mi silencio habr\u00eda sido tomado por un consentimiento\u201d, subraya.<\/p>\n<p class=\"\">Juan Carlos I admite que Armada pod\u00eda tener en mente seguir el ejemplo del general De Gaulle, cuyo retorno al poder vivi\u00f3 en Par\u00eds, pero asegura que nunca discuti\u00f3 ese asunto con \u00e9l. Cuando, el 24 de febrero de 1981, ya liberados los rehenes, el Rey recibi\u00f3 a los l\u00edderes pol\u00edticos en La Zarzuela, Su\u00e1rez se dirigi\u00f3 a \u00e9l elogiando el papel de Armada. \u201cNos ha salvado la vida. \u00a1Hay que condecorarlo!\u201d, le dijo. \u201cNo Adolfo, eras t\u00fa quien ten\u00eda raz\u00f3n. Armada es un traidor\u201d, le contest\u00f3.<\/p>\n","protected":false},"excerpt":{"rendered":"Juan Carlos I aprovecha sus memorias para ofrecer por vez primera su versi\u00f3n sobre el golpe de Estado&hellip;\n","protected":false},"author":2,"featured_media":221040,"comment_status":"","ping_status":"","sticky":false,"template":"","format":"standard","meta":{"footnotes":""},"categories":[8],"tags":[54901,17,18,6042,4456,25,24,13,14,11,23487,19,20,225,16683,6041,9,10,15,16,23,12,21,22],"class_list":{"0":"post-221039","1":"post","2":"type-post","3":"status-publish","4":"format-standard","5":"has-post-thumbnail","7":"category-espana","8":"tag-23-f","9":"tag-breaking-news","10":"tag-breakingnews","11":"tag-casa-real","12":"tag-congreso-diputados","13":"tag-es","14":"tag-espana","15":"tag-featured-news","16":"tag-featurednews","17":"tag-headlines","18":"tag-juan-carlos-i","19":"tag-latest-news","20":"tag-latestnews","21":"tag-libros","22":"tag-memorias","23":"tag-monarquia","24":"tag-news","25":"tag-noticias","26":"tag-noticias-destacadas","27":"tag-noticiasdestacadas","28":"tag-spain","29":"tag-titulares","30":"tag-ultimas-noticias","31":"tag-ultimasnoticias"},"share_on_mastodon":{"url":"https:\/\/pubeurope.com\/@es\/115501160477920142","error":""},"_links":{"self":[{"href":"https:\/\/www.europesays.com\/es\/wp-json\/wp\/v2\/posts\/221039","targetHints":{"allow":["GET"]}}],"collection":[{"href":"https:\/\/www.europesays.com\/es\/wp-json\/wp\/v2\/posts"}],"about":[{"href":"https:\/\/www.europesays.com\/es\/wp-json\/wp\/v2\/types\/post"}],"author":[{"embeddable":true,"href":"https:\/\/www.europesays.com\/es\/wp-json\/wp\/v2\/users\/2"}],"replies":[{"embeddable":true,"href":"https:\/\/www.europesays.com\/es\/wp-json\/wp\/v2\/comments?post=221039"}],"version-history":[{"count":0,"href":"https:\/\/www.europesays.com\/es\/wp-json\/wp\/v2\/posts\/221039\/revisions"}],"wp:featuredmedia":[{"embeddable":true,"href":"https:\/\/www.europesays.com\/es\/wp-json\/wp\/v2\/media\/221040"}],"wp:attachment":[{"href":"https:\/\/www.europesays.com\/es\/wp-json\/wp\/v2\/media?parent=221039"}],"wp:term":[{"taxonomy":"category","embeddable":true,"href":"https:\/\/www.europesays.com\/es\/wp-json\/wp\/v2\/categories?post=221039"},{"taxonomy":"post_tag","embeddable":true,"href":"https:\/\/www.europesays.com\/es\/wp-json\/wp\/v2\/tags?post=221039"}],"curies":[{"name":"wp","href":"https:\/\/api.w.org\/{rel}","templated":true}]}}