{"id":221048,"date":"2025-11-06T05:53:11","date_gmt":"2025-11-06T05:53:11","guid":{"rendered":"https:\/\/www.europesays.com\/es\/221048\/"},"modified":"2025-11-06T05:53:11","modified_gmt":"2025-11-06T05:53:11","slug":"los-detalles-de-su-cita-mas-rockera-en-madrid","status":"publish","type":"post","link":"https:\/\/www.europesays.com\/es\/221048\/","title":{"rendered":"los detalles de su cita m\u00e1s rockera en Madrid"},"content":{"rendered":"<p id=\"eSqeVZJRwT\" data-wc=\"119\">Fue a principios de septiembre cuando <strong data-end=\"196\" data-start=\"186\">\u00a1HOLA!<\/strong> public\u00f3 en exclusiva las primeras im\u00e1genes de este romance que avanza viento en popa.<a class=\"hm-link ho-link\" href=\"https:\/\/www.hola.com\/actualidad\/20250913854655\/alejandra-onieva-amor-nota-look-matching-novio-jesse-williams\/\" data-mrf-recirculation=\"article-body-link\" rel=\"nofollow noopener\" target=\"_blank\">\u00a0La actriz Alejandra Onieva, hermana de \u00cd\u00f1igo Onieva, y el actor Jesse Williams<\/a>, conocido por su papel del doctor <strong data-end=\"425\" data-start=\"408\">Jackson Avery<\/strong> en Anatom\u00eda de Grey,\u00a0se han convertido en una de las parejas que m\u00e1s atenci\u00f3n despiertan tanto dentro como fuera de la pantalla. Aunque son muy reservados con su vida privada y prefieren no hacer declaraciones ante la prensa, han sido fotografiados en diversas ocasiones mostrando una complicidad natural, entre risas, besos y miradas que lo dicen todo. Este mi\u00e9rcoles 5 de noviembre, la pareja ha disfrutado de un plan conjunto del que conocemos todos los detalles.<\/p>\n<p> <img src=\"https:\/\/www.europesays.com\/es\/wp-content\/uploads\/2025\/11\/c240602cea69-gettyimages-2233686544.jpg\"   width=\"683\" height=\"1024\" loading=\"lazy\" decoding=\"async\" alt=\"Alejandra Onieva, junto a su novio Jesse Williams\" fetchpriority=\"auto\" class=\"image ho-image\"\/>\u00a9 GC Images<\/p>\n<p id=\"eo4e-BxtOi8n\" data-wc=\"113\">Alrededor de las 18:00 horas, <a class=\"hm-link ho-link\" href=\"https:\/\/www.hola.com\/actualidad\/20250903853351\/alejandra-hermana-inigo-onieva-jesse-williams-actor-anatomia-grey-nueva-pareja-sorpresa\/\" data-mrf-recirculation=\"article-body-link\" rel=\"nofollow noopener\" target=\"_blank\">Alejandra Onieva y su pareja, Jesse Williams<\/a>, se han desplazado a uno de los lugares m\u00e1s emblem\u00e1ticos de Madrid: el <strong data-end=\"353\" data-start=\"336\">WiZink Center<\/strong> \u2014antiguo Palacio de los Deportes\u2014. La feliz pareja ha asistido al <strong data-end=\"454\" data-start=\"420\">segundo concierto de Radiohead<\/strong> celebrado en la capital, ciudad en la que la banda no actuaba desde hac\u00eda <strong data-end=\"540\" data-start=\"529\">22 a\u00f1os<\/strong>. El grupo brit\u00e1nico deslumbr\u00f3 este martes 4 de noviembre con el inicio de su gira de regreso, tras siete a\u00f1os alejados de los escenarios. Adem\u00e1s, el p\u00fablico espa\u00f1ol podr\u00e1 disfrutar de su m\u00fasica tambi\u00e9n los d\u00edas <strong data-end=\"774\" data-start=\"752\">7 y 8 de noviembre<\/strong>, ya que han anunciado una gira de <strong data-end=\"826\" data-start=\"809\">20 conciertos<\/strong> que recorrer\u00e1 cinco ciudades europeas.<\/p>\n<p> <img src=\"https:\/\/www.europesays.com\/es\/wp-content\/uploads\/2025\/11\/e12c71a8ae77-dlu592105001.jpg\"   width=\"1024\" height=\"673\" loading=\"lazy\" decoding=\"async\" alt=\"Alejandra Onieva, junto a su novio Jesse Williams\" fetchpriority=\"auto\" class=\"image ho-image\"\/>\u00a9 GTRES<\/p>\n<p> <img src=\"https:\/\/www.europesays.com\/es\/wp-content\/uploads\/2025\/11\/578cd8825964-dlu592105008.jpg\"   width=\"682\" height=\"1024\" loading=\"lazy\" decoding=\"async\" alt=\"Alejandra Onieva, junto a su novio Jesse Williams\" fetchpriority=\"auto\" class=\"image ho-image\"\/>\u00a9 GTRES<\/p>\n<p data-wc=\"105\" id=\"eiulKr_30Uq\">Desde que se hizo p\u00fablico su romance, la pareja ha sido vista en distintas ciudades europeas. <a class=\"hm-link ho-link\" href=\"https:\/\/www.hola.com\/actualidad\/20250918856582\/alejandra-onieva-jesse-williams-pareja-sorpresa-verano-brillan-premiere-hotel-costiera-roma\/\" data-mrf-recirculation=\"article-body-link\" rel=\"nofollow noopener\" target=\"_blank\">Primero en Madrid, donde fueron fotografiados paseando por la Milla de Oro<\/a>, y poco despu\u00e9s en <strong data-end=\"357\" data-start=\"348\">Mil\u00e1n<\/strong>, donde disfrutaron de un paseo de la mano, con looks coordinados y una actitud relajada. Suelen compartir numerosos planes como este, en los que demuestran que coinciden tambi\u00e9n en gustos musicales. En esta ocasi\u00f3n, la pareja ha vivido una cita de lo m\u00e1s rockera, dej\u00e1ndose llevar por la m\u00fasica y el ambiente vibrante del concierto, en torno al espectacular escenario circular dise\u00f1ado por la banda, que hizo vibrar a todos los asistentes.\u00a0<\/p>\n<p> <img src=\"https:\/\/www.europesays.com\/es\/wp-content\/uploads\/2025\/11\/30f3bcce5653-gettyimages-2235997450.jpg\"   width=\"682\" height=\"1024\" loading=\"lazy\" decoding=\"async\" alt=\"Alejandra Onieva, junto a su novio Jesse Williams\" fetchpriority=\"auto\" class=\"image ho-image\"\/>\u00a9 Getty Images<br \/>\nSu historia de amor<\/p>\n<p id=\"eIb9wMSnK1\" data-wc=\"140\">La historia entre la cu\u00f1ada de <strong data-end=\"193\" data-start=\"177\">Tamara Falc\u00f3<\/strong> y el actor norteamericano, nacido en <strong data-end=\"242\" data-start=\"231\">Chicago<\/strong> el <strong data-end=\"269\" data-start=\"246\">5 de agosto de 1980<\/strong>, comenz\u00f3 durante el rodaje de la serie italiana Hotel Costiera, que tuvo lugar en la primera mitad de 2024 en <strong data-end=\"394\" data-start=\"382\">Positano<\/strong>, y se estren\u00f3 en <strong data-end=\"434\" data-start=\"412\">Amazon Prime Video<\/strong> el 24 de septiembre. Williams interpreta a <strong data-end=\"501\" data-start=\"478\">Daniel \u201cDD\u201d De Luca<\/strong>, un exmarine encargado de localizar a la hija desaparecida del due\u00f1o del hotel, mientras que <strong data-end=\"615\" data-start=\"595\">Alejandra Onieva<\/strong> da vida a <strong data-end=\"636\" data-start=\"626\">Sheryl<\/strong>, un personaje envuelto en misterio que mantiene en vilo a los seguidores. Detr\u00e1s de las c\u00e1maras surgi\u00f3 la chispa que dio origen a un romance que, tras la publicaci\u00f3n de sus primeras fotograf\u00edas juntos en \u00a1HOLA!, hicieron oficial asistiendo al <strong data-end=\"927\" data-start=\"882\">Festival Internacional de Cine de Venecia<\/strong>, donde derrocharon elegancia y estilo sobre la alfombra roja, aunque sin posar juntos.<\/p>\n<p> <img src=\"https:\/\/www.europesays.com\/es\/wp-content\/uploads\/2025\/11\/f8d1b40f20d9-dlu590904143.jpg\"   width=\"1024\" height=\"690\" loading=\"lazy\" decoding=\"async\" alt=\"Jesse Williams&#10;\" fetchpriority=\"auto\" class=\"image ho-image\"\/>\u00a9 GTRES<\/p>\n<p> <img src=\"https:\/\/www.europesays.com\/es\/wp-content\/uploads\/2025\/11\/93870b5efea2-dlu520450186.jpg\"   width=\"1024\" height=\"682\" loading=\"lazy\" decoding=\"async\" alt=\"Alejandra Onieva\" fetchpriority=\"auto\" class=\"image ho-image\"\/>\u00a9 GTRES<\/p>\n","protected":false},"excerpt":{"rendered":"Fue a principios de septiembre cuando \u00a1HOLA! public\u00f3 en exclusiva las primeras im\u00e1genes de este romance que avanza&hellip;\n","protected":false},"author":2,"featured_media":221049,"comment_status":"","ping_status":"","sticky":false,"template":"","format":"standard","meta":{"footnotes":""},"categories":[174],"tags":[517,33004,255,146,147,25,24,256,23],"class_list":{"0":"post-221048","1":"post","2":"type-post","3":"status-publish","4":"format-standard","5":"has-post-thumbnail","7":"category-famosos","8":"tag-actualidad","9":"tag-alejandra-onieva","10":"tag-celebrities","11":"tag-entertainment","12":"tag-entretenimiento","13":"tag-es","14":"tag-espana","15":"tag-famosos","16":"tag-spain"},"share_on_mastodon":{"url":"https:\/\/pubeurope.com\/@es\/115501204504558459","error":""},"_links":{"self":[{"href":"https:\/\/www.europesays.com\/es\/wp-json\/wp\/v2\/posts\/221048","targetHints":{"allow":["GET"]}}],"collection":[{"href":"https:\/\/www.europesays.com\/es\/wp-json\/wp\/v2\/posts"}],"about":[{"href":"https:\/\/www.europesays.com\/es\/wp-json\/wp\/v2\/types\/post"}],"author":[{"embeddable":true,"href":"https:\/\/www.europesays.com\/es\/wp-json\/wp\/v2\/users\/2"}],"replies":[{"embeddable":true,"href":"https:\/\/www.europesays.com\/es\/wp-json\/wp\/v2\/comments?post=221048"}],"version-history":[{"count":0,"href":"https:\/\/www.europesays.com\/es\/wp-json\/wp\/v2\/posts\/221048\/revisions"}],"wp:featuredmedia":[{"embeddable":true,"href":"https:\/\/www.europesays.com\/es\/wp-json\/wp\/v2\/media\/221049"}],"wp:attachment":[{"href":"https:\/\/www.europesays.com\/es\/wp-json\/wp\/v2\/media?parent=221048"}],"wp:term":[{"taxonomy":"category","embeddable":true,"href":"https:\/\/www.europesays.com\/es\/wp-json\/wp\/v2\/categories?post=221048"},{"taxonomy":"post_tag","embeddable":true,"href":"https:\/\/www.europesays.com\/es\/wp-json\/wp\/v2\/tags?post=221048"}],"curies":[{"name":"wp","href":"https:\/\/api.w.org\/{rel}","templated":true}]}}