{"id":221077,"date":"2025-11-06T06:17:10","date_gmt":"2025-11-06T06:17:10","guid":{"rendered":"https:\/\/www.europesays.com\/es\/221077\/"},"modified":"2025-11-06T06:17:10","modified_gmt":"2025-11-06T06:17:10","slug":"esteban-go-la-primera-critica-que-recuerdo-haber-hecho-fue-que-edificios-de-mierda-icon-design","status":"publish","type":"post","link":"https:\/\/www.europesays.com\/es\/221077\/","title":{"rendered":"Esteban Go: \u201cLa primera cr\u00edtica que recuerdo haber hecho fue: \u2018Qu\u00e9 edificios de mierda\u201d | ICON Design"},"content":{"rendered":"<p><img fetchpriority=\"high\" decoding=\"auto\" class=\"_re  a_m-v\" height=\"621\"  width=\"414\"  src=\"https:\/\/www.europesays.com\/es\/wp-content\/uploads\/2025\/11\/PKEO2MZ2ORC5NEE2HXHAKFYHSA.jpg\" loading=\"eager\"\/>El influencer colombiano Esteban Go posa para ICON Design.@sebasmorenoph<\/p>\n<p class=\"\">A muchos seguidores de Esteban Go en Instagram y TikTok les sorprende descubrir que estudi\u00f3 Derecho en vez de Arquitectura, pero nadie duda de que este colombiano de 26 a\u00f1os podr\u00eda haber hecho una excelente carrera como juez. Sus veredictos sobre dise\u00f1o son bastante severos. Del<a href=\"https:\/\/elpais.com\/icon-design\/2025-06-04\/contra-los-mil-minimalismos-mileniales.html\" target=\"_self\" rel=\"nofollow noopener\" title=\"https:\/\/elpais.com\/icon-design\/2025-06-04\/contra-los-mil-minimalismos-mileniales.html\"> minimalismo n\u00f3rdico<\/a>, por ejemplo, ha dicho que es como \u201cestar dentro de una nevera pero sin la emoci\u00f3n de encontrar comida\u201d. La silla Panton la despach\u00f3 en otro v\u00eddeo diciendo que si bien en los sesenta planteaba el futuro, \u201clo \u00fanico que nos entreg\u00f3 fue un hormigueo de piernas\u201d. Un edificio es de estilo <a href=\"https:\/\/elpais.com\/icon-design\/2025-09-05\/quien-unio-art-con-deco-es-una-monstruosidad-un-siglo-del-estilo-que-murio-de-exito-y-resucito-con-subastas-millonarias.html\" target=\"_self\" rel=\"nofollow noopener\" title=\"https:\/\/elpais.com\/icon-design\/2025-09-05\/quien-unio-art-con-deco-es-una-monstruosidad-un-siglo-del-estilo-que-murio-de-exito-y-resucito-con-subastas-millonarias.html\">art nouveau<\/a> si parece \u201cdise\u00f1ado por una oruga francesa\u201d. Y la l\u00e1mpara Sputnik se cree mid century pero solo consigue parecer \u201cun erizo mal soldado\u201d. <\/p>\n<p class=\"\"> \u201cComo hay gente que a veces se molesta con mis v\u00eddeos (y mi pelo) el a\u00f1o pasado di la posibilidad de comprar mi silencio\u201d, explica Esteban en una conversaci\u00f3n telef\u00f3nica desde Medell\u00edn. \u201cNo era broma, el enlace de pago en mi web funciona de verdad\u201d. Pero por ahora nadie ha desembolsado la mensualidad de 20 millones de pesos (unos 4.300 euros) que cuesta subscribirse a su oferta de \u201csilencio digital y paz visual\u201d. En el momento de nuestra charla, le siguen m\u00e1s de medio mill\u00f3n de usuarios de <a href=\"https:\/\/www.instagram.com\/estebango__\/\" target=\"_self\" rel=\"nofollow noopener\" title=\"https:\/\/www.instagram.com\/estebango__\/\">Instagram<\/a> y TikTok, donde muchos ya no solo esperan que dirija sus afilados epigramas contra <a href=\"https:\/\/elpais.com\/elpais\/2020\/01\/31\/icon_design\/1580459880_776439.html\" target=\"_self\" rel=\"nofollow noopener\" title=\"https:\/\/elpais.com\/elpais\/2020\/01\/31\/icon_design\/1580459880_776439.html\">Le Corbusier<\/a> o el \u201cnarco-barroco\u201d sino tambi\u00e9n contra las posesiones que le ense\u00f1an por foto: gracias a \u00e9l, el due\u00f1o de un sal\u00f3n con el justo n\u00famero de mesas y sillas en blanco y gris ahora sabe que lo que tiene en casa parece m\u00e1s bien la oficina de \u201cun funcionario que intent\u00f3 vivir y se rindi\u00f3 a los tres muebles\u201d. <\/p>\n<p>M\u00e1s informaci\u00f3n<\/p>\n<p class=\"\"> \u201cNo s\u00e9 si les importa mi opini\u00f3n o solo les gusta sentir que hay alguien al otro lado\u201d, dice Esteban con ese tono taciturno que suele emplear en sus v\u00eddeos. \u201cDecepcionante\u201d es su adjetivo preferido para las casas y muebles de sus fans. Seg\u00fan cuenta, la primera impresi\u00f3n de este tipo la tuvo con 15 a\u00f1os en Medell\u00edn. Sol\u00eda pasear con su novia de aquel entonces<a href=\"https:\/\/elpais.com\/elviajero\/guia-el-viajero\/2024\/2024-07-23\/medellin-urbanismo-social-para-una-metamorfosis-de-modernidad.html\" target=\"_self\" rel=\"nofollow noopener\" title=\"https:\/\/elpais.com\/elviajero\/guia-el-viajero\/2024\/2024-07-23\/medellin-urbanismo-social-para-una-metamorfosis-de-modernidad.html\"> para ver edificios<\/a>. \u201cAc\u00e1 vos vas por la calle y excepto alguno como el de Rogelio Salmona todos los que ves son o extremadamente feos o sacados de plantillas de Revit. La primera cr\u00edtica que recuerdo haber hecho fue: \u2018Qu\u00e9 edificios de mierda\u201d. <\/p>\n<p class=\"\">Cuando le toc\u00f3 elegir carrera, le interesaba m\u00e1s saber c\u00f3mo est\u00e1 configurada la sociedad que una l\u00e1mpara o una casa y opt\u00f3 por estudiar leyes, pero tras graduarse fich\u00f3 por una agencia de publicidad especializada en interiorismo y descubri\u00f3 lo bien que se le daba sentenciar sobre dise\u00f1o. En 2023, sus clientes necesitaban un v\u00eddeo que \u201chiciera bola\u201d en redes y Esteban les vino con su primer roast viral, un v\u00eddeo donde criticaba sillas famosas. \u201cPara los que hemos crecido con internet es distinto, pero en Colombia de muebles de dise\u00f1o no se habla mucho, tambi\u00e9n porque es muy caro importarlos. Yo me demor\u00e9 un huevo en pagar mi lamparilla Eclisse de Artemide, que fue lo primero que me compr\u00e9 cuando empec\u00e9 a saber m\u00e1s. La ten\u00eda en la nochera y yo dorm\u00eda en un colch\u00f3n sobre el suelo\u201d. <\/p>\n<p class=\"\">Un a\u00f1o despu\u00e9s y ya en su propio perfil, se hab\u00eda convertido en un invitado temible al que llevar por primera vez a casa. De una chica con una silla Butterfly de Armen, por ejemplo, dar\u00e1 por hecho que es una \u201cinfluencer que hace <a href=\"https:\/\/elpais.com\/escaparate\/ofertas-y-descuentos\/2025-10-02\/amazon-haul.html\" target=\"_self\" rel=\"nofollow noopener\" title=\"https:\/\/elpais.com\/escaparate\/ofertas-y-descuentos\/2025-10-02\/amazon-haul.html\">hauls de Shein<\/a>\u201d, mientras que con la due\u00f1a de una Tulip quiz\u00e1 saldr\u00eda pero estar\u00eda alerta por si dice algo \u201cmedio fascista\u201d. \u201cEstas red flags las empiezo a buscar en el techo. Quien pone plafones de leds no le ha dedicado ni un minuto\u201d. <\/p>\n<p class=\"\">De cr\u00edo, la casa llena de cosas de su abuelo le hizo creer que de mayor \u00e9l preferir\u00eda vivir en una m\u00e1s bien despejada, pero como connoisseur ha acabado encontrando su gran n\u00e9mesis en el <a href=\"https:\/\/elpais.com\/estilo-de-vida\/2024-08-08\/el-fin-de-los-neutros-en-decoracion-el-color-y-el-mas-es-mas-conquistan-las-tendencias.html\" target=\"_self\" rel=\"nofollow noopener\" title=\"https:\/\/elpais.com\/estilo-de-vida\/2024-08-08\/el-fin-de-los-neutros-en-decoracion-el-color-y-el-mas-es-mas-conquistan-las-tendencias.html\">minimalismo millennial<\/a>: en concreto, en esa variante de suelos laminados de color gris y paredes de m\u00e1rmol adhesivo que tanto predicamento han tenido todos estos a\u00f1os. \u201cAhora la gente vive en un sticker. En Colombia, que es un pa\u00eds tan diverso, me molestan m\u00e1s todav\u00eda todos estos estilos tan homog\u00e9neos, son una barbaridad\u201d, reprocha. <\/p>\n<p class=\"\"> En su particular versi\u00f3n del gr\u00e1fico de Nolan (en vez de ideolog\u00edas clasifica estilos seg\u00fan su grado de pretenciosidad y cantidad de cosas), \u00e9l dice que ahora mismo sus gustos se ubican en las coordenadas de lo colonial, un tipo de decoraci\u00f3n (\u201cpoco pretencioso, muchas cosas\u201d) que antes no le gustaba pero que ahora ve que al menos abraz\u00f3 el color local. Espera que, pase lo que pase, su criterio no var\u00ede tanto como para acabar con uno de esos \u201ctumores con botones\u201d que son los <a href=\"https:\/\/elpais.com\/elpais\/2018\/09\/12\/icon_design\/1536761175_972561.html\" target=\"_self\" rel=\"nofollow noopener\" title=\"https:\/\/elpais.com\/elpais\/2018\/09\/12\/icon_design\/1536761175_972561.html\">sof\u00e1 Chesterfield<\/a>, su mueble m\u00e1s odiado. Despu\u00e9s de ahorrar mucho, \u00e9l acaba de comprarse una Aeron de Herman Miller: \u201cEn Los Simpson sale como la silla que usa Dios\u201d, dice al fin con ilusi\u00f3n. Estar\u00e1 vigil\u00e1ndonos.<\/p>\n<p><script async src=\"\/\/www.instagram.com\/embed.js\"><\/script><\/p>\n","protected":false},"excerpt":{"rendered":"El influencer colombiano Esteban Go posa para ICON Design.@sebasmorenoph A muchos seguidores de Esteban Go en Instagram y&hellip;\n","protected":false},"author":2,"featured_media":221078,"comment_status":"","ping_status":"","sticky":false,"template":"","format":"standard","meta":{"footnotes":""},"categories":[173],"tags":[229,233,231,230,1803,232,14048,234,3740,146,147,25,24,53354,2183,36440,58835,1925,23,5889],"class_list":{"0":"post-221077","1":"post","2":"type-post","3":"status-publish","4":"format-standard","5":"has-post-thumbnail","7":"category-arte-y-diseno","8":"tag-arte","9":"tag-arte-y-diseno","10":"tag-arts","11":"tag-arts-and-design","12":"tag-colombia","13":"tag-design","14":"tag-disenadores-moda","15":"tag-diseno","16":"tag-diseno-arquitectura","17":"tag-entertainment","18":"tag-entretenimiento","19":"tag-es","20":"tag-espana","21":"tag-icon-design","22":"tag-influencers","23":"tag-los-simpson","24":"tag-medellin-colombia","25":"tag-opinion","26":"tag-spain","27":"tag-tiktok"},"share_on_mastodon":{"url":"https:\/\/pubeurope.com\/@es\/115501298093303875","error":""},"_links":{"self":[{"href":"https:\/\/www.europesays.com\/es\/wp-json\/wp\/v2\/posts\/221077","targetHints":{"allow":["GET"]}}],"collection":[{"href":"https:\/\/www.europesays.com\/es\/wp-json\/wp\/v2\/posts"}],"about":[{"href":"https:\/\/www.europesays.com\/es\/wp-json\/wp\/v2\/types\/post"}],"author":[{"embeddable":true,"href":"https:\/\/www.europesays.com\/es\/wp-json\/wp\/v2\/users\/2"}],"replies":[{"embeddable":true,"href":"https:\/\/www.europesays.com\/es\/wp-json\/wp\/v2\/comments?post=221077"}],"version-history":[{"count":0,"href":"https:\/\/www.europesays.com\/es\/wp-json\/wp\/v2\/posts\/221077\/revisions"}],"wp:featuredmedia":[{"embeddable":true,"href":"https:\/\/www.europesays.com\/es\/wp-json\/wp\/v2\/media\/221078"}],"wp:attachment":[{"href":"https:\/\/www.europesays.com\/es\/wp-json\/wp\/v2\/media?parent=221077"}],"wp:term":[{"taxonomy":"category","embeddable":true,"href":"https:\/\/www.europesays.com\/es\/wp-json\/wp\/v2\/categories?post=221077"},{"taxonomy":"post_tag","embeddable":true,"href":"https:\/\/www.europesays.com\/es\/wp-json\/wp\/v2\/tags?post=221077"}],"curies":[{"name":"wp","href":"https:\/\/api.w.org\/{rel}","templated":true}]}}