{"id":221106,"date":"2025-11-06T06:40:17","date_gmt":"2025-11-06T06:40:17","guid":{"rendered":"https:\/\/www.europesays.com\/es\/221106\/"},"modified":"2025-11-06T06:40:17","modified_gmt":"2025-11-06T06:40:17","slug":"asi-construye-la-generacion-mas-joven-y-talentosa-de-arquitectos","status":"publish","type":"post","link":"https:\/\/www.europesays.com\/es\/221106\/","title":{"rendered":"as\u00ed construye la generaci\u00f3n m\u00e1s joven y talentosa de arquitectos"},"content":{"rendered":"<p data-gtm-element-container=\"modulo-texto-link\" class=\"paragraph\">\u201cLa casa. Sin ella el ser humano ser\u00eda un ser disperso. Lo sostiene a trav\u00e9s de las tormentas del cielo y de la vida\u2026. Antes de ser \u2018arrojado al mundo\u2019 como dicen los metaf\u00edsicos acelerados, el ser humano es depositado en la cuna de la casa. Y en nuestros sue\u00f1os la casa es siempre una gran cuna\u201d, escribe Gaston Bachelard en su libro \u201cLa po\u00e9tica del espacio\u201d.<\/p>\n<p data-gtm-element-container=\"modulo-texto-link\" class=\"paragraph\">La casa es refugio, continente de intimidad. Pero \u00bfc\u00f3mo son las hechuras de las viviendas proyectadas por la generaci\u00f3n m\u00e1s novel de arquitectos? \u00bfDe qu\u00e9 modo las materializan y a que universos vitales remiten? \u00bfQu\u00e9 es un hogar para ellos? Se lo preguntamos a cuatro j\u00f3venes equipos de arquitectura. Y todos coinciden en una cosa: con sus propuestas persiguen repensar la domesticidad y cuestionar convenciones.<\/p>\n<p>                <img loading=\"lazy\" decoding=\"async\" data-full-src=\"https:\/\/www.lavanguardia.com\/uploads\/2025\/10\/31\/6904ad2f54b32.jpeg\" alt=\"Laia Gelonch y Marc Subirana al frente del estudio MACH, con oficinas en Barcelona y Madrid\" width=\"449\" height=\"599\" src=\"https:\/\/www.europesays.com\/es\/wp-content\/uploads\/2025\/11\/6904ad2f54b32.jpeg\" class=\"lazy\"\/><\/p>\n<p class=\"caption-title \">Laia Gelonch y Marc Subirana al frente del estudio MACH, con oficinas en Barcelona y Madrid<\/p>\n<p>                    Mark Rabadan<\/p>\n<p data-gtm-element-container=\"modulo-texto-link\" class=\"paragraph\">\u201cNos gusta imaginar la casa como un lienzo en blanco, donde se dibujan experiencias, recuerdos y vivencias a lo largo del tiempo. M\u00e1s que imponer su presencia, creemos que el dise\u00f1o de un hogar debe integrarse sutilmente en la vida de las personas, ofreciendo flexibilidad y acompa\u00f1ando su d\u00eda a d\u00eda sin imponerse, permitiendo que la verdadera protagonista sea la vida que all\u00ed se desarrolla\u201d, explican los componentes del estudio de arquitectura MACH, Laia Gelonch y Marc Subirana.<\/p>\n<p data-gtm-element-container=\"modulo-texto-link\" class=\"paragraph\">Para Ane Arce e I\u00f1igo Berasategui, al frente de la oficina BeAr, lo que denominamos hogar representa \u201cun espacio de protecci\u00f3n, autoregulado, de contraste con el espacio p\u00fablico: la plaza para constituirnos ciudadanos y la casa para construirnos humanos\u201d.<\/p>\n<p>                <img loading=\"lazy\" decoding=\"async\" data-full-src=\"https:\/\/www.lavanguardia.com\/uploads\/2025\/10\/31\/6904ad5b11421.jpeg\" alt=\"Ane Arce e I\u00f1igo Berasategui, al frente de BeAr, oficina de arquitectura en Bilbao\" width=\"449\" height=\"673\" src=\"https:\/\/www.europesays.com\/es\/wp-content\/uploads\/2025\/11\/6904ad5b11421.jpeg\" class=\"lazy\"\/><\/p>\n<p class=\"caption-title \">Ane Arce e I\u00f1igo Berasategui, al frente de BeAr, oficina de arquitectura en Bilbao<\/p>\n<p>                    Nerea Moreno<\/p>\n<p data-gtm-element-container=\"modulo-texto-link\" class=\"paragraph\">Para ellos, una casa siempre deber\u00eda incorporar como imprescindibles: volumen, luz y cualidades. Aunque se\u00f1alan \u201cestamos en una \u00e9poca de una constante perdida de cualificaciones. Los espacios optan por una impuesta neutralidad totalitaria, que niega nuestra posibilidad de definirnos con y junto a ellos\u201d.<\/p>\n<p>                <img loading=\"lazy\" decoding=\"async\" data-full-src=\"https:\/\/www.lavanguardia.com\/uploads\/2025\/10\/31\/6904adb49ec64.jpeg\" alt=\"Joan Gener, Adri\u00e0 Orriols y Miquel Ruiz, al frente delestudio h3o en Barcelona\" width=\"449\" height=\"674\" src=\"https:\/\/www.europesays.com\/es\/wp-content\/uploads\/2025\/11\/6904adb49ec64.jpeg\" class=\"lazy\"\/><\/p>\n<p class=\"caption-title \">Joan Gener, Adri\u00e0 Orriols y Miquel Ruiz, al frente delestudio h3o en Barcelona<\/p>\n<p>                    Pol Rebaque<\/p>\n<p data-gtm-element-container=\"modulo-texto-link\" class=\"paragraph\">\u201cLa casa es el espacio donde sentirse resguardado, la representaci\u00f3n del mundo interior de quien lo habita -declaran desde el estudio h3o, liderado por Joan Gener, Adri\u00e0 Orriols y Miquel Ruiz -. La arquitectura nace de estas necesidades. La caba\u00f1a primitiva. O los templos antiguos que representaban la casa de las deidades en la Tierra\u201d.  Y consideran que construir una vivienda es una responsabilidad que, o bien va dirigida a la vida \u00edntima de quien hace el encargo, o bien debe permitir suficiente flexibilidad para que quienes la acaben habitando (desconocidos para el arquitecto) puedan hac\u00e9rsela suya.<\/p>\n<blockquote>\n<p>        Un hogar deber\u00eda ser un espacio de seguridad y tranquilidad, pero cada vez m\u00e1s es un bien de mercado sujeto a la m\u00e1s alta volatilidad de las especulaciones capitalistas\u201d\u00a0<\/p>\n<p>            Mireia Luz\u00e1rraga y Alejandro Mui\u00f1oarquitectos de Takk<\/p>\n<\/blockquote>\n<p data-gtm-element-container=\"modulo-texto-link\" class=\"paragraph\">\u201cEntendemos que un hogar deber\u00eda ser un espacio de seguridad y tranquilidad -afirman Mireia Luz\u00e1rraga y Alejandro Mui\u00f1o, que conforman Takk-. En el contexto actual, a la inseguridad financiera de cada caso particular se suma que cada vez m\u00e1s la vivienda es un bien de mercado sujeto a la m\u00e1s alta volatilidad de las especulaciones capitalistas\u201d.  Y recalcan el deseo de un acceso a la vivienda fuera de estas oscilaciones del mercado, que sea de car\u00e1cter p\u00fablico, con espacios amplios, \u201cen donde sea primordial una buena iluminaci\u00f3n y ventilaci\u00f3n naturales, donde se difuminen los l\u00edmites del trabajo asociado a un g\u00e9nero\u201d.<\/p>\n<p>La casa con atributos<\/p>\n<p data-gtm-element-container=\"modulo-texto-link\" class=\"paragraph\">Estos equipos de arquitectura utilizan poco o nada la palabra sostenibilidad. Quiz\u00e1s por tan desgastada. Aunque sus proyectos y estrategias indican, sin duda, un compromiso con el impacto de lo construido y el medio ambiente.  En la casa Nahinuena, el estudio Bear contempla la madera como un gran material, c\u00e1lido, cercano, de producci\u00f3n local, baja huella de carbono y altas prestaciones de confort. Y destacan su esfuerzo por usarla de la manera m\u00e1s precisa en costo material-prestaciones en sus distintos formatos: maciza, laminada, contrachapada, etc\u00e9tera.<\/p>\n<p data-gtm-element-container=\"modulo-texto-link\" class=\"paragraph\">El estudio MACH afirma apostar por una construcci\u00f3n industrializada que reduzca residuos y produzca una arquitectura capaz de ser reutilizada. \u201cQue a la vez posibilite gran rapidez en su construcci\u00f3n, pero se aleje de ciertos est\u00e1ndares comerciales actuales y permita pensar en una arquitectura \u00fanica hecha a medida para cada usuario y contexto\u201d. Consideran que las viviendas actuales adolecen de una falta de generosidad espacial, tanto en t\u00e9rminos de volumen como de conexi\u00f3n con el entorno. Normativas y convenciones limitan experimentar con la altura, el aire y la fluidez de los espacios.<\/p>\n<p data-gtm-element-container=\"modulo-texto-link\" class=\"paragraph\">En h3o se\u00f1alan el potencial de fachadas y cubiertas para ser captadoras de energ\u00eda solar para el autoabastecimiento, recolectoras de agua. \u201cPara no desperdiciar ni una sola gota de la que discurre por este paraguas que es la arquitectura, y convertirse en soporte para la biodiversidad transform\u00e1ndose no solo en casas para humanos sino en hogares para muchas otras realidades no humanas, vegetales y animales\u201d. Les inspira el trabajo de Philippe Rahm y su aproximaci\u00f3n clim\u00e1tica a la arquitectura, entendiendo el ambiente como un material arquitect\u00f3nico en s\u00ed mismo. \u201cEsta sensibilidad hacia las condiciones f\u00edsicas del entorno refuerza la idea de una arquitectura m\u00e1s porosa, adaptativa y conectada con los ciclos naturales\u201d.<\/p>\n<p data-gtm-element-container=\"modulo-texto-link\" class=\"paragraph\">Para Takk, ante la actual crisis clim\u00e1tica, unida a la evoluci\u00f3n de los modos de vida de nuestras sociedades, urge repensar como estamos habitando. Reformular la noci\u00f3n de confort t\u00e9rmico, o reducir las emisiones de CO2. Consideran las viviendas occidentales actuales \u201cuna r\u00e9plica del modelo de vivienda burguesa del siglo XIX a una escala mucho m\u00e1s reducida, basada en una distribuci\u00f3n de pasillos y m\u00faltiples habit\u00e1culos que tienen que ser calefactados por separado, suponiendo un mayor consumo de combustibles f\u00f3siles y una segregaci\u00f3n de habitaciones que estimula la individualidad\u201d, estrategias que desaconsejan totalmente.<\/p>\n<p>Casa Collumpio, Barcelona\u00a0<br \/>\nEstructura optimista<\/p>\n<p data-gtm-element-container=\"modulo-texto-link\" class=\"paragraph\">Laia Gelonch y Marc Subirana, al frente de MACH, estudio con sedes en Barcelona y Madrid, son los autores de la Casa Collumpio. Ubicada en una de las siete colinas de Barcelona, no pasa inadvertida. Han querido destacar su estructura, como uno de sus elementos singulares, en amarillo \u201cEste color refuerza el car\u00e1cter festivo que queremos transmitir con esta obra en particular. La elecci\u00f3n crom\u00e1tica pretende alejarla de un car\u00e1cter m\u00e1s solemne. El amarillo domina en el exterior de la vivienda, su interacci\u00f3n con el cielo y el paisaje circundante evoca una sensaci\u00f3n optimista, subrayando la relaci\u00f3n entre la casa y su entorno de una manera vibrante y expresiva\u201d. En el interior predominan los tonos neutros y la propia materialidad de los elementos constructivos, generando un contraste que equilibra la intensidad del exterior con una atm\u00f3sfera m\u00e1s serena y acogedora. Aunque en algunos puntos ese amarillo vitalista se infiltra en el interior.<\/p>\n<p>                <img loading=\"lazy\" decoding=\"async\" data-full-src=\"https:\/\/www.lavanguardia.com\/uploads\/2025\/10\/31\/6904ae3cd513d.jpeg\" alt=\"En la casa Collumpio hay la voluntad de vivir en ese l\u00edmite que diluye el interior del exterior\" width=\"449\" height=\"416\" src=\"https:\/\/www.europesays.com\/es\/wp-content\/uploads\/2025\/11\/6904ae3cd513d.jpeg\" class=\"lazy\"\/><\/p>\n<p class=\"caption-title \">En la casa Collumpio hay la voluntad de vivir en ese l\u00edmite que diluye el interior del exterior<\/p>\n<p>                    Gael del R\u00edo Bani<\/p>\n<p data-gtm-element-container=\"modulo-texto-link\" class=\"paragraph\">A prop\u00f3sito de los referentes que espolean su trabajo aclaran: \u201cNos damos cuenta de que muchas de las ideas que hoy nos interesan ya fueron exploradas de manera visionaria en las utop\u00edas arquitect\u00f3nicas de los a\u00f1os 60 y 70. En aquella \u00e9poca, se lleg\u00f3 a imaginar una vida liberada del trabajo manual gracias a la tecnolog\u00eda, o incluso una humanidad que habitaba el mundo desde el juego en lugar del pensamiento racional. Estas visiones, nos sirven como detonantes para desafiar los l\u00edmites de la vivienda convencional y seguir investigando c\u00f3mo el espacio puede responder a nuevas formas de vida, m\u00e1s flexibles, din\u00e1micas y abiertas a la imaginaci\u00f3n\u201d.<\/p>\n<p>                <img loading=\"lazy\" decoding=\"async\" data-full-src=\"https:\/\/www.lavanguardia.com\/uploads\/2025\/10\/31\/6904ae5bdbc44.jpeg\" alt=\"La casa Collumpio en Barcelona de MACH. Con estructura met\u00e1lica ligera y montaje en seco, se arm\u00f3 en una semana\" width=\"449\" height=\"507\" src=\"https:\/\/www.europesays.com\/es\/wp-content\/uploads\/2025\/11\/6904ae5bdbc44.jpeg\" class=\"lazy\"\/><\/p>\n<p class=\"caption-title \">La casa Collumpio en Barcelona de MACH. Con estructura met\u00e1lica ligera y montaje en seco, se arm\u00f3 en una semana<\/p>\n<p>                    Del R\u00edo Bani<\/p>\n<p data-gtm-element-container=\"modulo-texto-link\" class=\"paragraph\">MACH considera fundamental que una casa no se perciba como un l\u00edmite, sino como un marco flexible donde interior y exterior se diluyan, \u201cpermitiendo habitar tambi\u00e9n en su per\u00edmetro. La arquitectura debe ofrecer espacios vivos m\u00e1s all\u00e1 de la simple funcionalidad\u201d.<\/p>\n<p>Casa del D\u00eda Despu\u00e9s,\u00a0 Madrid<br \/>\nEspacios anidados<\/p>\n<p data-gtm-element-container=\"modulo-texto-link\" class=\"paragraph\">La Casa del D\u00eda Despu\u00e9s -reforma de un piso de 110m2 en Madrid, realizada por Mireia Luz\u00e1rraga y Alejandro Mui\u00f1o, de estudio Takk- introduce estrategias como anidar unos espacios dentro de otros, la casa de invierno \/ casa verano en la misma vivienda, o un dormitorio comunal\u2026 Son su respuesta ante el reto de la crisis clim\u00e1tica y los nuevos modelos de vida. Ideas que aparecen radicales frente a la promoci\u00f3n inmobiliaria privada actual. \u201cPensamos que los motores de cambio del panorama inmobiliario -afirma- son precisamente aquellos que no dependen de los retornos econ\u00f3micos, y por esto creemos que desde lo p\u00fablico se deben promover nuevos modos de habitar, que supondr\u00e1n una mejora de nuestras sociedades y, finalmente, un cambio tambi\u00e9n en el mercado de la vivienda privada, en un mundo en transici\u00f3n\u201d.<\/p>\n<p>                <img loading=\"lazy\" decoding=\"async\" data-full-src=\"https:\/\/www.lavanguardia.com\/uploads\/2025\/10\/31\/6904aec302722.jpeg\" alt=\"El dormitorio anidado, con buen aislamiento, supone un significativo ahorro energ\u00e9tico\" width=\"449\" height=\"299\" src=\"https:\/\/www.europesays.com\/es\/wp-content\/uploads\/2025\/11\/6904aec302722.jpeg\" class=\"lazy\"\/><\/p>\n<p class=\"caption-title \">El dormitorio anidado, con buen aislamiento, supone un significativo ahorro energ\u00e9tico<\/p>\n<p>                    Jos\u00e9 Hevia<\/p>\n<p>                <img loading=\"lazy\" decoding=\"async\" data-full-src=\"https:\/\/www.lavanguardia.com\/uploads\/2025\/10\/31\/6904aee551ad6.jpeg\" alt=\"La Casa del D\u00eda Despu\u00e9s en Madrid, de Takk, sit\u00faa la cocina abierta en posici\u00f3n central, y una gran habitaci\u00f3n \u201ccomunal\u201d con varios estratos\" width=\"449\" height=\"673\" src=\"https:\/\/www.europesays.com\/es\/wp-content\/uploads\/2025\/11\/6904aee551ad6.jpeg\" class=\"lazy\"\/><\/p>\n<p class=\"caption-title \">La Casa del D\u00eda Despu\u00e9s en Madrid, de Takk, sit\u00faa la cocina abierta en posici\u00f3n central, y una gran habitaci\u00f3n \u201ccomunal\u201d con varios estratos<\/p>\n<p>                    jose hevia<\/p>\n<p data-gtm-element-container=\"modulo-texto-link\" class=\"paragraph\">Al concebir este hogar tuvieron en mente a los j\u00f3venes proyectistas japoneses que repiensan el concepto de privacidad y priorizan el uso de materiales con poco carbono incorporado. Tambi\u00e9n estudios como el del arquitecto Andr\u00e9s Jaque y la Oficina de Innovaci\u00f3n Pol\u00edtica. Con despacho en L\u2019Hospitalet de Llobregat y Nueva York, Takk investiga c\u00f3mo la arquitectura puede impulsar el desarrollo de vidas m\u00e1s democr\u00e1ticas que incorporen el pensamiento feminista, la ecolog\u00eda y la pol\u00edtica en los espacios que habitamos. Por ejemplo, con la cocina en la parte m\u00e1s central de la casa, \u201cvisible desde todas sus perspectivas, incluso desde la entrada, para convocar a cualquiera de sus habitantes, sin importar su g\u00e9nero a hacer uso de ella\u201d.<\/p>\n<p data-gtm-element-container=\"modulo-texto-link\" class=\"paragraph\">Para Takk, cada decisi\u00f3n tomada en el dise\u00f1o y la arquitectura es pol\u00edtica: desde el uso de materiales (baja huella de carbono, menos extractivos, descarte de   combustibles f\u00f3siles para calefactar), a tener en cuenta a otras especias como el gato de la casa y la vegetaci\u00f3n en la casa de verano, \u201cformulando visiones menos antropoc\u00e9ntricas y m\u00e1s justas, o el recuperar la tipolog\u00eda de habitaci\u00f3n comunal considerando a los humanos focos de calor\u201d.<\/p>\n<p>Casa Nahinuena, Vizcaya<br \/>\nConstructiva y ornamental<\/p>\n<p data-gtm-element-container=\"modulo-texto-link\" class=\"paragraph\">En la casa Nahinuena, de nueva planta edificada en un municipio de Vizcaya, la madera es la gran protagonista. Y la estructura de p\u00f3rticos totalmente vista otorga car\u00e1cter al interior con gran autenticidad. Seg\u00fan sus autores Ane Arce e I\u00f1igo Berasategui, al frente de BeAr oficina de arquitectura asentada en Bilbao, la vivienda pretende ser muy directa, casi desnuda mostrando como se asienta, sujeta o cierra. \u201cDe una manera casi pedag\u00f3gica, los elementos constructivos trabajados son directamente el ornato que cualifica el espacio. El lujo es el volumen, la altura, la luz de la ma\u00f1ana y la tarde y no la superficie de poco m\u00e1s de 80 metros\u201d.<\/p>\n<p>                <img loading=\"lazy\" decoding=\"async\" data-full-src=\"https:\/\/www.lavanguardia.com\/uploads\/2025\/10\/31\/6904af4940e6c.jpeg\" alt=\"Los p\u00f3rticos estructurales de madera devienen ornamento interior\" width=\"449\" height=\"445\" src=\"https:\/\/www.europesays.com\/es\/wp-content\/uploads\/2025\/11\/6904af4940e6c.jpeg\" class=\"lazy\"\/><\/p>\n<p class=\"caption-title \">Los p\u00f3rticos estructurales de madera devienen ornamento interior<\/p>\n<p>                    Luis D\u00edaz D\u00edaz<\/p>\n<p data-gtm-element-container=\"modulo-texto-link\" class=\"paragraph\">Si bien esta casa ha sido proyectada para una sola persona (condicionando su configuraci\u00f3n espacial), en general como arquitectos contemplan los interiores como \u201cuna suerte de paisajes d\u00f3nde es mejor que los muebles sean los que salpiquen este jard\u00edn y diferencien los posibles usos de cada zona. Hemos superado el higienismo y podemos organizar nuestros interiores con reglas diversas\u201d.<\/p>\n<p>                <img loading=\"lazy\" decoding=\"async\" data-full-src=\"https:\/\/www.lavanguardia.com\/uploads\/2025\/10\/31\/6904af7e52ef4.jpeg\" alt=\"Una estructura suspendida con cortina perimetral permite dar privacidad a la zona de estar en posici\u00f3n central\" width=\"449\" height=\"437\" src=\"https:\/\/www.europesays.com\/es\/wp-content\/uploads\/2025\/11\/6904af7e52ef4.jpeg\" class=\"lazy\"\/><\/p>\n<p class=\"caption-title \">Una estructura suspendida con cortina perimetral permite dar privacidad a la zona de estar en posici\u00f3n central<\/p>\n<p>                    Luis D\u00edaz D\u00edaz<\/p>\n<p data-gtm-element-container=\"modulo-texto-link\" class=\"paragraph\">Destaca el exterior y su tratamiento crom\u00e1tico con el que los arquitectos han querido \u201creleer los c\u00f3digos de color de los elementos tradicionales en madera, de las viviendas de la costa vasca donde los colores de puertos y barcos se funde, en rojos, verdes o azules\u201d. Entre la diversidad de sus referentes, se\u00f1alan las construcciones informales vern\u00e1culas, las arquitecturas de los 70 n\u00f3rdicas, Jap\u00f3n y su reinterpretaci\u00f3n de la madera contempor\u00e1nea o revisitar los caser\u00edos de la zona y su forma estructural.<\/p>\n<p data-gtm-element-container=\"modulo-texto-link\" class=\"paragraph\">Para Arce y Berasategui, gran parte de la disputa arquitect\u00f3nica de nuestros d\u00edas reside en la postura fijada frente a la construcci\u00f3n, en la elecci\u00f3n y el trabajo con los materiales. En la casa Nahinuena creen \u201csin romantizar, en la virtud del ser, sin manierismos del aparejo o mundos ensimismados del cart\u00f3n yeso. En ser, con poco y orgullo\u201d.<\/p>\n<p>Casa Rel\u00e1mpago, en Sant Just Desvern<br \/>\nInterior narrado<\/p>\n<p data-gtm-element-container=\"modulo-texto-link\" class=\"paragraph\">El despacho h3o es el art\u00edfice de la Casa Rel\u00e1mpago de Sant Just Desvern, Barcelona, resultado de transformaron un espacio existente en nueva vivienda. En ella mezclan la teor\u00eda del color y la forma, con la leyenda del rel\u00e1mpago que cay\u00f3 en la mas\u00eda mucho tiempo atr\u00e1s, incorporando la narrativa al dise\u00f1o. \u201cEsta estrategia -apuntan- puede leerse desde la fenomenolog\u00eda arquitect\u00f3nica: entendemos el espacio a trav\u00e9s del cuerpo, los sentidos y la memoria. Pintar cada estancia con un color distinto o dise\u00f1ar rincones donde la luz se tamiza y se posa sobre materiales espec\u00edficos, es una manera de activar esa percepci\u00f3n encarnada en el espacio\u201d.  Mencionan a arquitectos como Steven Holl, Peter Zumthor o Juhani Pallasmaa predecesores de estas ideas: \u201cdonde las formas no se imponen, sino que acompa\u00f1an la experiencia vital, y los colores no son decorativos sino motores de atm\u00f3sferas sensibles\u201d.<\/p>\n<p>                <img loading=\"lazy\" decoding=\"async\" data-full-src=\"https:\/\/www.lavanguardia.com\/uploads\/2025\/10\/31\/6904afdcd8e38.jpeg\" alt=\"Casa Rel\u00e1mpago, en Sant Just Desvern. Para h3o el color tiene un poder transformador en la manera de relacionarnos entre nosotros y definir los lugares que habitamos\" width=\"449\" height=\"599\" src=\"https:\/\/www.europesays.com\/es\/wp-content\/uploads\/2025\/11\/6904afdcd8e38.jpeg\" class=\"lazy\"\/><\/p>\n<p class=\"caption-title \">Casa Rel\u00e1mpago, en Sant Just Desvern. Para h3o el color tiene un poder transformador en la manera de relacionarnos entre nosotros y definir los lugares que habitamos<\/p>\n<p>                    Jos\u00e9 Hevia Bach<\/p>\n<p>                <img loading=\"lazy\" decoding=\"async\" data-full-src=\"https:\/\/www.lavanguardia.com\/uploads\/2025\/10\/31\/6904b004e806d.jpeg\" alt=\"Seg\u00fan h3o, en la arquitectura cl\u00e1sica el color era fundamental para revelar su mensaje y despertar una mirada particular en el visitante\" width=\"449\" height=\"599\" src=\"https:\/\/www.europesays.com\/es\/wp-content\/uploads\/2025\/11\/6904b004e806d.jpeg\" class=\"lazy\"\/><\/p>\n<p class=\"caption-title \">Seg\u00fan h3o, en la arquitectura cl\u00e1sica el color era fundamental para revelar su mensaje y despertar una mirada particular en el visitante<\/p>\n<p>                    Jos\u00e9 Hevia<\/p>\n<p data-gtm-element-container=\"modulo-texto-link\" class=\"paragraph\">Si bien contemplan la arquitectura como una pr\u00e1ctica muy seria, llena de responsabilidades, consideran que el resultado puede ser fant\u00e1stico, \u201cun tel\u00f3n de juego donde, al fin y al cabo, podamos hacer lo que nos define a los humanos como seres relacionales y lo que m\u00e1s nos gusta hacer, que es contarnos historias y pasar tiempo juntos. As\u00ed, el color es para nosotros un estimulador de estas experiencias, una manera de celebrar la vida\u201d.  Y se congratulan de que actualmente se expanda el cromatismo.<\/p>\n<p data-gtm-element-container=\"modulo-texto-link\" class=\"paragraph\">Seg\u00fan h3o, los modelos de vida est\u00e1n cambiando radicalmente con la introducci\u00f3n de la IA, las redes sociales, el internet de las cosas\u2026 \u201clos espacios f\u00edsicos deben mediar con los virtuales, y ahora estamos en los inicios de esta nueva era de la humanidad. Por tanto, \u00bfpodemos expandir la arquitectura f\u00edsica a la virtual construyendo realidades h\u00edbridas? \u00bfO hogares que fomenten espacios comunitarios para poder contrarrestar el individualismo extremo que estamos viviendo? Son interrogantes y retos a los que se enfrenta la arquitectura, que tiene el potencial transformador de nuestras sociedades\u201d.<\/p>\n","protected":false},"excerpt":{"rendered":"\u201cLa casa. Sin ella el ser humano ser\u00eda un ser disperso. Lo sostiene a trav\u00e9s de las tormentas&hellip;\n","protected":false},"author":2,"featured_media":221107,"comment_status":"","ping_status":"","sticky":false,"template":"","format":"standard","meta":{"footnotes":""},"categories":[173],"tags":[229,233,231,230,232,234,146,147,25,24,23],"class_list":{"0":"post-221106","1":"post","2":"type-post","3":"status-publish","4":"format-standard","5":"has-post-thumbnail","7":"category-arte-y-diseno","8":"tag-arte","9":"tag-arte-y-diseno","10":"tag-arts","11":"tag-arts-and-design","12":"tag-design","13":"tag-diseno","14":"tag-entertainment","15":"tag-entretenimiento","16":"tag-es","17":"tag-espana","18":"tag-spain"},"share_on_mastodon":{"url":"https:\/\/pubeurope.com\/@es\/115501388847773936","error":""},"_links":{"self":[{"href":"https:\/\/www.europesays.com\/es\/wp-json\/wp\/v2\/posts\/221106","targetHints":{"allow":["GET"]}}],"collection":[{"href":"https:\/\/www.europesays.com\/es\/wp-json\/wp\/v2\/posts"}],"about":[{"href":"https:\/\/www.europesays.com\/es\/wp-json\/wp\/v2\/types\/post"}],"author":[{"embeddable":true,"href":"https:\/\/www.europesays.com\/es\/wp-json\/wp\/v2\/users\/2"}],"replies":[{"embeddable":true,"href":"https:\/\/www.europesays.com\/es\/wp-json\/wp\/v2\/comments?post=221106"}],"version-history":[{"count":0,"href":"https:\/\/www.europesays.com\/es\/wp-json\/wp\/v2\/posts\/221106\/revisions"}],"wp:featuredmedia":[{"embeddable":true,"href":"https:\/\/www.europesays.com\/es\/wp-json\/wp\/v2\/media\/221107"}],"wp:attachment":[{"href":"https:\/\/www.europesays.com\/es\/wp-json\/wp\/v2\/media?parent=221106"}],"wp:term":[{"taxonomy":"category","embeddable":true,"href":"https:\/\/www.europesays.com\/es\/wp-json\/wp\/v2\/categories?post=221106"},{"taxonomy":"post_tag","embeddable":true,"href":"https:\/\/www.europesays.com\/es\/wp-json\/wp\/v2\/tags?post=221106"}],"curies":[{"name":"wp","href":"https:\/\/api.w.org\/{rel}","templated":true}]}}