{"id":221117,"date":"2025-11-06T06:49:13","date_gmt":"2025-11-06T06:49:13","guid":{"rendered":"https:\/\/www.europesays.com\/es\/221117\/"},"modified":"2025-11-06T06:49:13","modified_gmt":"2025-11-06T06:49:13","slug":"huelga-amazon-murcia-peligran-los-pedidos-del-black-friday-y-los-regalos-de-navidad-de-amazon-los-trabajadores-de-murcia-convocan-una-huelga","status":"publish","type":"post","link":"https:\/\/www.europesays.com\/es\/221117\/","title":{"rendered":"Huelga Amazon Murcia | Peligran los pedidos del Black Friday y los regalos de Navidad de Amazon: los trabajadores de Murcia convocan una huelga"},"content":{"rendered":"<p class=\"ft-text ft-helper-align-justify\">Los <strong>miles de pedidos y paquetes de Amazon <\/strong>para los d\u00edas de descuentos y ofertas del Black Friday a finales de mes as\u00ed como aquellos destinados a regalos para los d\u00edas de Navidad est\u00e1n en peligro en la Regi\u00f3n de Murcia.<\/p>\n<p class=\"ft-text ft-helper-align-justify\">La <strong>Secci\u00f3n Sindical<\/strong> de CGT en el <a class=\"ft-link ft-link--decoration\" href=\"https:\/\/www.laopiniondemurcia.es\/comunidad\/2025\/04\/03\/amazon-pymes-tercer-aniversario-116013063.html\" rel=\"nofollow noopener\" target=\"_blank\">centro log\u00edstico que Amazon tiene en la pedan\u00eda murciana de Corvera<\/a> ha anunciado una convocatoria de huelga, la primera que se realiza en Murcia, durante varios d\u00edas de este mes de noviembre y de diciembre \u00abcomo respuesta al <strong>empeoramiento constante de las condiciones laborales<\/strong> y a la <strong>falta de voluntad de la direcci\u00f3n <\/strong>de Amazon para resolver los problemas que afectan a la plantilla\u00bb.<\/p>\n<blockquote class=\"ft-mol-quote ft-mol-quote--basic\" data-aida-cite=\"\"><p>Los empleados denuncian su malestar, frustraci\u00f3n y p\u00e9rdida de confianza entre los trabajadores\u00bb<\/p><\/blockquote>\n<p class=\"ft-text ft-helper-align-justify\">Los representantes de los trabajadores explican en un comunicado que durante los \u00faltimos meses han intentado \u00abpor todas las v\u00edas posibles\u00bb (reuniones, mediaciones y denuncias ante Inspecci\u00f3n de Trabajo) abrir canales de di\u00e1logo con la empresa para mejorar aspectos b\u00e1sicos de la relaci\u00f3n laboral.<\/p>\n<p class=\"ft-text ft-helper-align-justify\">\u00abSin embargo, la <strong>respuesta de Amazon ha sido el silencio y la indiferencia<\/strong>, lo que ha generado <strong>malestar, frustraci\u00f3n y p\u00e9rdida de confianza entre las trabajadoras y trabajadores<\/strong>\u00ab, reza el escrito.<\/p>\n<p class=\"ft-text ft-helper-align-justify\">Se le acumulan los problemas a Amazon despu\u00e9s de que hace unos d\u00edas el &#8216;gigante&#8217; anunciase un ERE que afectar\u00e1 a 1.200 empleados de Espa\u00f1a,<a class=\"ft-link ft-link--decoration\" href=\"https:\/\/www.laopiniondemurcia.es\/comunidad\/2025\/11\/04\/trabajadores-centro-logistico-amazon-murcia-123315052.html\" rel=\"nofollow noopener\" target=\"_blank\"> aunque no afectar\u00e1 a la plantilla de Murcia<\/a>, y que levant\u00f3 numerosas cr\u00edticas.<\/p>\n<p class=\"ft-text ft-helper-align-justify\">El plante de los trabajadores se producir\u00eda en dos momentos clave: para los d\u00edas <strong>del 24 al 28 de noviembre <\/strong>(en plena fiebre por el Black Friday) <strong>y del 16 al 23 de diciembre<\/strong> (un periodo de d\u00edas donde m\u00e1s pedidos se realizan para los regalos navide\u00f1os).<\/p>\n<p><img decoding=\"async\" src=\"https:\/\/www.europesays.com\/es\/wp-content\/uploads\/2025\/11\/4faaec7f-d5b4-4dd7-88a8-9c8da7e97e8f_alta-libre-aspect-ratio_default_0.jpg\" width=\"1200\" height=\"800\" alt=\"Preparaci\u00f3n de paquetes y pedidos en el interior del centro log\u00edstico de Amazon en Murcia.\" class=\"ft-helper-img-rd\" loading=\"lazy\"\/><\/p>\n<p class=\"ft-helper-fontColor-quaternary ft-helper-fontSize-body-S ft-helper-spacer-t-xxs\">Preparaci\u00f3n de paquetes y pedidos en el interior del centro log\u00edstico de Amazon en Murcia.  \/ Juan Carlos Caval<\/p>\n<p class=\"ft-text ft-helper-align-justify\">Amazon ha creado desde su aterrizaje hace tres a\u00f1os en la Regi\u00f3n de Murcia\u00a0<strong>m\u00e1s de 2.000 puestos de trabajo directos<\/strong>:<strong> <\/strong>desde ingenieros inform\u00e1ticos, gerentes financieros y especialistas en rob\u00f3tica hasta empleados y empleadas de operaciones a cargo del empaquetado y env\u00edo de pedidos.<\/p>\n<p class=\"ft-text ft-helper-align-justify\">Desde la <strong>Secci\u00f3n Sindical<\/strong> de CGT explican a La Opini\u00f3n que est\u00e1n llamados a la huelga los cerca de 1.500 trabajadores fijos del centro log\u00edstico m\u00e1s aquellos fijos-discontinuos que se contratan para las fechas en las que se ha convocado el paro para atender la alta demanda de pedidos y trabajo.<\/p>\n<p class=\"ft-text ft-helper-align-justify\">Adem\u00e1s, recientemente se dieron a conocer las cifras de exportaciones y las <a class=\"ft-link ft-link--decoration\" href=\"https:\/\/www.laopiniondemurcia.es\/comunidad\/2025\/10\/21\/comercio-murciano-consolida-amazon-42-122847293.html\" rel=\"nofollow noopener\" target=\"_blank\">peque\u00f1as y medianas empresas (pymes) murcianas que venden a trav\u00e9s de su web<\/a>: son m\u00e1s de 500 las que lo hacen \u00a0y las exportaciones durante el pasado a\u00f1o superaron los\u00a0<strong>42 millones de euros en exportaciones<\/strong>, un\u00a0<strong>36% m\u00e1s<\/strong>\u00a0que en el a\u00f1o anterior.<\/p>\n<blockquote class=\"ft-mol-quote ft-mol-quote--basic\" data-aida-cite=\"\"><p>Desde su aterrizaje en Murcia hace tres a\u00f1os el &#8216;gigante&#8217; comercial ha creado m\u00e1s de 2.000 puestos de trabajo directos <\/p><\/blockquote>\n<p class=\"ft-text ft-helper-align-justify\">La Secci\u00f3n Sindical de CGT denuncian asimismo que \u00ab<strong>Amazon presume de ser una empresa moderna y socialmente responsable, pero en su centro RMU1 la realidad es muy distinta<\/strong>: salarios estancados, errores continuos en n\u00f3minas, rotaciones injustas, falta de formaci\u00f3n y un trato desigual hacia la plantilla\u00bb.<\/p>\n<p class=\"ft-text ft-helper-align-justify\">La organizaci\u00f3n sindical a\u00f1ade que \u201cno se reconocen adecuadamente los accidentes laborales, las adaptaciones de puesto son meramente formales, y los despidos disciplinarios injustificados se utilizan como herramienta de miedo. Mientras tanto, el coste de la vida sube y el personal ve c\u00f3mo su poder adquisitivo se desploma a\u00f1o tras a\u00f1o\u201d.<\/p>\n<p>Llamamiento para secundar las movilizaciones<\/p>\n<p class=\"ft-text\">La Secci\u00f3n Sindical de CGT en RMU1 ha hecho un llamamiento a todas los trabajadores del centro \u00aba <strong>participar activamente en la huelga y en las movilizaciones convocadas<\/strong>\u00ab, recordando que \u201csolo la uni\u00f3n y el apoyo mutuo pueden frenar los abusos y obligar a la empresa a negociar mejoras reales\u201d.<\/p>\n<p class=\"ft-text\">En el comunicado tambi\u00e9n se\u00f1alan que, una vez \u00abagotada la v\u00eda del di\u00e1logo, ahora es momento de dar un paso al frente. Si no trabajan por nosotros, no decidir\u00e1n por nosotros\u00bb.<\/p>\n<p>Lo que piden para desconvocar el paro <\/p>\n<p class=\"ft-text ft-helper-align-justify\">Los trabajadores aseguran estar \u00abal l\u00edmite\u00bb y esta situaci\u00f3n se da para que la multinacional tecnol\u00f3gica de Jeff Bezos atienda a las demandas de los empleados de la megainfraestructura ubicada en la A-30 a la altura de Corvera en direcci\u00f3n Murcia-Cartagena.<\/p>\n<p class=\"ft-text ft-helper-align-justify\">El paro, por ahora,<strong> no se desconvocar\u00e1 hasta que haya una \u00absubida real\u00bb del salario base <\/strong>y revisi\u00f3n de pluses de los empleados, <strong>el pago de los domingos<\/strong> trabajados, una \u00abcorrecci\u00f3n inmediata de los errores en n\u00f3mina\u00bb, rotaciones <strong>y asignaciones de turno m\u00e1s justas y transparentes<\/strong>, un reconocimiento real de los accidentes laborales y mejoras en la salud y seguridad, el<strong> \u00abfin de los despidos arbitrarios\u00bb<\/strong>, as\u00ed como el cumplimiento efectivo de \u00abpermisos, vacaciones y derechos familiares\u00bb.<\/p>\n<p>La respuesta de Amazon: \u00abTienen salarios y beneficios competitivos\u00bb<\/p>\n<p class=\"ft-text ft-helper-align-justify\">Fuentes de Amazon aseguran, tras la amenaza de huelga anunciada, que la convocatoria de huelga \u00ab<strong>ha sido promovida \u00fanicamente por CGT<\/strong>, que cuenta con 2 delegados en el comit\u00e9 de empresa de un total de 23&#8243;. No se ha comunicado, explican, con el resto de los sindicatos representados en el centro (CC OO, UGT y Fetico), \u00abpor lo que no cuenta con su respaldo\u00bb.<\/p>\n<p class=\"ft-text ft-helper-align-justify\">Desde la empresa vienen recordando que <strong>e<\/strong>l equipo de Murcia trabaja \u00aben un<strong> entorno moderno y seguro, con salarios y beneficios competitivos<\/strong>\u00ab.<\/p>\n<p class=\"ft-text ft-helper-align-justify\">En este sentido, defienden que sus empleados \u00abreciben salarios por encima de lo establecido en el convenio colectivo provincial del sector log\u00edstico, super\u00e1ndolo en un 9%, <strong>con un salario de entrada de 1.488 euros mensuales brutos<\/strong>, y beneficios valorados en miles de euros anuales como el seguro m\u00e9dico privado, seguro de vida, planes de pensiones, permiso parental ampliado y retribuido, ticket restaurante, etc\u00bb.<\/p>\n<p class=\"ft-text ft-helper-align-justify\">Asimismo insisten en que las personas trabajadoras de Amazon cuentan con <strong>oportunidades s\u00f3lidas de desarrollo profesional y promoci\u00f3n interna<\/strong>. La empresa recuerda que desde su llegada a la comunidad <strong>\u00abgenera empleo estable\u00bb<\/strong> y \u00abcontin\u00faa actualizando las condiciones salariales\u00bb.<\/p>\n<p class=\"ft-text ft-helper-align-justify\">En este sentido, recuerdan que el pasado a\u00f1o realizaron un aumento salarial \u00aba pesar de la falta de actualizaci\u00f3n de las tablas salariales del convenio colectivo\u00bb.<\/p>\n","protected":false},"excerpt":{"rendered":"Los miles de pedidos y paquetes de Amazon para los d\u00edas de descuentos y ofertas del Black Friday&hellip;\n","protected":false},"author":2,"featured_media":221118,"comment_status":"","ping_status":"","sticky":false,"template":"","format":"standard","meta":{"footnotes":""},"categories":[80],"tags":[912,1057,58845,82,95,94,25,24,5855,58844,13181,34312,58843,1429,36044,54265,23,4479],"class_list":{"0":"post-221117","1":"post","2":"type-post","3":"status-publish","4":"format-standard","5":"has-post-thumbnail","7":"category-economia","8":"tag-amazon","9":"tag-black","10":"tag-black-friday","11":"tag-business","12":"tag-economia","13":"tag-economy","14":"tag-es","15":"tag-espana","16":"tag-exportaciones","17":"tag-friday","18":"tag-huelga","19":"tag-pedidos","20":"tag-peligran","21":"tag-plantilla","22":"tag-regalos","23":"tag-regalos-de-navidad","24":"tag-spain","25":"tag-trabajadores"},"share_on_mastodon":{"url":"https:\/\/pubeurope.com\/@es\/115501424178530516","error":""},"_links":{"self":[{"href":"https:\/\/www.europesays.com\/es\/wp-json\/wp\/v2\/posts\/221117","targetHints":{"allow":["GET"]}}],"collection":[{"href":"https:\/\/www.europesays.com\/es\/wp-json\/wp\/v2\/posts"}],"about":[{"href":"https:\/\/www.europesays.com\/es\/wp-json\/wp\/v2\/types\/post"}],"author":[{"embeddable":true,"href":"https:\/\/www.europesays.com\/es\/wp-json\/wp\/v2\/users\/2"}],"replies":[{"embeddable":true,"href":"https:\/\/www.europesays.com\/es\/wp-json\/wp\/v2\/comments?post=221117"}],"version-history":[{"count":0,"href":"https:\/\/www.europesays.com\/es\/wp-json\/wp\/v2\/posts\/221117\/revisions"}],"wp:featuredmedia":[{"embeddable":true,"href":"https:\/\/www.europesays.com\/es\/wp-json\/wp\/v2\/media\/221118"}],"wp:attachment":[{"href":"https:\/\/www.europesays.com\/es\/wp-json\/wp\/v2\/media?parent=221117"}],"wp:term":[{"taxonomy":"category","embeddable":true,"href":"https:\/\/www.europesays.com\/es\/wp-json\/wp\/v2\/categories?post=221117"},{"taxonomy":"post_tag","embeddable":true,"href":"https:\/\/www.europesays.com\/es\/wp-json\/wp\/v2\/tags?post=221117"}],"curies":[{"name":"wp","href":"https:\/\/api.w.org\/{rel}","templated":true}]}}