{"id":221131,"date":"2025-11-06T07:02:11","date_gmt":"2025-11-06T07:02:11","guid":{"rendered":"https:\/\/www.europesays.com\/es\/221131\/"},"modified":"2025-11-06T07:02:11","modified_gmt":"2025-11-06T07:02:11","slug":"abogado-de-justin-baldoni-explica-por-que-se-dejaron-perder-en-su-demanda-contra-blake-lively","status":"publish","type":"post","link":"https:\/\/www.europesays.com\/es\/221131\/","title":{"rendered":"Abogado de Justin Baldoni explica por qu\u00e9 &#8216;se dejaron perder&#8217; en su demanda contra Blake Lively"},"content":{"rendered":"<p>\n          Justin Baldoniy sus abogados buscan la verdad<\/p>\n<p><b>Freedman <\/b>a\u00f1adi\u00f3 que tanto \u00e9l como su equipo est\u00e1n comprometidos con la b\u00fasqueda de la verdad: \u00abMientras tanto, nos estamos centrando en las alegaciones de la se\u00f1ora Lively. Seguimos plenamente comprometidos con la b\u00fasqueda de la verdad a trav\u00e9s de todas las v\u00edas legales y f\u00e1cticas disponibles y esperamos con inter\u00e9s el d\u00eda de nuestro juicio\u00bb.<\/p>\n<p>             <img loading=\"lazy\" decoding=\"async\" src=\"https:\/\/www.europesays.com\/es\/wp-content\/uploads\/2025\/11\/1762412530_843_\" class=\"lazyload\" alt=\"&quot;The Boys In The Boat&quot; New York Screening\"  width=\"1200\" height=\"800\"\/> <\/p>\n<p>              Justin Baldoni<br \/>\n              (Dia Dipasupil\/Getty Images)<\/p>\n<p>Por su parte, el juez dijo que se puso en contacto con todas las partes el 17 de octubre para anunciarles que dictar\u00eda una sentencia definitiva para concluir el caso.<\/p>\n<p>Un documento revisado por la revista mostr\u00f3 que <b> <a class=\"Link\" href=\"https:\/\/www.quien.com\/espectaculos\/2025\/09\/22\/las-fotos-de-gossip-girl-que-blake-lively-guardo-por-18-anos-y-ahora-compartio-en-el-aniversario-de-la-serie?utm_source=internal&amp;utm_medium=link-recommended\" target=\"_blank\" rel=\"nofollow noopener\">Blake Lively<\/a>  <\/b> fue la \u00fanica que respondi\u00f3, pidiendo al juez que declarara una sentencia definitiva y que mantuviera activa su solicitud de honorarios legales, a lo que el juez accedi\u00f3.<\/p>\n<p>             <img loading=\"lazy\" decoding=\"async\" src=\"https:\/\/www.europesays.com\/es\/wp-content\/uploads\/2025\/11\/1762412531_852_\" class=\"lazyload\" alt=\"Blake-Lively \"  width=\"1200\" height=\"1799\"\/> <\/p>\n<p>              Blake Lively<br \/>\n              (GattyImages)<\/p>\n<p>La batalla legal entre <b> <a class=\"Link\" href=\"https:\/\/www.quien.com\/espectaculos\/2025\/06\/10\/que-no-cante-victoria-baldoni-amenaza-a-blake-tras-perder-demanda-millonaria?utm_source=internal&amp;utm_medium=link-recommended\" target=\"_blank\" rel=\"nofollow noopener\">Blake Lively y Justin Baldoni<\/a>  <\/b> comenz\u00f3 en diciembre pasado cuando la actriz lo demand\u00f3 por mala conducta en el rodaje de It Ends with Us, y por una campa\u00f1a de difamaci\u00f3n en represalia, acusaciones que \u00e9l ha negado.<\/p>\n","protected":false},"excerpt":{"rendered":"Justin Baldoniy sus abogados buscan la verdad Freedman a\u00f1adi\u00f3 que tanto \u00e9l como su equipo est\u00e1n comprometidos con&hellip;\n","protected":false},"author":2,"featured_media":221132,"comment_status":"","ping_status":"","sticky":false,"template":"","format":"standard","meta":{"footnotes":""},"categories":[174],"tags":[29858,255,146,147,25,24,2793,256,58851,58847,58848,58849,58850,23],"class_list":{"0":"post-221131","1":"post","2":"type-post","3":"status-publish","4":"format-standard","5":"has-post-thumbnail","7":"category-famosos","8":"tag-blake-lively","9":"tag-celebrities","10":"tag-entertainment","11":"tag-entretenimiento","12":"tag-es","13":"tag-espana","14":"tag-espectaculos","15":"tag-famosos","16":"tag-it-ends-with-us","17":"tag-juez-desestimo-la-demanda-de-justin-baldoni","18":"tag-justin-baldoni","19":"tag-justin-baldoni-pierde-contrademanda","20":"tag-justin-baldoni-y-blake-lively-demanda","21":"tag-spain"},"share_on_mastodon":{"url":"https:\/\/pubeurope.com\/@es\/115501475111884398","error":""},"_links":{"self":[{"href":"https:\/\/www.europesays.com\/es\/wp-json\/wp\/v2\/posts\/221131","targetHints":{"allow":["GET"]}}],"collection":[{"href":"https:\/\/www.europesays.com\/es\/wp-json\/wp\/v2\/posts"}],"about":[{"href":"https:\/\/www.europesays.com\/es\/wp-json\/wp\/v2\/types\/post"}],"author":[{"embeddable":true,"href":"https:\/\/www.europesays.com\/es\/wp-json\/wp\/v2\/users\/2"}],"replies":[{"embeddable":true,"href":"https:\/\/www.europesays.com\/es\/wp-json\/wp\/v2\/comments?post=221131"}],"version-history":[{"count":0,"href":"https:\/\/www.europesays.com\/es\/wp-json\/wp\/v2\/posts\/221131\/revisions"}],"wp:featuredmedia":[{"embeddable":true,"href":"https:\/\/www.europesays.com\/es\/wp-json\/wp\/v2\/media\/221132"}],"wp:attachment":[{"href":"https:\/\/www.europesays.com\/es\/wp-json\/wp\/v2\/media?parent=221131"}],"wp:term":[{"taxonomy":"category","embeddable":true,"href":"https:\/\/www.europesays.com\/es\/wp-json\/wp\/v2\/categories?post=221131"},{"taxonomy":"post_tag","embeddable":true,"href":"https:\/\/www.europesays.com\/es\/wp-json\/wp\/v2\/tags?post=221131"}],"curies":[{"name":"wp","href":"https:\/\/api.w.org\/{rel}","templated":true}]}}