{"id":221140,"date":"2025-11-06T07:08:22","date_gmt":"2025-11-06T07:08:22","guid":{"rendered":"https:\/\/www.europesays.com\/es\/221140\/"},"modified":"2025-11-06T07:08:22","modified_gmt":"2025-11-06T07:08:22","slug":"un-expiloto-de-f1","status":"publish","type":"post","link":"https:\/\/www.europesays.com\/es\/221140\/","title":{"rendered":"Un expiloto de F1"},"content":{"rendered":"<p data-journey-content=\"true\" data-node-id=\"3\" class=\"css-6wxqfj emevuu60\">En los \u00faltimos a\u00f1os, la F\u00f3rmula 1 ha acogido un t\u00e9rmino pocas veces visto con anterioridad en la categor\u00eda, como lo es la \u2018Silly Season\u2019. Aquella en la que el futuro de determinados pilotos est\u00e1 en el aire y todav\u00eda no se sabe qu\u00e9 pasar\u00e1 con ellos. Si bien es cierto que, de cara a 2026, la gran mayor\u00eda de asientos ya est\u00e1n confirmados, la realidad es que a partir de esa temporada pilotos como Lewis Hamilton o Fernando Alonso finalizan sus respectivos contratos. <\/p>\n<p>El futuro de Aston Martin F1 en 2026 y 2027<\/p>\n<p data-journey-content=\"true\" data-node-id=\"7\" class=\"css-6wxqfj emevuu60\">Con Lawrence Stroll al mando del proyecto brit\u00e1nico, el futuro de Lance Stroll es incierto, pero la cosa cambia con el piloto asturiano. En este caso, el contrato finalizar al terminar la temporada 2026, <strong data-node-id=\"7.1\">y ya ha asegurado en m\u00e1s de una ocasi\u00f3n que no tomar\u00e1 la decisi\u00f3n de si continuar o no, hasta mediados de temporada<\/strong>. De hecho, el embajador de la marca brit\u00e1nica, Pedro de la Rosa, <a href=\"https:\/\/www.caranddriver.com\/es\/formula-1\/a68904884\/embajador-aston-martin-f1-analiza-potencial-fernando-alonso-2026-ilusion\/\" target=\"_blank\" data-vars-ga-outbound-link=\"https:\/\/www.caranddriver.com\/es\/formula-1\/a68904884\/embajador-aston-martin-f1-analiza-potencial-fernando-alonso-2026-ilusion\/\" data-vars-ga-ux-element=\"Hyperlink\" data-vars-ga-call-to-action=\"nos asegur\u00f3 en exclusiva que su futuro depend\u00eda de \u00e9l mismo. \" data-node-id=\"7.3\" class=\"body-link css-168zq96 emevuu60\" rel=\"nofollow noopener\">nos asegur\u00f3 en exclusiva que su futuro depend\u00eda de \u00e9l mismo. <\/a><\/p>\n<p data-journey-content=\"true\" data-node-id=\"9\" class=\"css-6wxqfj emevuu60\">Ante esta situaci\u00f3n, algunas figuras del paddock apuntaban a que Max Verstappen podr\u00eda ser la pr\u00f3xima estrella de Aston Martin a partir de 2027, algo de lo que precisamente habl\u00f3 Andy Cowell,<strong data-node-id=\"9.1\"> jefe de filas, <a href=\"https:\/\/www.caranddriver.com\/es\/formula-1\/a69042298\/aston-martin-f1-querer-elogios-max-verstappen-2026-interes-halagador\/\" target=\"_blank\" data-vars-ga-outbound-link=\"https:\/\/www.caranddriver.com\/es\/formula-1\/a69042298\/aston-martin-f1-querer-elogios-max-verstappen-2026-interes-halagador\/\" data-vars-ga-ux-element=\"Hyperlink\" data-vars-ga-call-to-action=\"quien se sinti\u00f3 alagado al verse relacionado\" data-node-id=\"9.1.1\" class=\"body-link css-168zq96 emevuu60\" rel=\"nofollow noopener\">quien se sinti\u00f3 alagado al verse relacionado<\/a> con un cuatro veces campe\u00f3n del mundo.<\/strong> El propio neerland\u00e9s habl\u00f3 en una ocasi\u00f3n del futuro de los de Silverstone, explicando que tienen mucho potencial junto a Honda en la nueva reglamentaci\u00f3n de motores.<\/p>\n<blockquote data-theme-key=\"pullquote\" class=\"css-1eiql25 e1pe3zr91\">\n<blockquote class=\"css-fetnbk e1pe3zr90\"><p>Ralf Schumacher pone sobre la mesa los nombres de Oscar Piastri y Charles Leclerc para Aston Martin<\/p><\/blockquote>\n<\/blockquote>\n<p data-journey-content=\"true\" data-node-id=\"14\" class=\"css-6wxqfj emevuu60\">Y esta vez, ha sido Ralf Schumacher el que ha querido hablar sobre la futura dupla de pilotos de Aston Martin de cara a 2027, e incluso nombrando el 2026. <strong data-node-id=\"14.1\">En este caso, el expiloto apunta a que Charles Leclerc u Oscar Piastri podr\u00edan ser dos buenas opciones<\/strong>, especialmente porque ambos, en m\u00e1s de una ocasi\u00f3n, han mostrado su descontento con ciertas decisiones tomadas por sus propios equipos, como es el caso de las famosas &#8216;papaya rules&#8217;, <a href=\"https:\/\/www.caranddriver.com\/es\/formula-1\/a69229148\/bernie-ecclestone-senala-sabotaje-mclaren-f1-oscar-piastri-han-ralentizado\/\" target=\"_blank\" data-vars-ga-outbound-link=\"https:\/\/www.caranddriver.com\/es\/formula-1\/a69229148\/bernie-ecclestone-senala-sabotaje-mclaren-f1-oscar-piastri-han-ralentizado\/\" data-vars-ga-ux-element=\"Hyperlink\" data-vars-ga-call-to-action=\"criticadas por el exjefe de la F\u00f3rmula 1.\" data-node-id=\"14.3\" class=\"body-link css-168zq96 emevuu60\" rel=\"nofollow noopener\">criticadas por el exjefe de la F\u00f3rmula 1.<\/a><\/p>\n<p><img draggable=\"true\" alt=\"charles leclerc y oscar piastri f1\" title=\"Charles Leclerc y Oscar Piastri F1\" loading=\"lazy\" width=\"3852\" height=\"3852\" decoding=\"async\" data-nimg=\"1\" style=\"color:transparent;width:100%;height:auto;\"   src=\"https:\/\/www.europesays.com\/es\/wp-content\/uploads\/2025\/11\/leclerc-piastri-690b607032fce.jpg\" class=\"css-0 e1g79fud0\"\/><a target=\"_blank\" rel=\"noopener nofollow\" data-theme-key=\"base-link\" href=\"https:\/\/pinterest.com\/pin\/create\/button\/?url=https:\/\/www.caranddriver.com\/es\/formula-1\/a69261670\/expiloto-f1-futuro-aston-martin-2026-fichar-oscar-piastri-charles-leclerc\/&amp;description=&amp;media=https:\/\/hips.hearstapps.com\/hmg-prod\/images\/leclerc-piastri-690b607032fce.jpg?resize=1600:*\" class=\"pinterest css-on9hn5 e1c1bym14\"><img decoding=\"async\" data-dynamic-svg=\"true\" src=\"https:\/\/www.caranddriver.com\/_assets\/design-tokens\/fre\/static\/icons\/social\/pinterest.e8cf655.svg?primary=%2523ffffff\" loading=\"lazy\" data-testid=\"dynamic-svg-base\" height=\"auto\" width=\"auto\" alt=\"pinterest\" class=\"css-4lml0h e1mlxuuw1\"\/><\/a><\/p>\n<p>Kym Illman<\/p>\n<p data-journey-content=\"true\" data-node-id=\"17\" class=\"css-6wxqfj emevuu60\">\u201cLos rumores en el paddock son claros. Aston Martin busca un nuevo piloto, quiz\u00e1s incluso ya en 2026, pero a m\u00e1s tardar en 2027. <strong data-node-id=\"17.1\">Un candidato es Oscar Piastri, y obviamente Charles Leclerc es otra opci\u00f3n si est\u00e1 disponible, y podr\u00edan ficharlos<\/strong>\u201d, dec\u00eda el expiloto de F1.<\/p>\n<p data-journey-content=\"true\" data-node-id=\"19\" class=\"css-6wxqfj emevuu60\">\u201cSi un piloto ha perdido la fe en el equipo, o viceversa, <strong data-node-id=\"19.1\">lo cual puede suceder, es una clara se\u00f1al de que habr\u00e1 consecuencias<\/strong> y que el piloto incluso podr\u00eda tener que abandonar el equipo\u201d, prosigui\u00f3.<\/p>\n<p data-journey-content=\"true\" data-node-id=\"21\" class=\"css-6wxqfj emevuu60\">\u201c<strong data-node-id=\"21.1\">Tengo la impresi\u00f3n de que Piastri puede haberse visto afectado por lo sucedido recientemente<\/strong>\u201d, concluy\u00f3 Ralf Schumacher. <\/p>\n<p>La situaci\u00f3n de Fernando Alonso en Aston Martin<\/p>\n<p data-journey-content=\"true\" data-node-id=\"24\" class=\"css-6wxqfj emevuu60\">Otro de los aspectos a tener en cuenta de cara al futuro de la escuder\u00eda brit\u00e1nica es precisamente la figura de Fernando Alonso. <strong data-node-id=\"24.1\">El espa\u00f1ol lleg\u00f3 a admitir que, en caso de no tener un coche competitivo en 2026, podr\u00eda continuar<\/strong>. En caso contrario, quiz\u00e1s lo mejor era parar, seg\u00fan el \u201814\u2019. A pesar de ello, las esperanzas est\u00e1n puestas en la nueva normativa, donde ha asegurado que se abre una ventana de posibilidades que los de Silverstone puede aprovechar para dar un salto de calidad. <\/p>\n<p><img draggable=\"true\" alt=\"fernando alonso f1\" title=\"Fernando Alonso F1\" loading=\"lazy\" width=\"5185\" height=\"3457\" decoding=\"async\" data-nimg=\"1\" style=\"color:transparent;width:100%;height:auto;\"   src=\"https:\/\/www.europesays.com\/es\/wp-content\/uploads\/2025\/11\/fernando-alonso-690b60965c500.jpg\" class=\"css-0 e1g79fud0\"\/><a target=\"_blank\" rel=\"noopener nofollow\" data-theme-key=\"base-link\" href=\"https:\/\/pinterest.com\/pin\/create\/button\/?url=https:\/\/www.caranddriver.com\/es\/formula-1\/a69261670\/expiloto-f1-futuro-aston-martin-2026-fichar-oscar-piastri-charles-leclerc\/&amp;description=&amp;media=https:\/\/hips.hearstapps.com\/hmg-prod\/images\/fernando-alonso-690b60965c500.jpg?resize=1600:*\" class=\"pinterest css-on9hn5 e1c1bym14\"><img decoding=\"async\" data-dynamic-svg=\"true\" src=\"https:\/\/www.caranddriver.com\/_assets\/design-tokens\/fre\/static\/icons\/social\/pinterest.e8cf655.svg?primary=%2523ffffff\" loading=\"lazy\" data-testid=\"dynamic-svg-base\" height=\"auto\" width=\"auto\" alt=\"pinterest\" class=\"css-4lml0h e1mlxuuw1\"\/><\/a><\/p>\n<p>Kym Illman<\/p>\n<p data-journey-content=\"true\" data-node-id=\"27\" class=\"css-6wxqfj emevuu60\">\u201cDesde mi experiencia puedo decir que nunca he tenido un equipo como el que tengo en Aston Martin.<strong data-node-id=\"27.1\"> Creo que son amigos de verdad, no vienen solo a trabajar el fin de semana. Les sigo durante los parones y van a correr juntos,<\/strong> van a montar en bici juntos, van a hacer canoa juntos, hacen turismo juntos&#8230; Ese tipo de relaci\u00f3n entre los mec\u00e1nicos del coche 14 es lo que no he visto nunca en mi vida. Puedo sentirlo, cuando llego al box somos una familia\u201d, dec\u00eda Fernando Alonso. <\/p>\n<p data-journey-content=\"true\" data-node-id=\"29\" class=\"css-6wxqfj emevuu60\">Es as\u00ed como el expiloto ha querido hablar sobre el futuro de Aston Martin, asegurando que Oscar Piastri y Charles Leclerc podr\u00edan ser dos buenas opciones. <\/p>\n","protected":false},"excerpt":{"rendered":"En los \u00faltimos a\u00f1os, la F\u00f3rmula 1 ha acogido un t\u00e9rmino pocas veces visto con anterioridad en la&hellip;\n","protected":false},"author":2,"featured_media":221141,"comment_status":"","ping_status":"","sticky":false,"template":"","format":"standard","meta":{"footnotes":""},"categories":[93],"tags":[168,253,25,24,23,167],"class_list":{"0":"post-221140","1":"post","2":"type-post","3":"status-publish","4":"format-standard","5":"has-post-thumbnail","7":"category-deportes","8":"tag-deportes","9":"tag-discover","10":"tag-es","11":"tag-espana","12":"tag-spain","13":"tag-sports"},"share_on_mastodon":{"url":"https:\/\/pubeurope.com\/@es\/115501498902368076","error":""},"_links":{"self":[{"href":"https:\/\/www.europesays.com\/es\/wp-json\/wp\/v2\/posts\/221140","targetHints":{"allow":["GET"]}}],"collection":[{"href":"https:\/\/www.europesays.com\/es\/wp-json\/wp\/v2\/posts"}],"about":[{"href":"https:\/\/www.europesays.com\/es\/wp-json\/wp\/v2\/types\/post"}],"author":[{"embeddable":true,"href":"https:\/\/www.europesays.com\/es\/wp-json\/wp\/v2\/users\/2"}],"replies":[{"embeddable":true,"href":"https:\/\/www.europesays.com\/es\/wp-json\/wp\/v2\/comments?post=221140"}],"version-history":[{"count":0,"href":"https:\/\/www.europesays.com\/es\/wp-json\/wp\/v2\/posts\/221140\/revisions"}],"wp:featuredmedia":[{"embeddable":true,"href":"https:\/\/www.europesays.com\/es\/wp-json\/wp\/v2\/media\/221141"}],"wp:attachment":[{"href":"https:\/\/www.europesays.com\/es\/wp-json\/wp\/v2\/media?parent=221140"}],"wp:term":[{"taxonomy":"category","embeddable":true,"href":"https:\/\/www.europesays.com\/es\/wp-json\/wp\/v2\/categories?post=221140"},{"taxonomy":"post_tag","embeddable":true,"href":"https:\/\/www.europesays.com\/es\/wp-json\/wp\/v2\/tags?post=221140"}],"curies":[{"name":"wp","href":"https:\/\/api.w.org\/{rel}","templated":true}]}}