{"id":221158,"date":"2025-11-06T07:26:20","date_gmt":"2025-11-06T07:26:20","guid":{"rendered":"https:\/\/www.europesays.com\/es\/221158\/"},"modified":"2025-11-06T07:26:20","modified_gmt":"2025-11-06T07:26:20","slug":"pablo-campos-presenta-este-jueves-el-libro-campus-inclusivos-arquitectura-discapacidad-y-sensibilidad-humana","status":"publish","type":"post","link":"https:\/\/www.europesays.com\/es\/221158\/","title":{"rendered":"Pablo Campos presenta este jueves el libro &#8216;Campus inclusivos Arquitectura, discapacidad y sensibilidad humana&#8217;"},"content":{"rendered":"<p class=\"paragraph\">El doctor arquitecto,<b> Pablo Campos Calvo-Sotelo<\/b>, presenta el libro titulado &#8216;<b>Campus Inclusivos: Arquitectura, Discapacidad y Sensibilidad Humana<\/b>&#8216; que recoge los principales resultados del Proyecto I+D+i \u00abCampus Inclusivos y Arquitectura\u00bb. El Proyecto I+D+i se desarroll\u00f3 desde 2021 a 2025, por medio de un equipo de investigadores de la Universidad San Pablo CEU. La presentaci\u00f3n tendr\u00e1 lugar en el<b> Colegio de Arquitectos<\/b> en el aula A4, 2\u00ba planta, a las 19:00.<\/p>\n<p class=\"paragraph\">Su desarrollo ha supuesto un enriquecimiento y diversificaci\u00f3n en la extensa labor de exploraci\u00f3n e ideaci\u00f3n de la <b>dimensi\u00f3n urban\u00edstico-arquitect\u00f3nica<\/b> de las universidades liderada por su autor, Pablo Campos Calvo-Sotelo, quien ha contado en esta ocasi\u00f3n con la colaboraci\u00f3n de Sonia Izquierdo, Covadonga Lorenzo, Pedro L. Nieto y Teresa Ravent\u00f3s.<\/p>\n<p class=\"paragraph\">Desde el Colegio de Arquitectos se\u00f1alan que \u00abla <b>investigaci\u00f3n en este Proyecto<\/b> se ha caracterizado por unos rasgos innovadores. La singularidad de su contenido radica en la metodolog\u00eda de la investigaci\u00f3n llevada a cabo\u00bb.<\/p>\n<p class=\"paragraph\">En este sentido, se\u00f1alan que \u00abla columna vertebral del proceso fue la<b> consulta a m\u00e1s de 400 personas<\/b> con Discapacidad Intelectual sobre los impactos perceptivo-psicol\u00f3gicos que les generan diferentes tipolog\u00edas arquitect\u00f3nicas de universidades\u00bb.<\/p>\n<p class=\"paragraph\">Asimismo, subrayan que \u00abla consulta se estructur\u00f3 mediante una<b> serie de encuestas <\/b>que se dise\u00f1aron expresamente para la investigaci\u00f3n. Las preguntas versaban sobre la percepci\u00f3n psicol\u00f3gica de diversas tipolog\u00edas de espacios urban\u00edsticos-arquitect\u00f3nicos de complejos universitarios\u00bb.<\/p>\n<p class=\"paragraph\">La entidad remarca que \u00abse cont\u00f3 con la colaboraci\u00f3n de <b>18 universidades<\/b> y 8 Fundaciones en Espa\u00f1a, quienes organizaron las sesiones para realizar las encuestas a los grupos de voluntarios con Discapacidad Intelectual\u00bb.<\/p>\n<p class=\"paragraph\">\u00abLas preguntas se desglosaron e<b>n 3 grandes bloques<\/b>: escala urban\u00edstica (campus); escala arquitect\u00f3nica (edificio); y escala m\u00ednima espacial (aula)\u00bb, a\u00f1ade el COAM.<\/p>\n<p class=\"paragraph\">El colegio se\u00f1ala que \u00ablas impresiones recibidas de los <b>400 voluntarios<\/b> con Discapacidad Intelectual sirvieron para generar finalmente un listado de criterios de excelencia con los que dise\u00f1ar en el futuro cualquier recinto universitario\u00bb.<\/p>\n","protected":false},"excerpt":{"rendered":"El doctor arquitecto, Pablo Campos Calvo-Sotelo, presenta el libro titulado &#8216;Campus Inclusivos: Arquitectura, Discapacidad y Sensibilidad Humana&#8216; que&hellip;\n","protected":false},"author":2,"featured_media":221159,"comment_status":"","ping_status":"","sticky":false,"template":"","format":"standard","meta":{"footnotes":""},"categories":[173],"tags":[229,233,231,230,232,234,146,147,25,24,23],"class_list":{"0":"post-221158","1":"post","2":"type-post","3":"status-publish","4":"format-standard","5":"has-post-thumbnail","7":"category-arte-y-diseno","8":"tag-arte","9":"tag-arte-y-diseno","10":"tag-arts","11":"tag-arts-and-design","12":"tag-design","13":"tag-diseno","14":"tag-entertainment","15":"tag-entretenimiento","16":"tag-es","17":"tag-espana","18":"tag-spain"},"share_on_mastodon":{"url":"https:\/\/pubeurope.com\/@es\/115501569333800124","error":""},"_links":{"self":[{"href":"https:\/\/www.europesays.com\/es\/wp-json\/wp\/v2\/posts\/221158","targetHints":{"allow":["GET"]}}],"collection":[{"href":"https:\/\/www.europesays.com\/es\/wp-json\/wp\/v2\/posts"}],"about":[{"href":"https:\/\/www.europesays.com\/es\/wp-json\/wp\/v2\/types\/post"}],"author":[{"embeddable":true,"href":"https:\/\/www.europesays.com\/es\/wp-json\/wp\/v2\/users\/2"}],"replies":[{"embeddable":true,"href":"https:\/\/www.europesays.com\/es\/wp-json\/wp\/v2\/comments?post=221158"}],"version-history":[{"count":0,"href":"https:\/\/www.europesays.com\/es\/wp-json\/wp\/v2\/posts\/221158\/revisions"}],"wp:featuredmedia":[{"embeddable":true,"href":"https:\/\/www.europesays.com\/es\/wp-json\/wp\/v2\/media\/221159"}],"wp:attachment":[{"href":"https:\/\/www.europesays.com\/es\/wp-json\/wp\/v2\/media?parent=221158"}],"wp:term":[{"taxonomy":"category","embeddable":true,"href":"https:\/\/www.europesays.com\/es\/wp-json\/wp\/v2\/categories?post=221158"},{"taxonomy":"post_tag","embeddable":true,"href":"https:\/\/www.europesays.com\/es\/wp-json\/wp\/v2\/tags?post=221158"}],"curies":[{"name":"wp","href":"https:\/\/api.w.org\/{rel}","templated":true}]}}