{"id":221173,"date":"2025-11-06T07:37:08","date_gmt":"2025-11-06T07:37:08","guid":{"rendered":"https:\/\/www.europesays.com\/es\/221173\/"},"modified":"2025-11-06T07:37:08","modified_gmt":"2025-11-06T07:37:08","slug":"los-jovenes-espanoles-cada-vez-mas-precarios-25-millones-viven-en-pobreza-o-exclusion-el-pais-expres","status":"publish","type":"post","link":"https:\/\/www.europesays.com\/es\/221173\/","title":{"rendered":"Los j\u00f3venes espa\u00f1oles, cada vez m\u00e1s precarios: 2,5 millones viven en pobreza o exclusi\u00f3n | El PA\u00cdS Expr\u00e9s"},"content":{"rendered":"<p><img fetchpriority=\"high\" alt=\"Transporte escolar en Extremadura\" decoding=\"auto\" class=\"_re  a_m-h\" height=\"414\"  width=\"414\"  src=\"https:\/\/www.europesays.com\/es\/wp-content\/uploads\/2025\/11\/3TBAH2IASNBT5CMWRS2HG3GMHQ.jpg\" loading=\"eager\"\/>M\u00c9RIDA (ESPA\u00d1A), 11\/09\/2025.- Varios alumnos a su llegada al primer d\u00eda de colegio en el inicio este jueves del curso escolar 2025\/2026 en M\u00e9rida, Extremadura donde las dudas sobre el servicio del trasporte escolar, en cuanto que hay 223 rutas que a\u00fan no tienen confirmada la prestaci\u00f3n de este servicio, marcan el inicio de este curso, con un descenso de alumnos en Infantil y Primaria, y un incremento de docentes y de la oferta de FP. EFE\/ Jero Morales&#13;<br \/>\nFoto: Jero Morales (EFE)<\/p>\n<p class=\"\">La econom\u00eda espa\u00f1ola crece, pero esta bonanza no beneficia a toda la poblaci\u00f3n por igual. Los m\u00e1s afectados son los ni\u00f1os y los adolescentes.<\/p>\n<ul>\n<li>2,5 millones de j\u00f3venes espa\u00f1oles viven en situaci\u00f3n de exclusi\u00f3n social, seg\u00fan el \u00faltimo informe FOESSA, elaborado por la fundaci\u00f3n vinculada a C\u00e1ritas.<\/li>\n<li>En total, 9,4 millones de personas sufren alg\u00fan tipo de exclusi\u00f3n social en Espa\u00f1a.<\/li>\n<\/ul>\n<p class=\"\"><b>\u00bfPor qu\u00e9 los j\u00f3venes resultan tan afectados?<\/b> Los nacidos entre 1996 y 2007 (que tienen entre 18 y 29 a\u00f1os) han crecido entre dos crisis sucesivas: la Gran Recesi\u00f3n y la pandemia de la covid.<\/p>\n<ul>\n<li>As\u00ed, los j\u00f3venes de hoy acceden a su primer empleo m\u00e1s tarde y en peores condiciones, con un salario entre un 15% y un 30% inferior al de las generaciones anteriores.<\/li>\n<li>De ellos, el 11% vive hoy en exclusi\u00f3n severa, un 83% m\u00e1s que en 2007.<\/li>\n<\/ul>\n<p class=\"\"><b>La educaci\u00f3n obligatoria ya no basta para escapar de la pobreza\u2026<\/b> El origen familiar y el lugar de nacimiento pesan m\u00e1s que el esfuerzo, y son los niveles educativos posobligatorios (Bachillerato y Formaci\u00f3n Profesional) los que determinan la movilidad social.<\/p>\n<p class=\"\">\u00a9Foto: Jero Morales (EFE)<\/p>\n<p class=\"\"><a href=\"https:\/\/elpais.com\/sociedad\/2025-11-05\/la-exclusion-severa-atrapa-a-25-millones-de-jovenes-en-espana-son-los-grandes-perdedores-del-modelo-socioeconomico-actual.html\" target=\"_self\" rel=\"nofollow noopener\" title=\"https:\/\/elpais.com\/sociedad\/2025-11-05\/la-exclusion-severa-atrapa-a-25-millones-de-jovenes-en-espana-son-los-grandes-perdedores-del-modelo-socioeconomico-actual.html\">Si quieres saber m\u00e1s, puedes leer aqu\u00ed.<\/a><\/p>\n","protected":false},"excerpt":{"rendered":"M\u00c9RIDA (ESPA\u00d1A), 11\/09\/2025.- Varios alumnos a su llegada al primer d\u00eda de colegio en el inicio este jueves&hellip;\n","protected":false},"author":2,"featured_media":221174,"comment_status":"","ping_status":"","sticky":false,"template":"","format":"standard","meta":{"footnotes":""},"categories":[8],"tags":[17,18,58857,18725,11167,2026,25,24,13,14,11,3624,6850,19,20,9,10,15,16,8375,7663,492,23,12,21,22],"class_list":{"0":"post-221173","1":"post","2":"type-post","3":"status-publish","4":"format-standard","5":"has-post-thumbnail","7":"category-espana","8":"tag-breaking-news","9":"tag-breakingnews","10":"tag-caritas-diocesana","11":"tag-desigualdad-economica","12":"tag-desigualdad-social","13":"tag-educacion","14":"tag-es","15":"tag-espana","16":"tag-featured-news","17":"tag-featurednews","18":"tag-headlines","19":"tag-infancia","20":"tag-juventud","21":"tag-latest-news","22":"tag-latestnews","23":"tag-news","24":"tag-noticias","25":"tag-noticias-destacadas","26":"tag-noticiasdestacadas","27":"tag-pobreza","28":"tag-problemas-sociales","29":"tag-sociedad","30":"tag-spain","31":"tag-titulares","32":"tag-ultimas-noticias","33":"tag-ultimasnoticias"},"share_on_mastodon":{"url":"","error":""},"_links":{"self":[{"href":"https:\/\/www.europesays.com\/es\/wp-json\/wp\/v2\/posts\/221173","targetHints":{"allow":["GET"]}}],"collection":[{"href":"https:\/\/www.europesays.com\/es\/wp-json\/wp\/v2\/posts"}],"about":[{"href":"https:\/\/www.europesays.com\/es\/wp-json\/wp\/v2\/types\/post"}],"author":[{"embeddable":true,"href":"https:\/\/www.europesays.com\/es\/wp-json\/wp\/v2\/users\/2"}],"replies":[{"embeddable":true,"href":"https:\/\/www.europesays.com\/es\/wp-json\/wp\/v2\/comments?post=221173"}],"version-history":[{"count":0,"href":"https:\/\/www.europesays.com\/es\/wp-json\/wp\/v2\/posts\/221173\/revisions"}],"wp:featuredmedia":[{"embeddable":true,"href":"https:\/\/www.europesays.com\/es\/wp-json\/wp\/v2\/media\/221174"}],"wp:attachment":[{"href":"https:\/\/www.europesays.com\/es\/wp-json\/wp\/v2\/media?parent=221173"}],"wp:term":[{"taxonomy":"category","embeddable":true,"href":"https:\/\/www.europesays.com\/es\/wp-json\/wp\/v2\/categories?post=221173"},{"taxonomy":"post_tag","embeddable":true,"href":"https:\/\/www.europesays.com\/es\/wp-json\/wp\/v2\/tags?post=221173"}],"curies":[{"name":"wp","href":"https:\/\/api.w.org\/{rel}","templated":true}]}}