{"id":221214,"date":"2025-11-06T08:18:10","date_gmt":"2025-11-06T08:18:10","guid":{"rendered":"https:\/\/www.europesays.com\/es\/221214\/"},"modified":"2025-11-06T08:18:10","modified_gmt":"2025-11-06T08:18:10","slug":"mapa-del-cerebro-en-desarrollo-revela-el-origen-de-los-trastornos","status":"publish","type":"post","link":"https:\/\/www.europesays.com\/es\/221214\/","title":{"rendered":"Mapa del cerebro en desarrollo revela el origen de los trastornos"},"content":{"rendered":"<p>Ahora, una serie de doce art\u00edculos publicados de forma coordinada\u00a0<a href=\"https:\/\/www.nature.com\/collections\/gjdefhadcj\" target=\"_blank\" rel=\"noreferrer noopener nofollow\">Nature<\/a>\u00a0por el consorcio internacional\u00a0<a href=\"https:\/\/www.portal.brain-bican.org\/\" target=\"_blank\" rel=\"noreferrer noopener nofollow\">BRAIN Initiative Cell Atlas Network (BICAN)<\/a>\u00a0ofrece el primer retrato din\u00e1mico y comparativo del cerebro en desarrollo, desde el rat\u00f3n hasta el ser humano.<\/p>\n<p>Los investigadores han utilizado\u00a0<strong>tecnolog\u00edas de c\u00e9lula \u00fanica<\/strong>\u00a0y herramientas espaciales para seguir\u00a0<strong>c\u00f3mo las c\u00e9lulas madre se transforman en neuronas y gl\u00edas<\/strong>, c\u00f3mo se regula la actividad g\u00e9nica durante el desarrollo y de qu\u00e9 forma las experiencias sensoriales y el entorno influyen en la identidad de las c\u00e9lulas del cerebro. Los resultados muestran que los tipos celulares no aparecen en fases fijas, sino en oleadas superpuestas, y que algunos programas de desarrollo pueden reactivarse en la edad adulta o en enfermedades.<\/p>\n<p><img loading=\"lazy\" decoding=\"async\" width=\"1299\" height=\"768\" src=\"https:\/\/www.europesays.com\/es\/wp-content\/uploads\/2025\/11\/corteza-cerebro-raton-Gao-et-al.jpg\" alt=\"El mayor mapa del cerebro en desarrollo revela las fases en las que se originan los trastornos neurol\u00f3gicos\" class=\"wp-image-70710 lazyload\" data-  \/>Mapa transcript\u00f3mico del desarrollo de la corteza visual del rat\u00f3n, donde se observa la diversificaci\u00f3n progresiva de los tipos celulares desde un progenitor com\u00fan hasta las capas adultas. \/ Gao et al. \/ Nature \/ Allen Institute<\/p>\n<p>\u201cEstos atlas ofrecen un plano detallado de c\u00f3mo los diferentes tipos de c\u00e9lulas del cerebro emergen y maduran con el tiempo\u201d, explica\u00a0<strong>Hongkui Zeng<\/strong>, directora de ciencias del cerebro en el Instituto Allen y coautora principal. \u201cAl conocer cu\u00e1ndo y d\u00f3nde se activan los genes clave durante el desarrollo, podemos empezar a entender c\u00f3mo las alteraciones en ese proceso conducen a trastornos como el autismo o la esquizofrenia\u201d.<\/p>\n<p><a href=\"https:\/\/twitter.com\/intent\/tweet?url=https%3A%2F%2Fwww.agenciasinc.es%2FNoticias%2FEl-mayor-mapa-del-cerebro-en-desarrollo-revela-las-fases-en-las-que-se-originan-los-trastornos-neurologicos&amp;via=agencia_sinc&amp;text=%22Al%20conocer%20cu%C3%A1ndo%20y%20d%C3%B3nde%20se%20activan%20los%20genes%20clave%20durante%20el%20desarrollo%2C%20podemos%20empezar%20a%20entender%20c%C3%B3mo%20las%20alteraciones%20en%20ese%20proceso%20conducen%20a%20trastornos%20como%20el%20autismo%20o%20la%20esquizofrenia%22\" target=\"_blank\" rel=\"noreferrer noopener nofollow\">\u00a0<a href=\"https:\/\/www.facebook.com\/sharer.php?u=https%3A%2F%2Fwww.agenciasinc.es%2FNoticias%2FEl-mayor-mapa-del-cerebro-en-desarrollo-revela-las-fases-en-las-que-se-originan-los-trastornos-neurologicos&amp;t=%22Al%20conocer%20cu%C3%A1ndo%20y%20d%C3%B3nde%20se%20activan%20los%20genes%20clave%20durante%20el%20desarrollo%2C%20podemos%20empezar%20a%20entender%20c%C3%B3mo%20las%20alteraciones%20en%20ese%20proceso%20conducen%20a%20trastornos%20como%20el%20autismo%20o%20la%20esquizofrenia%22\" target=\"_blank\" rel=\"noreferrer noopener nofollow\">Los estudios, respaldados por la BRAIN Initiative del Instituto Nacional de Salud de EE UU (NIH), revelan adem\u00e1s que la diversificaci\u00f3n de los tipos neuronales contin\u00faa tras el nacimiento, especialmente en las c\u00e9lulas GABA\u00e9rgicas \u2014que regulan la actividad cerebral\u2014 y en la corteza visual. En esta regi\u00f3n,\u00a0<strong>nuevas clases de neuronas se forman durante momentos clave<\/strong>\u00a0como la apertura de los ojos o las\u00a0<strong>primeras experiencias visuales<\/strong>, lo que demuestra que las influencias sensoriales moldean el desarrollo cerebral mucho m\u00e1s de lo que se cre\u00eda.<\/p>\n<p><img loading=\"lazy\" decoding=\"async\" class=\"alignnone size-full wp-image-70711 alignright lazyload\" src=\"https:\/\/www.europesays.com\/es\/wp-content\/uploads\/2025\/11\/nature-portada-51125.png\" alt=\"El mayor mapa del cerebro en desarrollo revela las fases en las que se originan los trastornos neurol\u00f3gicos\" width=\"300\" height=\"418\"\/><\/p>\n<p>Adaptaci\u00f3n del cerebro<\/p>\n<p>Seg\u00fan comenta Zeng a SINC, \u201cel hallazgo m\u00e1s revelador ha sido descubrir que las c\u00e9lulas cerebrales contin\u00faan cambiando y diversific\u00e1ndose durante todo el periodo posnatal\u201d. A su juicio, esta prolongada diversificaci\u00f3n \u201cpodr\u00eda estar detr\u00e1s de la capacidad del cerebro para aprender, adaptarse y\u00a0<strong>adquirir nuevas habilidades<\/strong>, pero tambi\u00e9n hacerlo m\u00e1s vulnerable a influencias externas y, al mismo tiempo, m\u00e1s capaz de corregir disfunciones\u201d.<\/p>\n<p>Esta prolongaci\u00f3n del desarrollo, a\u00f1ade, \u201cnos obliga a replantear c\u00f3mo entendemos las causas de los trastornos neuropsiqui\u00e1tricos: distintos des\u00f3rdenes podr\u00edan implicar alteraciones sutiles en etapas espec\u00edficas de este proceso, afectando a determinados tipos de c\u00e9lulas o mecanismos celulares, lo que abre tambi\u00e9n\u00a0<strong>oportunidades para la intervenci\u00f3n<\/strong>\u201d.<\/p>\n<p>Entre los descubrimientos m\u00e1s destacados del equipo del Allen Institute se encuentra la identificaci\u00f3n de una c\u00e9lula progenitora humana que podr\u00eda estar vinculada al glioblastoma \u2014un tipo de\u00a0<strong>c\u00e1ncer cerebral<\/strong>\u2014 y la localizaci\u00f3n de\u00a0<strong>ventanas temporales<\/strong>\u00a0en las que se concentran los riesgos gen\u00e9ticos de trastornos psiqui\u00e1tricos.<\/p>\n<p>Proceso \u00fanico de maduraci\u00f3n retardada<\/p>\n<p>Comparar el desarrollo del cerebro entre especies, desde el rat\u00f3n hasta el ser humano, ha permitido identificar tanto rasgos comunes como caracter\u00edsticas exclusivas. Sin embargo, \u201clo m\u00e1s dif\u00edcil de estudiar o modelar en el cerebro humano es su\u00a0<strong>prolongado desarrollo posnatal<\/strong>, que puede durar unos 20 a\u00f1os, frente a los 35 d\u00edas del rat\u00f3n\u201d, se\u00f1ala la investigadora. \u201cEl cerebro humano tiene un proceso \u00fanico de maduraci\u00f3n retardada, llamado\u00a0neotenia, que podr\u00eda ser la base de capacidades como el lenguaje o la inteligencia, pero precisamente esa duraci\u00f3n lo hace muy dif\u00edcil de capturar experimentalmente\u201d.<\/p>\n<p><a href=\"https:\/\/twitter.com\/intent\/tweet?url=https%3A%2F%2Fwww.agenciasinc.es%2FNoticias%2FEl-mayor-mapa-del-cerebro-en-desarrollo-revela-las-fases-en-las-que-se-originan-los-trastornos-neurologicos&amp;via=agencia_sinc&amp;text=%22BICAN%20pretende%20crear%20mapas%20completos%20del%20desarrollo%20celular%20en%20todo%20el%20cerebro%20animal%2C%20superponer%20los%20datos%20humanos%20disponibles%20y%20alinear%20los%20resultados%20entre%20especies%20para%20llenar%20los%20vac%C3%ADos%20cr%C3%ADticos%20en%20nuestro%20conocimiento%22\" target=\"_blank\" rel=\"noreferrer noopener nofollow\">\u00a0<a href=\"https:\/\/www.facebook.com\/sharer.php?u=https%3A%2F%2Fwww.agenciasinc.es%2FNoticias%2FEl-mayor-mapa-del-cerebro-en-desarrollo-revela-las-fases-en-las-que-se-originan-los-trastornos-neurologicos&amp;t=%22BICAN%20pretende%20crear%20mapas%20completos%20del%20desarrollo%20celular%20en%20todo%20el%20cerebro%20animal%2C%20superponer%20los%20datos%20humanos%20disponibles%20y%20alinear%20los%20resultados%20entre%20especies%20para%20llenar%20los%20vac%C3%ADos%20cr%C3%ADticos%20en%20nuestro%20conocimiento%22\" target=\"_blank\" rel=\"noreferrer noopener nofollow\">De cara al futuro, la cient\u00edfica indica a SINC que el consorcio BICAN pretende \u201ccrear mapas completos del desarrollo celular en todo el cerebro animal, superponer los datos humanos disponibles y alinear los resultados entre especies para llenar los vac\u00edos cr\u00edticos en nuestro conocimiento\u201d.<\/p>\n<p>El objetivo, a\u00f1ade, \u201ces realizar an\u00e1lisis computacionales y simulaciones a gran escala para entender las fuerzas moleculares que impulsan el desarrollo del cerebro y, a partir de ah\u00ed, iniciar estudios funcionales que expliquen c\u00f3mo surgen la sensaci\u00f3n, el comportamiento y otras funciones cerebrales con el tiempo\u201d.<a\/><\/p>\n<p>\u00bfQu\u00e9 hace \u00fanico al cerebro humano?<\/p>\n<p>Seg\u00fan Zeng, este esfuerzo tendr\u00e1 un triple impacto: \u201cPrimero, comprenderemos mejor qu\u00e9 hace \u00fanico al cerebro humano. Segundo, podremos estudiar con mayor precisi\u00f3n cu\u00e1ndo y d\u00f3nde cambian los cerebros enfermos, tanto en tejidos humanos como en modelos animales. Y tercero, este conocimiento nos permitir\u00e1 dise\u00f1ar mejores modelos\u00a0in vitro\u00a0y terapias m\u00e1s precisas basadas en genes y c\u00e9lulas para tratar enfermedades neuropsiqui\u00e1tricas\u201d.<\/p>\n<p>La colecci\u00f3n de datos del BICAN constituye\u00a0<strong>un recurso fundamental para futuros estudios<\/strong>\u00a0que busquen relacionar etapas del desarrollo con la vulnerabilidad a enfermedades. Tambi\u00e9n servir\u00e1 para mejorar el dise\u00f1o de organoides cerebrales y modelos animales, y para desarrollar terapias dirigidas a periodos cr\u00edticos del desarrollo. Aunque a\u00fan quedan regiones cerebrales por estudiar y retos en la integraci\u00f3n de los datos, los investigadores aseguran que estos primeros atlas son un paso decisivo hacia una\u00a0<strong>comprensi\u00f3n completa del cerebro en crecimiento<\/strong>.<\/p>\n<p><strong>Referencia<\/strong>:<\/p>\n<p>La colecci\u00f3n de 12 art\u00edculos sobre el cerebro en desarrollo:\u00a0<a target=\"_blank\" href=\"https:\/\/www.nature.com\/collections\/gjdefhadcj\" rel=\"noreferrer noopener nofollow\">Nature<\/a>\u00a0(2025).<\/p>\n<p>Fuente:\u00a0 <strong>SINC<\/strong><\/p>\n<p><script async src=\"https:\/\/platform.twitter.com\/widgets.js\" charset=\"utf-8\"><\/script><\/p>\n","protected":false},"excerpt":{"rendered":"Ahora, una serie de doce art\u00edculos publicados de forma coordinada\u00a0Nature\u00a0por el consorcio internacional\u00a0BRAIN Initiative Cell Atlas Network (BICAN)\u00a0ofrece&hellip;\n","protected":false},"author":2,"featured_media":221215,"comment_status":"","ping_status":"","sticky":false,"template":"","format":"standard","meta":{"footnotes":""},"categories":[92],"tags":[2670,25,24,165,58859,166,23,58860],"class_list":{"0":"post-221214","1":"post","2":"type-post","3":"status-publish","4":"format-standard","5":"has-post-thumbnail","7":"category-salud","8":"tag-cerebro","9":"tag-es","10":"tag-espana","11":"tag-health","12":"tag-mapa-cerebro","13":"tag-salud","14":"tag-spain","15":"tag-trastornos-neurologiicos"},"share_on_mastodon":{"url":"https:\/\/pubeurope.com\/@es\/115501774183652042","error":""},"_links":{"self":[{"href":"https:\/\/www.europesays.com\/es\/wp-json\/wp\/v2\/posts\/221214","targetHints":{"allow":["GET"]}}],"collection":[{"href":"https:\/\/www.europesays.com\/es\/wp-json\/wp\/v2\/posts"}],"about":[{"href":"https:\/\/www.europesays.com\/es\/wp-json\/wp\/v2\/types\/post"}],"author":[{"embeddable":true,"href":"https:\/\/www.europesays.com\/es\/wp-json\/wp\/v2\/users\/2"}],"replies":[{"embeddable":true,"href":"https:\/\/www.europesays.com\/es\/wp-json\/wp\/v2\/comments?post=221214"}],"version-history":[{"count":0,"href":"https:\/\/www.europesays.com\/es\/wp-json\/wp\/v2\/posts\/221214\/revisions"}],"wp:featuredmedia":[{"embeddable":true,"href":"https:\/\/www.europesays.com\/es\/wp-json\/wp\/v2\/media\/221215"}],"wp:attachment":[{"href":"https:\/\/www.europesays.com\/es\/wp-json\/wp\/v2\/media?parent=221214"}],"wp:term":[{"taxonomy":"category","embeddable":true,"href":"https:\/\/www.europesays.com\/es\/wp-json\/wp\/v2\/categories?post=221214"},{"taxonomy":"post_tag","embeddable":true,"href":"https:\/\/www.europesays.com\/es\/wp-json\/wp\/v2\/tags?post=221214"}],"curies":[{"name":"wp","href":"https:\/\/api.w.org\/{rel}","templated":true}]}}