{"id":221222,"date":"2025-11-06T08:23:12","date_gmt":"2025-11-06T08:23:12","guid":{"rendered":"https:\/\/www.europesays.com\/es\/221222\/"},"modified":"2025-11-06T08:23:12","modified_gmt":"2025-11-06T08:23:12","slug":"el-juez-concluye-que-no-hubo-dano-economico-a-la-diputacion-de-valencia-por-el-titulo-falso-de-jose-maria-angel","status":"publish","type":"post","link":"https:\/\/www.europesays.com\/es\/221222\/","title":{"rendered":"El juez concluye que no hubo da\u00f1o econ\u00f3mico a la Diputaci\u00f3n de Valencia por el t\u00edtulo falso de Jos\u00e9 Mar\u00eda \u00c1ngel"},"content":{"rendered":"<p style=\"\">El titular del Juzgado de Instrucci\u00f3n n\u00famero 4 de Valencia ha desestimado el recurso de reforma formulado por la Fiscal\u00eda ante el sobreseimiento libre de la causa abierta por una supuesta <a href=\"https:\/\/www.abc.es\/espana\/comunidad-valenciana\/diputacion-valencia-pide-reabrir-causa-titulo-falso-20251028101059-nt.html\" target=\"_blank\" data-voc-vtm-id=\"in-text-traffic\" title=\"falsificaci\u00f3n de un t\u00edtulo\" rel=\"nofollow noopener\">falsificaci\u00f3n de un t\u00edtulo<\/a> de diplomatura contra el excomisionado del Gobierno para la  &#8230; reconstrucci\u00f3n tras la dana<strong> Jos\u00e9 Mar\u00eda \u00c1ngel<\/strong>. El magistrado reitera que el presunto delito del que se le acusa ha quedado prescrito.<\/p>\n<p class=\"voc-p\" style=\"\">As\u00ed consta en un auto notificado este mi\u00e9rcoles, en el que se\u00f1ala que ha quedado extinguida la responsabilidad penal respecto a la supuesta falsedad documental derivada de la falsificaci\u00f3n en 1983 de un t\u00edtulo de diplomado en archiv\u00edstica y biblioteconom\u00eda, cuyas circunstancias, por otro lado, no aclarado el hist\u00f3rico exdirigente socialista. <\/p>\n<p class=\"voc-p\" style=\"\">Asimismo, concreta que no se trata de un delito continuado, puesto que de la documentaci\u00f3n proveniente de la <strong>Diputaci\u00f3n Provincial de Valencia<\/strong> se desprende que el denunciado no precisaba del t\u00edtulo presuntamente falsificado para acceder a la corporaci\u00f3n, lo que \u00abconfirma la procedencia del sobreseimiento libre de las actuaciones\u00bb.<\/p>\n<p class=\"voc-p\" style=\"\">El auto, adem\u00e1s, cita jurisprudencia del Tribunal Supremo y recoge que el hecho de que los efectos del delito permanezcan en el tiempo \u00abno quiere decir que deje de ser un delito instant\u00e1neo y, por tanto, ha de computarse como d\u00eda inicial de la prescripci\u00f3n la fecha en el que el delito qued\u00f3 consumado\u00bb.<\/p>\n<p class=\"voc-p\" style=\"\">\u00abLa permanencia dilatada del t\u00edtulo, operando en el tr\u00e1fico jur\u00eddico, no puede transmutar la esencia de un delito de consumaci\u00f3n instant\u00e1nea en un delito permanente, ni tampoco en un delito continuado de falsedad, dado que el documento falsificado es solo uno\u00bb, abunda el instructor. Del mismo modo, aunque la Fiscal\u00eda alude en su recurso al hecho de que se est\u00e1n investigando otros hechos y otras personas, en las diligencias preprocesales de investigaci\u00f3n remitidas al juzgado por la acusaci\u00f3n p\u00fablica \u00abno se incluye lo anteriormente expuesto\u00bb, matiza el juez.<\/p>\n<p class=\"voc-p\" style=\"\">La investigaci\u00f3n del ministerio fiscal y las diligencias que se hayan encomendado por \u00e9sta a la Polic\u00eda Judicial \u00abno aparecen acordadas en el decreto remitido por la Fiscal\u00eda\u00bb, indica. Es por ello, seg\u00fan el magistrado, que esas diligencias \u00abhan de recaer en consecuencia sobre otros extremos distintos al objeto de la denuncia, no sobre los que se ha acordado el sobreseimiento libre de las actuaciones: la falsedad el documento referido; o deber\u00e1n versar sobre otros hechos y personas desligadas de lo resuelto en el auto por el que se archivaba la denuncia por prescripci\u00f3n\u00bb.<\/p>\n<p class=\"voc-p\" style=\"\">El instructor tambi\u00e9n analiza las alegaciones formuladas por la Diputaci\u00f3n Provincial de Valencia, <a href=\"https:\/\/www.abc.es\/espana\/comunidad-valenciana\/diputacion-valencia-pide-reabrir-causa-titulo-falso-20251028101059-nt.html\" target=\"_blank\" data-voc-vtm-id=\"in-text-traffic\" title=\"de las que inform\u00f3 ABC\" rel=\"nofollow noopener\">de las que inform\u00f3 ABC<\/a>, en su solicitud de personaci\u00f3n en este procedimiento y concluye que no consta ni se acredita que la carencia de titulaci\u00f3n por parte del denunciado \u00abredundara en perjuicio patrimonial para la Administraci\u00f3n\u00bb.<\/p>\n<p class=\"voc-p\" style=\"\">\u00abEl denunciado <strong>realiz\u00f3 su trabajo como funcionario<\/strong> de la Diputaci\u00f3n, por lo que habr\u00eda de recibir la oportuna remuneraci\u00f3n\u00bb, puntualiza el juez, que matiza a continuaci\u00f3n: \u00abCuesti\u00f3n distinta es que no hubiera trabajado, o que la carencia de titulaci\u00f3n que se alega hubiera producido un perjuicio patrimonial\u00bb.<\/p>\n<p class=\"voc-p\" style=\"\">\u00abA lo anterior ha de sumarse que el delito de estafa precisa de un dolo inicial y, si para el acceso al concreto puesto de trabajo de la Administraci\u00f3n, no precisaba de la titulaci\u00f3n exigida, dif\u00edcilmente se producir\u00eda dicho elemento esencial del delito de estafa\u00bb, seg\u00fan se establece en el auto, que puede ser recurrido en apelaci\u00f3n ante la Audiencia Provincial.<\/p>\n<p>\nDenuncia de Manos Limpias\n<\/p>\n<p class=\"voc-p\" style=\"\">Por otro lado, en una segunda resoluci\u00f3n, el titular del juzgado ha inadmitido a tr\u00e1mite la recusaci\u00f3n contra \u00e9l formulada por el colectivo que denunci\u00f3 inicialmente al excomisionado de la Dana, <strong>Manos Limpias<\/strong>, ya que esta organizaci\u00f3n no es parte en el procedimiento al no haber presentado querella para ejercer la acci\u00f3n popular.<\/p>\n<p class=\"voc-p\" style=\"\">Asimismo, tampoco consta que las denuncias o querellas contra el instructor a las cuales hace referencia la representaci\u00f3n de la entidad para sustentar la recusaci\u00f3n \u00abhayan sido admitidas a tr\u00e1mite por el TSJ\u00bb. \u00abEn definitiva, ni ostentan legitimaci\u00f3n la entidad denunciante dado que no se ha constituido como acusaci\u00f3n popular hasta el momento (&#8230;) ni concurre ninguna de las causas de la LOPJ (Ley Org\u00e1nica del Poder Judicial) de recusaci\u00f3n dado que ni las denuncias o querellas contra este juez no consta que se hayan admitido\u00bb, recuerda el magistrado.<\/p>\n<p class=\"voc-p\" style=\"\">Igualmente, tampoco \u00abexiste elemento alguno que justifique una alegada enemistad manifiesta, ni se aporta un principio de prueba, constituyendo en definitiva un fraude procesal destinado a sortear el juez ordinario predeterminado por la ley, lo que ha de rechazarse de plano\u00bb, finaliza.<\/p>\n","protected":false},"excerpt":{"rendered":"El titular del Juzgado de Instrucci\u00f3n n\u00famero 4 de Valencia ha desestimado el recurso de reforma formulado por&hellip;\n","protected":false},"author":2,"featured_media":221223,"comment_status":"","ping_status":"","sticky":false,"template":"","format":"standard","meta":{"footnotes":""},"categories":[8],"tags":[2594,17,18,14734,5957,7821,8333,25,24,1424,13,14,11,2467,1664,19,20,1932,9,10,15,16,23,12,2349,21,22,235],"class_list":{"0":"post-221222","1":"post","2":"type-post","3":"status-publish","4":"format-standard","5":"has-post-thumbnail","7":"category-espana","8":"tag-angel","9":"tag-breaking-news","10":"tag-breakingnews","11":"tag-concluye","12":"tag-dano","13":"tag-diputacion","14":"tag-economico","15":"tag-es","16":"tag-espana","17":"tag-falso","18":"tag-featured-news","19":"tag-featurednews","20":"tag-headlines","21":"tag-jose","22":"tag-juez","23":"tag-latest-news","24":"tag-latestnews","25":"tag-maria","26":"tag-news","27":"tag-noticias","28":"tag-noticias-destacadas","29":"tag-noticiasdestacadas","30":"tag-spain","31":"tag-titulares","32":"tag-titulo","33":"tag-ultimas-noticias","34":"tag-ultimasnoticias","35":"tag-valencia"},"share_on_mastodon":{"url":"https:\/\/pubeurope.com\/@es\/115501793627985041","error":""},"_links":{"self":[{"href":"https:\/\/www.europesays.com\/es\/wp-json\/wp\/v2\/posts\/221222","targetHints":{"allow":["GET"]}}],"collection":[{"href":"https:\/\/www.europesays.com\/es\/wp-json\/wp\/v2\/posts"}],"about":[{"href":"https:\/\/www.europesays.com\/es\/wp-json\/wp\/v2\/types\/post"}],"author":[{"embeddable":true,"href":"https:\/\/www.europesays.com\/es\/wp-json\/wp\/v2\/users\/2"}],"replies":[{"embeddable":true,"href":"https:\/\/www.europesays.com\/es\/wp-json\/wp\/v2\/comments?post=221222"}],"version-history":[{"count":0,"href":"https:\/\/www.europesays.com\/es\/wp-json\/wp\/v2\/posts\/221222\/revisions"}],"wp:featuredmedia":[{"embeddable":true,"href":"https:\/\/www.europesays.com\/es\/wp-json\/wp\/v2\/media\/221223"}],"wp:attachment":[{"href":"https:\/\/www.europesays.com\/es\/wp-json\/wp\/v2\/media?parent=221222"}],"wp:term":[{"taxonomy":"category","embeddable":true,"href":"https:\/\/www.europesays.com\/es\/wp-json\/wp\/v2\/categories?post=221222"},{"taxonomy":"post_tag","embeddable":true,"href":"https:\/\/www.europesays.com\/es\/wp-json\/wp\/v2\/tags?post=221222"}],"curies":[{"name":"wp","href":"https:\/\/api.w.org\/{rel}","templated":true}]}}