{"id":221257,"date":"2025-11-06T08:57:11","date_gmt":"2025-11-06T08:57:11","guid":{"rendered":"https:\/\/www.europesays.com\/es\/221257\/"},"modified":"2025-11-06T08:57:11","modified_gmt":"2025-11-06T08:57:11","slug":"la-conmovedora-confesion-de-manu-tenorio-sobre-su-depresion-y-el-papel-clave-de-su-mujer-me-dio-un-ultimatum","status":"publish","type":"post","link":"https:\/\/www.europesays.com\/es\/221257\/","title":{"rendered":"La conmovedora confesi\u00f3n de Manu Tenorio sobre su depresi\u00f3n y el papel clave de su mujer: \u00abMe dio un ultim\u00e1tum\u00bb"},"content":{"rendered":"<p id=\"eZ-qaH12N8\" data-wc=\"119\">Fue el pasado s\u00e1bado 13 de septiembre cuando<a class=\"hm-link ho-link\" href=\"https:\/\/www.hola.com\/actualidad\/20250314820107\/manu-tenorio-silvia-casas-reaparecen-juntos\/\" data-mrf-recirculation=\"article-body-link\" rel=\"nofollow noopener\" target=\"_blank\">\u00a0Manu Tenorio se embarc\u00f3 en la gran aventura de participar en Bailando con las Estrellas<\/a>. Desde entonces, el artista lo est\u00e1 dando todo, no solo sobre los escenarios, sino tambi\u00e9n moviendo el cuerpo al comp\u00e1s de la m\u00fasica. Durante la octava gala, y tras su actuaci\u00f3n, el cantante protagoniz\u00f3 uno de los momentos m\u00e1s emotivos de su paso por el programa, pues en su valoraci\u00f3n quiso destacar el papel fundamental que desempe\u00f1a en su vida su esposa, Silvia Casas, con quien se dio el \u201cs\u00ed, quiero\u201d el 10 de octubre de 2008, tras dos a\u00f1os de noviazgo, en una ceremonia religiosa celebrada en la Finca El Campillo, en El Escorial, Madrid.<\/p>\n<p> <img src=\"https:\/\/www.europesays.com\/es\/wp-content\/uploads\/2025\/11\/f8fb9761b060-dlu578640027.jpg\"   width=\"1024\" height=\"673\" loading=\"lazy\" decoding=\"async\" alt=\"Singer Manu Tenorio y Silvia Casas durante un concierto\" fetchpriority=\"auto\" class=\"image ho-image\"\/>\u00a9 GTRESSinger Manu Tenorio y Silvia Casas durante un concierto<\/p>\n<p> <img src=\"https:\/\/www.europesays.com\/es\/wp-content\/uploads\/2025\/11\/d992f30ddbb4-boda-manu-gtres.jpg\"   width=\"765\" height=\"1024\" loading=\"lazy\" decoding=\"async\" alt=\"Plano medio de la Boda de Manu Tenorio y Silvia Casas\" fetchpriority=\"auto\" class=\"image ho-image\"\/>\u00a9 GTRESBoda de Manu Tenorio y Silvia Casas<\/p>\n<p id=\"ePB5I2MDbg\" data-wc=\"92\">\u00abHe pasado muchos a\u00f1os en los que no he estado todo lo fino que quer\u00eda. Gracias a su paciencia, finalmente pude darme cuenta de que, en mi cabeza, en mi vida y en mis h\u00e1bitos, algo no iba bien. Esos h\u00e1bitos consist\u00edan en desconectarme demasiado de mi familia; ten\u00eda una depresi\u00f3n que manten\u00eda oculta. Estaba mal y no lo reconoc\u00eda. No estaba en sinton\u00eda con la vida\u00bb, ha confesado el que fuera uno de los concursantes de Operaci\u00f3n Triunfo, revelando que ha logrado superar posiblemente la etapa m\u00e1s dif\u00edcil de su vida.<\/p>\n<p> <img src=\"https:\/\/www.europesays.com\/es\/wp-content\/uploads\/2025\/11\/70027db579e4-gettyimages-1433204316.jpg\"   width=\"1024\" height=\"681\" loading=\"lazy\" decoding=\"async\" alt=\"Manu Tenorio y su lucha contra la depresi\u00f3n: as\u00ed est\u00e1 recuperando su vida\" fetchpriority=\"auto\" class=\"image ho-image\"\/>\u00a9 Getty ImagesManu Tenorio y su lucha contra la depresi\u00f3n: as\u00ed est\u00e1 recuperando su vida<\/p>\n<p id=\"ensJzwBuvQ\" data-wc=\"125\">Muy emocionado<a class=\"hm-link ho-link\" href=\"https:\/\/www.hola.com\/actualidad\/2015101781573\/manu-tenorio-hijo\/\" data-mrf-recirculation=\"article-body-link\" rel=\"nofollow noopener\" target=\"_blank\">, el int\u00e9rprete de\u00a0Alegr\u00eda, Una raz\u00f3n para olvidarla\u00a0o\u00a0Tu piel<\/a> ha querido agradecer a su esposa, la periodista Silvia Casas, por estar siempre a su lado y no tirar la toalla en los momentos m\u00e1s duros de su vida, que tambi\u00e9n pasaron factura a su matrimonio: \u00abSobre mi mujer, me doy cuenta de todo lo que ha hecho por m\u00ed y de la paciencia que ha tenido al permanecer a mi lado hasta que entend\u00ed que no estaba bien. A partir de ah\u00ed empec\u00e9 a recuperarme, a retomar h\u00e1bitos y a trabajar con psic\u00f3logos. Ha sido un proceso largo, con mucho esfuerzo, y hemos pasado momentos dif\u00edciles en los que las cosas no iban como deber\u00edan, y ella lo ha sufrido mucho\u00bb.<\/p>\n<p> <img src=\"https:\/\/www.europesays.com\/es\/wp-content\/uploads\/2025\/11\/9b5872cc6869-manu2.jpg\"   width=\"1024\" height=\"682\" loading=\"lazy\" decoding=\"async\" alt=\"Manu Tenorio y su lucha contra la depresi\u00f3n: as\u00ed est\u00e1 recuperando su vida\" fetchpriority=\"auto\" class=\"image ho-image\"\/>\u00a9 Getty Images<\/p>\n<p id=\"eQmXWfBGuQ\" data-wc=\"148\">\u00abLa recuperaci\u00f3n ha sido determinante gracias a ella, porque ve\u00eda que yo no estaba bien y yo me empe\u00f1aba en llevarle la contraria, dici\u00e9ndole que no ten\u00eda raz\u00f3n. Pero ten\u00eda ese sexto sentido que tienen las mujeres para percibir cuando algo no va bien en la persona que aman. Tienen esa capacidad de mirarte a los ojos y saber m\u00e1s de ti que t\u00fa mismo. Tuvo la paciencia, y un d\u00eda se plant\u00f3 y me dijo: \u201cO ponemos soluci\u00f3n o ya no aguanto m\u00e1s\u201d. Me dio el clic, y aqu\u00ed estamos. Mi hijo, que tiene TDH, y yo, TDA, compartimos unas habilidades especiales. A su madre, cuando yo no he estado, le dice que ahora me ve completamente diferente, que estoy volviendo a casa con una sonrisa de oreja a oreja\u00bb, ha contado, destacando una vez m\u00e1s el papel fundamental que ha desempe\u00f1ado su mujer en su recuperaci\u00f3n.<\/p>\n<p> <img src=\"https:\/\/www.europesays.com\/es\/wp-content\/uploads\/2025\/11\/931a81900219-u569179015.jpg\"   width=\"682\" height=\"1024\" loading=\"lazy\" decoding=\"async\" alt=\"Manu Tenorio junto a su mujer, Silvia Casas, en el photocall\" fetchpriority=\"auto\" class=\"image ho-image\"\/>\u00a9 GTRESManu Tenorio junto a su mujer, Silvia Casas, en el photocall<\/p>\n<p id=\"e99_VPjQGB\" data-wc=\"130\">Con la voz entrecortada, <a class=\"hm-link ho-link\" href=\"https:\/\/www.hola.com\/actualidad\/20241121731406\/manu-tenorio-presenta-nuevo-disco-arropado-por-su-mujer-silvia-casas\/\" data-mrf-recirculation=\"article-body-link\" rel=\"nofollow noopener\" target=\"_blank\">Manu Tenorio ha querido destacar la importancia de cuidar la salud mental<\/a> y ha enviado un mensaje a todas aquellas personas que atraviesan momentos dif\u00edciles: \u00abLa salud mental es algo por lo que todos debemos preocuparnos, cuidarla, mimarla y estar atentos. Es fundamental que sepamos mirarnos, detectar cuando no estamos bien. No intentemos esconder la basura debajo de la alfombra; es maravilloso reconocerlo y afrontarlo. Ahora est\u00e1 muy de moda el lifestyle, con la dieta, el deporte, etc. Si entrenamos el cuerpo, \u00bfpor qu\u00e9 no entrenar y cuidar tambi\u00e9n la mente?\u00bb. Unas emotivas palabras a las que el presentador, Jes\u00fas V\u00e1zquez, ha querido sumarse: \u00abYo tambi\u00e9n he tenido problemas de salud mental. Tambi\u00e9n he tenido que ir a psic\u00f3logos y a psiquiatras, y no pasa nada\u00bb.<\/p>\n<p>Manu Tenorio y su lucha contra la depresi\u00f3n<\/p>\n<p data-wc=\"125\" id=\"eK8ExHSO4_s\">Fue durante una entrevista en el programa de Y Ahora Sonsoles cuando Manu Tenorio habl\u00f3 de la dolorosa situaci\u00f3n que hab\u00eda vivido unos meses atr\u00e1s cuando sinti\u00f3 que la ilusi\u00f3n se le escapaba y la tristeza se adue\u00f1aba de \u00e9l. Demostrando una gran valent\u00eda, el cantante confes\u00f3 que sin darse cuenta, hab\u00eda entrado en depresi\u00f3n: <strong>\u00abMe quer\u00eda meter en la cama y apagar las luces. Cuando alguien te habla y cualquier cosa te estorba, ese es el chivato de que t\u00fa no est\u00e1s bien\u00bb.\u00a0<\/strong>Pero eso no es todo, porque tambi\u00e9n cont\u00f3 c\u00f3mo su propia mente se convirti\u00f3 en su mayor enemiga: \u00abLleg\u00f3 un punto en el que no pod\u00eda ver la luz al final del t\u00fanel. Todo me pesaba y no encontraba una salida\u00bb.\u00a0<\/p>\n<p> <img src=\"https:\/\/www.europesays.com\/es\/wp-content\/uploads\/2025\/11\/0f26a1d005fb-gettyimages-1330802226.jpg\"   width=\"682\" height=\"1024\" loading=\"lazy\" decoding=\"async\" alt=\"Manu Tenorio y su lucha contra la depresi\u00f3n: as\u00ed est\u00e1 recuperando su vida\" fetchpriority=\"auto\" class=\"image ho-image\"\/>\u00a9 Getty ImagesManu Tenorio y su lucha contra la depresi\u00f3n: as\u00ed est\u00e1 recuperando su vida<\/p>\n<p data-wc=\"59\" id=\"eV-RGsWw5I\">Manu Tenorio tambi\u00e9n explic\u00f3 que su diagn\u00f3stico de <strong>Trastorno por D\u00e9ficit de Atenci\u00f3n e Hiperactividad (TDAH)<\/strong>, descubierto recientemente, pudo haber influido en su vulnerabilidad. \u00abLa gente que padece TDAH es m\u00e1s propensa a la depresi\u00f3n\u00bb. Un duro camino, en el que siempre ha contado con la incondicional ayuda de Silvia, de su mano, en lo personal y lo profesional.<\/p>\n","protected":false},"excerpt":{"rendered":"Fue el pasado s\u00e1bado 13 de septiembre cuando\u00a0Manu Tenorio se embarc\u00f3 en la gran aventura de participar en&hellip;\n","protected":false},"author":2,"featured_media":221258,"comment_status":"","ping_status":"","sticky":false,"template":"","format":"standard","meta":{"footnotes":""},"categories":[174],"tags":[517,255,146,147,25,24,256,58868,222,23,807],"class_list":{"0":"post-221257","1":"post","2":"type-post","3":"status-publish","4":"format-standard","5":"has-post-thumbnail","7":"category-famosos","8":"tag-actualidad","9":"tag-celebrities","10":"tag-entertainment","11":"tag-entretenimiento","12":"tag-es","13":"tag-espana","14":"tag-famosos","15":"tag-manu-tenorio","16":"tag-operacion-triunfo","17":"tag-spain","18":"tag-television"},"share_on_mastodon":{"url":"https:\/\/pubeurope.com\/@es\/115501928145408022","error":""},"_links":{"self":[{"href":"https:\/\/www.europesays.com\/es\/wp-json\/wp\/v2\/posts\/221257","targetHints":{"allow":["GET"]}}],"collection":[{"href":"https:\/\/www.europesays.com\/es\/wp-json\/wp\/v2\/posts"}],"about":[{"href":"https:\/\/www.europesays.com\/es\/wp-json\/wp\/v2\/types\/post"}],"author":[{"embeddable":true,"href":"https:\/\/www.europesays.com\/es\/wp-json\/wp\/v2\/users\/2"}],"replies":[{"embeddable":true,"href":"https:\/\/www.europesays.com\/es\/wp-json\/wp\/v2\/comments?post=221257"}],"version-history":[{"count":0,"href":"https:\/\/www.europesays.com\/es\/wp-json\/wp\/v2\/posts\/221257\/revisions"}],"wp:featuredmedia":[{"embeddable":true,"href":"https:\/\/www.europesays.com\/es\/wp-json\/wp\/v2\/media\/221258"}],"wp:attachment":[{"href":"https:\/\/www.europesays.com\/es\/wp-json\/wp\/v2\/media?parent=221257"}],"wp:term":[{"taxonomy":"category","embeddable":true,"href":"https:\/\/www.europesays.com\/es\/wp-json\/wp\/v2\/categories?post=221257"},{"taxonomy":"post_tag","embeddable":true,"href":"https:\/\/www.europesays.com\/es\/wp-json\/wp\/v2\/tags?post=221257"}],"curies":[{"name":"wp","href":"https:\/\/api.w.org\/{rel}","templated":true}]}}