{"id":221266,"date":"2025-11-06T09:06:12","date_gmt":"2025-11-06T09:06:12","guid":{"rendered":"https:\/\/www.europesays.com\/es\/221266\/"},"modified":"2025-11-06T09:06:12","modified_gmt":"2025-11-06T09:06:12","slug":"sanidad-anima-a-vacunarse-contra-la-gripe-y-los-expertos-creen-que-hay-mucho-margen-de-mejora","status":"publish","type":"post","link":"https:\/\/www.europesays.com\/es\/221266\/","title":{"rendered":"Sanidad \u00abanima\u00bb a vacunarse contra la gripe y los expertos creen que hay \u00abmucho margen de mejora\u00bb"},"content":{"rendered":"<p style=\"\">En el primer mes de la <a href=\"https:\/\/www.abc.es\/salud\/enfermedades\/gripe-adelanta-puede-ano-casos-20251027160456-nt.html\" target=\"_self\" data-voc-vtm-id=\"in-text-traffic\" title=\"campa\u00f1a de vacunaci\u00f3n de la gripe\" rel=\"nofollow noopener\">campa\u00f1a de vacunaci\u00f3n de la gripe<\/a>, la cobertura llega al 33 por ciento en los mayores de 60 a\u00f1os, uno de los colectivos principales entre los grupos diana de la inmunizaci\u00f3n Se trata de un porcentaje ligeramente inferior  &#8230; a la misma fecha de la campa\u00f1a anterior, cuando la cifra se situaba en el 35 por ciento. Entre territorios existen diferencias.<\/p>\n<p class=\"voc-p\" style=\"\"> Por ejemplo, Soria lidera la protecci\u00f3n frente al virus gripal, con un 37,2 por ciento entre este colectivo, mientras que Le\u00f3n se queda en el 29,5. Entre los <strong>menores de 9 a\u00f1os<\/strong> -esta campa\u00f1a se ha ampliado la edad de protecci\u00f3n hasta los 8 incluidos- la cobertura llega al 27 por ciento, con desigualdades importantes entre provincias como \u00c1vila, que roza el 35 por ciento o Soria, que apenas supera el 19. <\/p>\n<p class=\"voc-p\" style=\"\">Seg\u00fan un comunicado emitido este mi\u00e9rcoles por la Consejer\u00eda de Sanidad, se han administrado ya en total a todos los grupos de edad 371.758 dosis, casi la mitad de las recibidas hasta el momento (765.650).<\/p>\n<p class=\"voc-p\" style=\"\">En funci\u00f3n del motivo de la vacunaci\u00f3n, los colectivos m\u00e1s importantes son los grupos de riesgo por edad, con un total de 278.569 viales, seguidos con 31.218 dosis administradas a las personas institucionalizadas, 17.321 los grupos de riesgo por patolog\u00edas o 15.381 a trabajadores de centros sanitarios y sociosanitarios.<\/p>\n<p class=\"voc-p\" style=\"\">Por otro lado, la inyecci\u00f3n frente al Covid-19, que en esta campa\u00f1a est\u00e1 indicada<strong> para mayores de 70 a\u00f1o<\/strong>s y otros grupos de riesgo, se queda en el 28,6 por ciento de cobertura, mientras que la del VRS, el virus que causa la bronquiolitis, llega al 90 por ciento en los ni\u00f1os nacidos entre abril y septiembre de este a\u00f1o y un 63,1 en los nacidos en octubre. Desde la Consejer\u00eda \u00abaniman\u00bb a la vacunaci\u00f3n y los expertos apuntan que hay \u00abmucho margen de mejora\u00bb. <\/p>\n<p class=\"voc-p\" style=\"\">As\u00ed, aseguran que las cuatro primeras semanas de inmunizaci\u00f3n para ver la \u00abtendencia\u00bb. En ese sentido, creen que en este primes mes el <strong>\u00abfactor fundamental\u00bb<\/strong> es que el virus de la gripe est\u00e1 \u00abestabilizado\u00bb y con el \u00abbuen tiempo\u00bb la poblaci\u00f3n \u00abno percibe el riesgo\u00bb. <\/p>\n<p class=\"voc-p\" style=\"\">Pero insisten en que es la inmunizaci\u00f3n es clave para proteger sobre todo a los colectivos m\u00e1s vulnerables y con riesgo de complicaciones antes de que la gripe circule con mayor intensidad. <\/p>\n","protected":false},"excerpt":{"rendered":"En el primer mes de la campa\u00f1a de vacunaci\u00f3n de la gripe, la cobertura llega al 33 por&hellip;\n","protected":false},"author":2,"featured_media":221267,"comment_status":"","ping_status":"","sticky":false,"template":"","format":"standard","meta":{"footnotes":""},"categories":[92],"tags":[12097,3097,25,24,1621,7749,165,29401,8719,166,1811,23,46941],"class_list":{"0":"post-221266","1":"post","2":"type-post","3":"status-publish","4":"format-standard","5":"has-post-thumbnail","7":"category-salud","8":"tag-anima","9":"tag-creen","10":"tag-es","11":"tag-espana","12":"tag-expertos","13":"tag-gripe","14":"tag-health","15":"tag-margen","16":"tag-mejora","17":"tag-salud","18":"tag-sanidad","19":"tag-spain","20":"tag-vacunarse"},"share_on_mastodon":{"url":"https:\/\/pubeurope.com\/@es\/115501962630007133","error":""},"_links":{"self":[{"href":"https:\/\/www.europesays.com\/es\/wp-json\/wp\/v2\/posts\/221266","targetHints":{"allow":["GET"]}}],"collection":[{"href":"https:\/\/www.europesays.com\/es\/wp-json\/wp\/v2\/posts"}],"about":[{"href":"https:\/\/www.europesays.com\/es\/wp-json\/wp\/v2\/types\/post"}],"author":[{"embeddable":true,"href":"https:\/\/www.europesays.com\/es\/wp-json\/wp\/v2\/users\/2"}],"replies":[{"embeddable":true,"href":"https:\/\/www.europesays.com\/es\/wp-json\/wp\/v2\/comments?post=221266"}],"version-history":[{"count":0,"href":"https:\/\/www.europesays.com\/es\/wp-json\/wp\/v2\/posts\/221266\/revisions"}],"wp:featuredmedia":[{"embeddable":true,"href":"https:\/\/www.europesays.com\/es\/wp-json\/wp\/v2\/media\/221267"}],"wp:attachment":[{"href":"https:\/\/www.europesays.com\/es\/wp-json\/wp\/v2\/media?parent=221266"}],"wp:term":[{"taxonomy":"category","embeddable":true,"href":"https:\/\/www.europesays.com\/es\/wp-json\/wp\/v2\/categories?post=221266"},{"taxonomy":"post_tag","embeddable":true,"href":"https:\/\/www.europesays.com\/es\/wp-json\/wp\/v2\/tags?post=221266"}],"curies":[{"name":"wp","href":"https:\/\/api.w.org\/{rel}","templated":true}]}}