{"id":221299,"date":"2025-11-06T09:34:08","date_gmt":"2025-11-06T09:34:08","guid":{"rendered":"https:\/\/www.europesays.com\/es\/221299\/"},"modified":"2025-11-06T09:34:08","modified_gmt":"2025-11-06T09:34:08","slug":"ultima-hora-politica-en-directo-la-ceoe-rechaza-tras-negociar-con-yolanda-diaz-ampliar-el-permiso-de-fallecimiento-por-ser-inasumible-para-las-empresas-el-espanol","status":"publish","type":"post","link":"https:\/\/www.europesays.com\/es\/221299\/","title":{"rendered":"\u00daltima hora pol\u00edtica, en directo | La CEOE rechaza, tras negociar con Yolanda D\u00edaz, ampliar el permiso de fallecimiento por ser inasumible para las empresas &#8211; El Espa\u00f1ol"},"content":{"rendered":"<ol>\n<li><a href=\"https:\/\/news.google.com\/rss\/articles\/CBMilAJBVV95cUxQUFBKY0c4MnFTRzhGd2dDSGp6azNWODAxVnB0c01CMjJ4V1FCeERiWXlvLVo1U25QRDVKdGJ4QndKX01KbFEtR2w1QkdiWm1kdG0yZ3F6bjdtVEhraDZOV2c5WVJIeUVkcjNWTk9MSlFGUms3RXVuTk1ITk9Zb3BEemhSREdrX1htbEphdU44dC1vZ3RXckhFeE1GU19xRFFhejJoNk1nMXB3R2oyY2pPWjhFdFJfM0pGOVhDanBqVXg3b1lyWTNQOTgwNzlpdDVuWDZzbEZzZnVrVVRCOXZQdC1QQnYyUU9kVWt5YjMweEg5elFQQllJYlJyWDhjb1M2Uk5SQWJpNXRFcnhQaGMxOVU5SjU?oc=5\" target=\"_blank\" rel=\"nofollow noopener\">\u00daltima hora pol\u00edtica, en directo | La CEOE rechaza, tras negociar con Yolanda D\u00edaz, ampliar el permiso de fallecimiento por ser inasumible para las empresas<\/a>&nbsp;&nbsp;El Espa\u00f1ol<\/li>\n<li><a href=\"https:\/\/news.google.com\/rss\/articles\/CBMi3wFBVV95cUxNdXdCRlc2aUlIUlZCT0ZkRGpRd2U5ZS1WU1lIX185LXFXaS1tcUExQzRPdDdvM29QX09mcjJBek5GU2VPaEp3SHNWWm95QVhYRVVFN00tRG5kTGtYUnNsejhMTTkzTUpUbXZDYV9aLWtXWHZGZDBBaVJHeFl2S0xsM040WGRiZnlReTFGR2hieFRQcDdTVlcwTF9jR29ZV2hwbkF6SHpGM1ZVaXpXUXpmUVpXMER1SXdORnd2dzRTM01KSm9KMmRSY3hGeXRiQ21vaU1jZk5Ybm5TU1VpakJB?oc=5\" target=\"_blank\" rel=\"nofollow noopener\">Trabajo se abre a que una parte del nuevo permiso por cuidados paliativos lo cubran las arcas p\u00fablicas, como pide la patronal<\/a>&nbsp;&nbsp;EL PA\u00cdS<\/li>\n<li><a href=\"https:\/\/news.google.com\/rss\/articles\/CBMisAFBVV95cUxOTkpRTDkwYkI2MWU1a3l0dTE5V3NwczVUYjlyQ0RmdGtyMC1rcWF5emI5bVV1NXVqOXZjanY4VmFYM1V0ZDFNSHhuUmhGOHNKeVRhTWtnS1pGM0F0SlNpeldIQllXamZiRDMxMmlOangzZVA5LXMweC04T2FlRmxzTk5JWEV1MTlHd2dPa2pmb2tqR0FRNFBuemVzYi1YUUhJV3pDbm5oT1hXUVFENF9GcdIBsAFBVV95cUxQb1lwM0RBX1BjWXBjbDRlWmFzYVpoTDI3Sm1jNWV5dnE5SXktamo5eUQwTHVnTFNVZWZSTkQ2UXVJUWE5M215TUR1OXBNT0dpc3hOWE4wVGw4SEVtTXNvdmQ4RG50cVl2X1dNUkdVLTNnTFpZRVZodW03aXZXY3dqWWhIXy1FMFJQTjgySVBfZW5tYlpBMFVjOUwxaFRyT2V0ZXVmRzdFWlhPSk9lZm0yYQ?oc=5\" target=\"_blank\" rel=\"nofollow noopener\">La CEOE rechaza ampliar el permiso por fallecimiento por los costes inasumibles para las empresas<\/a>&nbsp;&nbsp;RTVE.es<\/li>\n<li><a href=\"https:\/\/news.google.com\/rss\/articles\/CBMiigJBVV95cUxOdExodnY3LVZRM05INUNKOFk1cHBUR09OdHhJNzR0UEs0QjNza0ZacjBiaG9NTnpxcUc1ejJFQkRlZG5OZE04eGNLM2E4VWJkYVVMRjVadk1KYXU0aldxUERRTlJfTlRWS2dCVG5DUm9vZThaaTZwcS1ndWJScEo3dTJ5WlVOd0ZQUkJmakQycTlhMmdlaWpyVG0zejZEbVl1ZFVhVVRZRndrTk12MjVBc2hRUGYtQ0VRR3BQQ2tIc2doRFVRMEZXbFBWLVN2TnRlRGlyTVl2MXREbGx2dVVnUTdEenJjSVp0aUdvUE1TanhVYnRwdWpEQU9JLVNLV3ZmdnNEcm5ENUxpUQ?oc=5\" target=\"_blank\" rel=\"nofollow noopener\">La familia de un enfermo en paliativos podr\u00eda encadenar permisos y cuidarlo durante meses si se aprobara el borrador de Sumar<\/a>&nbsp;&nbsp;La Voz de Galicia<\/li>\n<li><a href=\"https:\/\/news.google.com\/rss\/articles\/CBMi8AFBVV95cUxQR0FzZVNfUFdOZ2xQekNfZ0stVmR4UzZlUFFYYmRhLS1nWTVzS1Y3eUNLYXE2TFhKVWsyRGZwRzZHaUNCTG9pME4zeVFqSHJGc2txTW9oVXdGd0E1UzBwc0pURklKRXlDZGVoOFRWT2tubVRQeElaRHhsYy1XMjNtaVc0bjAxamhGMmxmM1JfRjBtNDRWMHVVZlNkR2dpdzF2WXBHakdYWEM4TE1CZEN1S0lTcGdSaUhrVy11ZXE5cy1oNXR3Q2Y1eEdudHB6WF9qdTNwak5yeVZTOVhGYkdTNUtlQW53ZWtqbjBuWmdsX2rSAfYBQVVfeXFMUGJSekZZSnlwWGtPOG5aSGwzQ2d2QmhCUzd5andoTWxWSlU3TlVrVkRhTlJfZWJTRk5heGl0LU1iVVlYZjJTQThOSk5WcXBXOFEzY3RZZ0txbDZidVc4MG96VWlMYmNsMWVFcDcwUzhZWVRRT2lxazBydlBvOWFabkdxVm4ySzJ0NUxWTF9JejhRMzZLdGtHZkZTUTRhbFlDMFQ3OXc2RGVURXRoV3hHYmVsbUMzcEYyVWNkS1NOc25zam01ODUxYkV3VXA0NWdMdnREM2VzdXpmVktxY2ROcWJXWUFzdVpMRlR2YThKbmdUQ3AzQ1VR?oc=5\" target=\"_blank\" rel=\"nofollow noopener\">Yolanda D\u00edaz estudia que el Estado asuma parte del coste del permiso de paliativos que quiere crear<\/a>&nbsp;&nbsp;20Minutos<\/li>\n<\/ol>\n","protected":false},"excerpt":{"rendered":"\u00daltima hora pol\u00edtica, en directo | La CEOE rechaza, tras negociar con Yolanda D\u00edaz, ampliar el permiso de&hellip;\n","protected":false},"author":2,"featured_media":221300,"comment_status":"","ping_status":"","sticky":false,"template":"","format":"standard","meta":{"footnotes":""},"categories":[8],"tags":[17,18,25,24,13,14,11,19,20,9,10,15,16,952,23,12,21,22],"class_list":{"0":"post-221299","1":"post","2":"type-post","3":"status-publish","4":"format-standard","5":"has-post-thumbnail","7":"category-espana","8":"tag-breaking-news","9":"tag-breakingnews","10":"tag-es","11":"tag-espana","12":"tag-featured-news","13":"tag-featurednews","14":"tag-headlines","15":"tag-latest-news","16":"tag-latestnews","17":"tag-news","18":"tag-noticias","19":"tag-noticias-destacadas","20":"tag-noticiasdestacadas","21":"tag-politica","22":"tag-spain","23":"tag-titulares","24":"tag-ultimas-noticias","25":"tag-ultimasnoticias"},"share_on_mastodon":{"url":"https:\/\/pubeurope.com\/@es\/115502072770751539","error":""},"_links":{"self":[{"href":"https:\/\/www.europesays.com\/es\/wp-json\/wp\/v2\/posts\/221299","targetHints":{"allow":["GET"]}}],"collection":[{"href":"https:\/\/www.europesays.com\/es\/wp-json\/wp\/v2\/posts"}],"about":[{"href":"https:\/\/www.europesays.com\/es\/wp-json\/wp\/v2\/types\/post"}],"author":[{"embeddable":true,"href":"https:\/\/www.europesays.com\/es\/wp-json\/wp\/v2\/users\/2"}],"replies":[{"embeddable":true,"href":"https:\/\/www.europesays.com\/es\/wp-json\/wp\/v2\/comments?post=221299"}],"version-history":[{"count":0,"href":"https:\/\/www.europesays.com\/es\/wp-json\/wp\/v2\/posts\/221299\/revisions"}],"wp:featuredmedia":[{"embeddable":true,"href":"https:\/\/www.europesays.com\/es\/wp-json\/wp\/v2\/media\/221300"}],"wp:attachment":[{"href":"https:\/\/www.europesays.com\/es\/wp-json\/wp\/v2\/media?parent=221299"}],"wp:term":[{"taxonomy":"category","embeddable":true,"href":"https:\/\/www.europesays.com\/es\/wp-json\/wp\/v2\/categories?post=221299"},{"taxonomy":"post_tag","embeddable":true,"href":"https:\/\/www.europesays.com\/es\/wp-json\/wp\/v2\/tags?post=221299"}],"curies":[{"name":"wp","href":"https:\/\/api.w.org\/{rel}","templated":true}]}}