{"id":221309,"date":"2025-11-06T09:45:21","date_gmt":"2025-11-06T09:45:21","guid":{"rendered":"https:\/\/www.europesays.com\/es\/221309\/"},"modified":"2025-11-06T09:45:21","modified_gmt":"2025-11-06T09:45:21","slug":"los-hijos-de-cindy-crawford-y-richard-gere-kaia-y-homer-actuaran-juntos-en-una-pelicula-30-anos-despues-de-la-separacion-de-sus-padres","status":"publish","type":"post","link":"https:\/\/www.europesays.com\/es\/221309\/","title":{"rendered":"Los hijos de Cindy Crawford y Richard Gere, Kaia y Homer, actuar\u00e1n juntos en una pel\u00edcula 30 a\u00f1os despu\u00e9s de la separaci\u00f3n de sus padres"},"content":{"rendered":"<p data-journey-content=\"true\" data-node-id=\"0\" class=\"body-dropcap css-1vn2egp emevuu60\">Tras ser parte del elenco de <strong data-node-id=\"0.1\"><a href=\"https:\/\/www.harpersbazaar.com\/es\/cultura\/ocio\/a60156680\/palm-royal-serie-kaia-gerber-ricky-martin-apple-tv\/\" target=\"_blank\" data-vars-ga-outbound-link=\"https:\/\/www.harpersbazaar.com\/es\/cultura\/ocio\/a60156680\/palm-royal-serie-kaia-gerber-ricky-martin-apple-tv\/\" data-vars-ga-ux-element=\"Hyperlink\" data-vars-ga-call-to-action=\"Palm Royale o Babylon, Kaia Gerber\" data-node-id=\"0.1.0\" class=\"body-link css-156jt4g emevuu60\" rel=\"nofollow noopener\">Palm Royale o Babylon, Kaia Gerber<\/a><\/strong>, hija de la supermodelo Cindy Crawford, contin\u00faa afianzando su carrera en la actuaci\u00f3n con un nuevo proyecto que ya est\u00e1 generando conversaci\u00f3n en el mundo del entretenimiento. La joven modelo y actriz ha sido confirmada como parte del elenco de The Shards, una serie desarrollada por el reconocido productor Ryan Murphy. Pero lo que m\u00e1s ha llamado la atenci\u00f3n no es solo el proyecto en s\u00ed, sino el curioso dato de que, en esta pel\u00edcula, compartir\u00e1 pantalla con <strong data-node-id=\"0.5\">Homer Gere, hijo del actor Richard Gere.<\/strong><\/p>\n<p data-journey-content=\"true\" data-node-id=\"1\" class=\"css-6wxqfj emevuu60\">M\u00e1s all\u00e1 de llamar la atenci\u00f3n por pertenecer a dos linajes destacados en el mundo del s\u00e9ptimo arte, esta coincidencia no ha pasado desapercibida por otro motivo: los padres de ambos j\u00f3venes fueron una de las parejas m\u00e1s medi\u00e1ticas de los a\u00f1os 90. <strong data-node-id=\"1.1\">Cindy Crawford y Richard Gere casaron<\/strong> en 1991 y estuvieron juntos cuatro a\u00f1os, convirti\u00e9ndose en una de las <strong data-node-id=\"1.3\"><a href=\"https:\/\/www.harpersbazaar.com\/es\/famosas\/el-estilo-de\/g35490451\/famosos-parejas-amor-escandalo-polemica-hollywood\/\" target=\"_blank\" data-vars-ga-outbound-link=\"https:\/\/www.harpersbazaar.com\/es\/famosas\/el-estilo-de\/g35490451\/famosos-parejas-amor-escandalo-polemica-hollywood\/\" data-vars-ga-ux-element=\"Hyperlink\" data-vars-ga-call-to-action=\"parejas m\u00e1s fotografiadas de Hollywood\" data-node-id=\"1.3.0\" class=\"body-link css-156jt4g emevuu60\" rel=\"nofollow noopener\">parejas m\u00e1s fotografiadas de Hollywood<\/a><\/strong>. Ahora, 30 a\u00f1os despu\u00e9s, sus hijos unir\u00e1n fuerzas en este nuevo proyecto televisivo.<\/p>\n<p><img draggable=\"true\" alt=\"cindy crawford richard gere\" title=\"Los hijos de Cindy Crawford y Richard Gere actuar\u00e1n juntos en una pel\u00edcula\" loading=\"lazy\" width=\"2000\" height=\"3000\" decoding=\"async\" data-nimg=\"1\" style=\"color:transparent;width:100%;height:auto;\"   src=\"https:\/\/www.europesays.com\/es\/wp-content\/uploads\/2025\/11\/gettyimages-2244565867-690b0f9934216.jpg\" class=\"css-0 e1g79fud0\"\/><\/p>\n<p>Monica Schipper\/\/Getty Images<\/p>\n<p data-journey-content=\"true\" data-node-id=\"3\" class=\"css-6wxqfj emevuu60\">En The Shards, Kaia Gerber y Homer Gere interpretar\u00e1n a j\u00f3venes en un thriller ambientado <strong data-node-id=\"3.5\">en la d\u00e9cada de los 80<\/strong>. La trama, grabada en distintos enclaves de Los \u00c1ngeles, relata la historia de un grupo de amigos cuya vida aparentemente perfecta se desmorona tras una serie de acontecimientos misteriosos.<\/p>\n<p><img draggable=\"true\" alt=\"new york, new york november 21: richard gere and homer james jigme gere attend the agency | premiere in ny on november 21, 2024 in new york city. (photo by mike coppola\/getty images for paramount+)\" title=\"Los hijos de Kaia Gerber y Richard Gere actuar\u00e1n juntos en una pel\u00edcula\" loading=\"lazy\" width=\"3432\" height=\"5000\" decoding=\"async\" data-nimg=\"1\" style=\"color:transparent;width:100%;height:auto;\"   src=\"https:\/\/www.europesays.com\/es\/wp-content\/uploads\/2025\/11\/gettyimages-2186033647-690b0ff47656a.jpg\" class=\"css-0 e1g79fud0\"\/><\/p>\n<p>Mike Coppola\/\/Getty Images<\/p>\n<p data-journey-content=\"true\" data-node-id=\"6\" class=\"css-6wxqfj emevuu60\">Intencionado o no, este encuentro ya ha cautivado la atenci\u00f3n de los fan\u00e1ticos de los cuatro int\u00e9rpretes. Y, aunque el encuentro entre los j\u00f3venes est\u00e1 confirmado, muchos ans\u00edan uno entre sus padres. Sin embargo, este acontecimiento parece m\u00e1s dif\u00edcil. Mientras <strong data-node-id=\"6.1\"><a href=\"https:\/\/www.harpersbazaar.com\/es\/famosas\/el-estilo-de\/a63664064\/cindy-crawford-look-anos-90-copiar-zara-primavera\/\" target=\"_blank\" data-vars-ga-outbound-link=\"https:\/\/www.harpersbazaar.com\/es\/famosas\/el-estilo-de\/a63664064\/cindy-crawford-look-anos-90-copiar-zara-primavera\/\" data-vars-ga-ux-element=\"Hyperlink\" data-vars-ga-call-to-action=\"Cindy Crawford \" data-node-id=\"6.1.0\" class=\"body-link css-156jt4g emevuu60\" rel=\"nofollow noopener\">Cindy Crawford <\/a><\/strong>permanece casada desde 1998 con Rande Gerber, padre de Kaia y Presley Gerber, Richard Gere es padre de Homer con su exmujer Carey Lowell. <\/p>\n<p><img src=\"https:\/\/www.europesays.com\/es\/wp-content\/uploads\/2025\/11\/1762422321_837_27ba7a4c-edf4-44ff-95a0-45ba0d84a0d0_1686121238.file\" alt=\"Headshot of Paula Mart\u00edns\" title=\"Headshot of Paula Mart\u00edns\" width=\"100%\" height=\"100%\" decoding=\"async\" loading=\"lazy\" class=\"css-o0wq4v ev8dhu53\"\/><\/p>\n<p>\u00a0<\/p>\n<p>Paula Mart\u00edns (1993) es editora de lifestyle y cultura. Es apasionada de moverse de ciudad en ciudad y catadora confesable de cualquier cafeter\u00eda y restaurante. En su tiempo libre la ver\u00e1s moverse entre exposiciones, en cualquier establecimiento devorando libros y probando caf\u00e9s de especialidad o haciendo fotograf\u00edas a las fachadas y de los rincones m\u00e1s secretos cualquier paraje que visite. Por la noche, disfruta\u00a0bailando en los conciertos, enganch\u00e1ndose a toda pel\u00edcula o serie que haya en streaming y buscando festivales de cine.<\/p>\n<p>En sus art\u00edculos ense\u00f1a las ciudades bajo su prisma, descubriendo detalles que no encontrar\u00e1s en ninguna gu\u00eda de viaje. Desentra\u00f1a la personalidad de los personajes sobre los que escribe y\u00a0siempre busca comunicar desde un enfoque social, derribando estereotipos.<\/p>\n<p>Paula Mart\u00edns es una pontevedrea que en su af\u00e1n por estudiar en una gran ciudad termin\u00f3 en Cuenca, estudiando un grado en Periodismo por la UCLM. Guiada por su \u00edmpetu viajero busc\u00f3 unas pr\u00e1cticas en el peri\u00f3dico de El Ib\u00e9rico de Londres y, con una beca de Erasmus + se fue a conocer Reino Unido. A su vuelta a Espa\u00f1a persigui\u00f3 una de las primeras razones que le llevaron a dedicarse al periodismo: la moda. Estudi\u00f3 un m\u00e1ster en Digital Communication and marketing in fashion (s\u00ed, en ingl\u00e9s) en el Istituto Europeo di Design (IED) mientras trabajaba los fines de semana en aquella marca de Inditex llamada Uterq\u00fce. Al mismo tiempo\u00a0realizaba pr\u00e1cticas en revistas como VEIN magazine y en agencias de comunicaci\u00f3n como OnTwice.\u00a0<\/p>\n<p>Con esta misma pasi\u00f3n por el universo textil comenz\u00f3 su andadura en Harper&#8217;s Bazaar Espa\u00f1a desde Madrid: primero como becaria de la edici\u00f3n de papel, y despu\u00e9s como colaboradora web. Dentro de Harper&#8217;s Bazaar fue la encargada de las guardias del fin de semana, community manager, y ahora es la responsable de la secci\u00f3n de lifestyle y cultura, aunque es multidisciplinar y tambi\u00e9n apoya al equipo de moda y celebrities. Adem\u00e1s, como confesa workalcoholic, ocupa su tiempo escribiendo tambi\u00e9n para otros medios como \u00a1HOLA!, donde trata moda y lifestyle. Tambi\u00e9n es coordinadora de la revista cultural de la editorial de Bamba, y realiza notas de prensa y labores de comunicaci\u00f3n para varias agencias de comunicaci\u00f3n. A\u00fan hay m\u00e1s: ha fundado su propia revista digital de arte y cultura, llamada Kaldo magazine y ahora vive la vida n\u00f3mada. Ha vivido en Pontevedra, Cuenca, Londres, Madrid, Lisboa y Barcelona.\u00a0<\/p>\n","protected":false},"excerpt":{"rendered":"Tras ser parte del elenco de Palm Royale o Babylon, Kaia Gerber, hija de la supermodelo Cindy Crawford,&hellip;\n","protected":false},"author":2,"featured_media":221310,"comment_status":"","ping_status":"","sticky":false,"template":"","format":"standard","meta":{"footnotes":""},"categories":[174],"tags":[255,253,146,147,25,24,256,23],"class_list":{"0":"post-221309","1":"post","2":"type-post","3":"status-publish","4":"format-standard","5":"has-post-thumbnail","7":"category-famosos","8":"tag-celebrities","9":"tag-discover","10":"tag-entertainment","11":"tag-entretenimiento","12":"tag-es","13":"tag-espana","14":"tag-famosos","15":"tag-spain"},"share_on_mastodon":{"url":"https:\/\/pubeurope.com\/@es\/115502116287759221","error":""},"_links":{"self":[{"href":"https:\/\/www.europesays.com\/es\/wp-json\/wp\/v2\/posts\/221309","targetHints":{"allow":["GET"]}}],"collection":[{"href":"https:\/\/www.europesays.com\/es\/wp-json\/wp\/v2\/posts"}],"about":[{"href":"https:\/\/www.europesays.com\/es\/wp-json\/wp\/v2\/types\/post"}],"author":[{"embeddable":true,"href":"https:\/\/www.europesays.com\/es\/wp-json\/wp\/v2\/users\/2"}],"replies":[{"embeddable":true,"href":"https:\/\/www.europesays.com\/es\/wp-json\/wp\/v2\/comments?post=221309"}],"version-history":[{"count":0,"href":"https:\/\/www.europesays.com\/es\/wp-json\/wp\/v2\/posts\/221309\/revisions"}],"wp:featuredmedia":[{"embeddable":true,"href":"https:\/\/www.europesays.com\/es\/wp-json\/wp\/v2\/media\/221310"}],"wp:attachment":[{"href":"https:\/\/www.europesays.com\/es\/wp-json\/wp\/v2\/media?parent=221309"}],"wp:term":[{"taxonomy":"category","embeddable":true,"href":"https:\/\/www.europesays.com\/es\/wp-json\/wp\/v2\/categories?post=221309"},{"taxonomy":"post_tag","embeddable":true,"href":"https:\/\/www.europesays.com\/es\/wp-json\/wp\/v2\/tags?post=221309"}],"curies":[{"name":"wp","href":"https:\/\/api.w.org\/{rel}","templated":true}]}}