{"id":221311,"date":"2025-11-06T09:46:06","date_gmt":"2025-11-06T09:46:06","guid":{"rendered":"https:\/\/www.europesays.com\/es\/221311\/"},"modified":"2025-11-06T09:46:06","modified_gmt":"2025-11-06T09:46:06","slug":"ignacio-morente-arquitecto-sentencia-el-nuevo-camp-nou-es-un-desastre-y-se-quedara-obsoleto-en-pocos-anos-la-razon","status":"publish","type":"post","link":"https:\/\/www.europesays.com\/es\/221311\/","title":{"rendered":"Ignacio Morente, arquitecto, sentencia el nuevo Camp Nou: &quot;Es un desastre y se quedar\u00e1 obsoleto en pocos a\u00f1os&quot; &#8211; La Raz\u00f3n"},"content":{"rendered":"<ol>\n<li><a href=\"https:\/\/news.google.com\/rss\/articles\/CBMi-AFBVV95cUxQMEtYdkU1SjJVYWZiNUwwVzVVWEFzQlFMN1pjTGJhR19VS2ZzVUxONkhlRlh3OTdnNDlOZXM2dFFadUVmVzNQbUVBRzVGd1U5cmJnbFg0Y1VOZkgyNmNoVEhMQ1VKeDhaOE9pdmFGQnh6QzM4UlBLWDlVVGpmZkpfb2p4MVR5UHh3TWpPTnlZNV9qNTY1SUs3eUtHTzY1aFl1MTdEVUpScGJiVnBuOHhRZUpIdmI3TkpTa3J4aEE3QklDcGtxazNBRzNLYTdzMU02OHlzMTRiYXlJTnNrVW8zLTctaHNGTE9FVEJmOHNZbXY3U0d0Mkp1X9IBjAJBVV95cUxNYmlsS3hxLTJsenZUVXNkOWdPd1ZIdFVsTzZmeEUxZjFWLTFfb1ZYMGo3OVJLMWxRdVpneko0dHRodEIyZmg0VWJDYW1iVXkwUW90QXlnVFpzVG9Ob25QNkZnaThfUEpuN3pRYzU5RGFvakJRMnNBVi1mNDZvdkM3aVFVQ2ZodHhEZ1RHRU5LclJoUURTYWNWTkpqYjhlTzg3THh6Ri1wUmNBMWZYQ0JnWHhmcFFzazQ4bmwySTcwUVI5ajdMSXdGMk5SS1BGSEs4dldhNTZnQnYwX19QWlpIWWt0dEpCRzd6b0JwWGFJLVVacnZGaDN0X21NY1I1YXhkUnEyRzgxa2dvMm5q?oc=5\" target=\"_blank\" rel=\"nofollow noopener\">Ignacio Morente, arquitecto, sentencia el nuevo Camp Nou: \u00abEs un desastre y se quedar\u00e1 obsoleto en pocos a\u00f1os\u00bb<\/a>&nbsp;&nbsp;La Raz\u00f3n<\/li>\n<li><a href=\"https:\/\/news.google.com\/rss\/articles\/CBMizgFBVV95cUxOU3Z1Q1IyUGZ3bzcwYmVHbzZHM0VMeDZYTk1Felc0V3NNVHpPZTJoaEs2SGJnMGJLWWs1dy0tV0FUeTExRWRCdE5hR2YwMmlNWkVTaWpBSFMwVmdmaWdtUWI0M2hPT2F0MUFtOWtsMWR2LU5CYWd2WWRWbXc0Uzg1SzNvYVU1cTdIcjVYYUc2NngyaE9QUU4zWU1ock5tcGkwRHVPeDRzVUM4ZERuYVc5NS1xeWo5WEUtVWZwN0lQaVExSlFUbW9zMUZDV2JHZw?oc=5\" target=\"_blank\" rel=\"nofollow noopener\">Ignacio Morente, arquitecto, analiza el nuevo Camp Nou: \u00abEs un estadio que se quedar\u00e1 obsoleto en pocos a\u00f1os\u00bb<\/a>&nbsp;&nbsp;Arquitectura y Dise\u00f1o<\/li>\n<li><a href=\"https:\/\/news.google.com\/rss\/articles\/CBMiywFBVV95cUxNMUd1UGlzNXh5RUROdmtQMTd3elNuanFHMTFpUzRtUlFZellHckJMaDI1QzJrSTVzMWlKek5TQzJHYnQtZVIyZ3pLWXlYNHVjU3NuX1REZm10U0JsT1R0WXlhQ3o5X1QxSG9CZzRyMVVSRllOV2lBbGdMRUgxQVo5R1Y1TGcza0xGSUZNbnRjRDBUM09iN0oydmsxc3BER1hON2xxOU82SUVKeFo3dXY3c1JfWkhOOTFncHFzNjZnZlVYRVdQXzNHZy1KVdIB0AFBVV95cUxQMjVOYW5URVJ3bzVkZjZrNVhROVQtZlI2S0FmaXpmN3kzWi1tR0dVVUh3UDlvQ1dDaFp3MXAycjY3SmxTRkVrRTZjWV9SYmhud2MwNUJqNzYwazhNemN5cWU2M1BiNThZbU9LMHp3cWsxczJUUkZld2FrWHVRRjlUYXJjNGVNTHR5NHNmOE15WGIzUTNCdUQwNDRuaE9kWEw4UTJUWk5FQ3dqWmxjWldlOTFNWUF6TUR0QzhUMTlieFRjcXhVNUpNTGJzYUZ2VkNh?oc=5\" target=\"_blank\" rel=\"nofollow noopener\">El Espai Bar\u00e7a va para largo: las obras posteriores al Camp Nou no terminar\u00e1n antes de 2032<\/a>&nbsp;&nbsp;Cr\u00f3nica Global<\/li>\n<li><a href=\"https:\/\/news.google.com\/rss\/articles\/CBMihAFBVV95cUxPYmxiSEtfaFpTQ2pJNVJuM0JIenVtMjBFLUxsa0FUek1Bd1lYRXJLU3Q3NnRBQVdIS1R3Vnd5bXpmOHZFeWtiNU9ITFpVRjFxRVd5cGpVSnlvdDlpUmNEbFZJZnBGZ3hsZVotT29OeTYtWjdhY0NaTTRhRjJ1UldkWFpCTWvSAYQBQVVfeXFMT0lUZVd6ODY1MFcyT0hSRXN3T1B5VEFOWW1tdmM0cFdrVF81TjhCeUs1cm9aMXlRY2pPd18zTVNhRGtlUnJNMlJZRTE4aFhwXzhkTDVfMVpla0FrcDNRbnFGa3RmM0tUN0xuUUlIblR6OUM0VmJRNTBQT0xnUnhoaTgzNEx3?oc=5\" target=\"_blank\" rel=\"nofollow noopener\">\u00abComo socio espero que el Camp Nou se termine lo antes posible, como arquitecto&#8230;\u00bb<\/a>&nbsp;&nbsp;SPORT<\/li>\n<li><a href=\"https:\/\/news.google.com\/rss\/articles\/CBMilwJBVV95cUxQS2dPM250OGxSRWNKc2NxdTF2bWpQMVFvVkpQQUJxaWdvWG5IUmo4STlfVzhrcWljQ3lRMUN4aU1TUkhscTBjVVF5aDA0VExoa1d6Y3k1dzZscmd5b3AxYWo3elNYNWxLejVDaUE5eXhXZzVYdWNBeHlha09mRUJ6RENBUkg1cjF2SzVOazNIZVZRem0zMG5UdmNhd0EyQkJzNXdGQ19OdXRuV2R2bURCTDlIeXVpWmVjSFNTWFVFVXBFVzAtRUFRd05vRXozN19zME9ZcnNIOVVOODNWazRHN0V6M2JRLWhwLTk2aEZwUVJfTDJ3SmNsak95dnVXcnhBWHMzckV2d1c4dnh3TW55a2Z1SHZCTE0?oc=5\" target=\"_blank\" rel=\"nofollow noopener\">Ignacio Morente, arquitecto: \u00abEl nuevo Camp Nou quedar\u00e1 obsoleto en pocos a\u00f1os\u00bb<\/a>&nbsp;&nbsp;MSN<\/li>\n<\/ol>\n","protected":false},"excerpt":{"rendered":"Ignacio Morente, arquitecto, sentencia el nuevo Camp Nou: \u00abEs un desastre y se quedar\u00e1 obsoleto en pocos a\u00f1os\u00bb&nbsp;&nbsp;La&hellip;\n","protected":false},"author":2,"featured_media":219548,"comment_status":"","ping_status":"","sticky":false,"template":"","format":"standard","meta":{"footnotes":""},"categories":[173],"tags":[229,233,231,230,232,234,146,147,25,24,23],"class_list":{"0":"post-221311","1":"post","2":"type-post","3":"status-publish","4":"format-standard","5":"has-post-thumbnail","7":"category-arte-y-diseno","8":"tag-arte","9":"tag-arte-y-diseno","10":"tag-arts","11":"tag-arts-and-design","12":"tag-design","13":"tag-diseno","14":"tag-entertainment","15":"tag-entretenimiento","16":"tag-es","17":"tag-espana","18":"tag-spain"},"share_on_mastodon":{"url":"https:\/\/pubeurope.com\/@es\/115502119829427572","error":""},"_links":{"self":[{"href":"https:\/\/www.europesays.com\/es\/wp-json\/wp\/v2\/posts\/221311","targetHints":{"allow":["GET"]}}],"collection":[{"href":"https:\/\/www.europesays.com\/es\/wp-json\/wp\/v2\/posts"}],"about":[{"href":"https:\/\/www.europesays.com\/es\/wp-json\/wp\/v2\/types\/post"}],"author":[{"embeddable":true,"href":"https:\/\/www.europesays.com\/es\/wp-json\/wp\/v2\/users\/2"}],"replies":[{"embeddable":true,"href":"https:\/\/www.europesays.com\/es\/wp-json\/wp\/v2\/comments?post=221311"}],"version-history":[{"count":0,"href":"https:\/\/www.europesays.com\/es\/wp-json\/wp\/v2\/posts\/221311\/revisions"}],"wp:featuredmedia":[{"embeddable":true,"href":"https:\/\/www.europesays.com\/es\/wp-json\/wp\/v2\/media\/219548"}],"wp:attachment":[{"href":"https:\/\/www.europesays.com\/es\/wp-json\/wp\/v2\/media?parent=221311"}],"wp:term":[{"taxonomy":"category","embeddable":true,"href":"https:\/\/www.europesays.com\/es\/wp-json\/wp\/v2\/categories?post=221311"},{"taxonomy":"post_tag","embeddable":true,"href":"https:\/\/www.europesays.com\/es\/wp-json\/wp\/v2\/tags?post=221311"}],"curies":[{"name":"wp","href":"https:\/\/api.w.org\/{rel}","templated":true}]}}