{"id":22132,"date":"2025-08-03T05:17:08","date_gmt":"2025-08-03T05:17:08","guid":{"rendered":"https:\/\/www.europesays.com\/es\/22132\/"},"modified":"2025-08-03T05:17:08","modified_gmt":"2025-08-03T05:17:08","slug":"maria-sancha-nueva-capitana-del-mecalia","status":"publish","type":"post","link":"https:\/\/www.europesays.com\/es\/22132\/","title":{"rendered":"Mar\u00eda Sancha, nueva capitana del Mecalia"},"content":{"rendered":"<p class=\"ft-text\">La plantilla del Mecalia de la temporada 2025\/2026 ya tiene nueva capitana. La palentina Mar\u00eda Sancha recoge el testigo de M\u00edriam Sempere, que tras un lustro en A Guarda se ha mudado al UCAM murciano en Honor Plata. Sancha ser\u00e1 as\u00ed ser\u00e1 la nueva l\u00edder del equipo mi\u00f1oto, cargo que asume en la que ser\u00e1 su quinta temporada vistiendo la camiseta guardesa. Ser\u00e1 la \u00fanica capitana.<\/p>\n<p class=\"ft-text\">Sancha es una de las jugadoras m\u00e1s veteranas de la plantilla actual, de la que forma parte desde la temporada 2021\/2022. La primera l\u00ednea palentina juega un papel crucial a la hora de dirigir al equipo sobre la pista, por lo que ha ido aumentando su protagonismo en este sentido. Otra de sus grandes aportaciones al conjunto es su valor humano. Es una de las grandes responsables de la unidad del grupo, ya que a lo largo de estos cuatro a\u00f1os se ha ganado la confianza y cercan\u00eda de todas sus compa\u00f1eras. Su pasi\u00f3n y sentimiento por el Guard\u00e9s y A Guarda, donde ya se siente como en casa, tambi\u00e9n han contribuido significativamente a su elecci\u00f3n para el puesto, seg\u00fan explican desde el club.<\/p>\n<p class=\"ft-text\">Mar\u00eda afronta as\u00ed su quinto a\u00f1o en el Mecalia: a su hambre y ganas habituales de luchar por lo mejor para el equipo se suma el reto a\u00f1adido que supone la capitan\u00eda. La palentina pondr\u00e1 a prueba sus dotes de liderazgo para guiar a la plantilla hacia la que espera que sea una gran temporada.<\/p>\n<p class=\"ft-text\">La nueva capitana del Guard\u00e9s ha indicado que se siente \u00abmuy emocionada y agradecida\u00bb por la \u00abconfianza que han depositado todo el club, el equipo y mis compa\u00f1eras en m\u00ed\u00bb al recibir el cargo.<\/p>\n<p class=\"ft-text\">En cuanto a sus perspectivas de cara a este nuevo curso, Sancha espera \u00abque podamos hacer una temporada mejor que la anterior\u00bb y deja claro que \u00abpor nuestra parte, vamos a luchar y a poner toda nuestra fuerza y coraz\u00f3n para conseguir cosas bonitas\u00bb.<\/p>\n<p class=\"ft-text\">La nueva l\u00edder de la plantilla guardesa, por \u00faltimo, ha avanzado que el equipo se encuentra ya \u00abtrabajando mucho\u00bb y tratando de integrar a los nuevos fichajes y asimilar los cambios entre sus filas, \u00abanclando los nuevos tornillos y ejes de este equipo\u00bb para que el engranaje funcione lo mejor posible de cara al comienzo de la temporada.<\/p>\n","protected":false},"excerpt":{"rendered":"La plantilla del Mecalia de la temporada 2025\/2026 ya tiene nueva capitana. La palentina Mar\u00eda Sancha recoge el&hellip;\n","protected":false},"author":2,"featured_media":1454,"comment_status":"","ping_status":"","sticky":false,"template":"","format":"standard","meta":{"footnotes":""},"categories":[278],"tags":[376,13027,1798,168,25,24,375,1932,13028,795,2525,13026,13029,23,167,9413],"class_list":{"0":"post-22132","1":"post","2":"type-post","3":"status-publish","4":"format-standard","5":"has-post-thumbnail","7":"category-balonmano","8":"tag-balonmano","9":"tag-capitana","10":"tag-club","11":"tag-deportes","12":"tag-es","13":"tag-espana","14":"tag-handball","15":"tag-maria","16":"tag-mecalia","17":"tag-nueva","18":"tag-plata","19":"tag-sancha","20":"tag-sempere","21":"tag-spain","22":"tag-sports","23":"tag-ucam"},"share_on_mastodon":{"url":"","error":""},"_links":{"self":[{"href":"https:\/\/www.europesays.com\/es\/wp-json\/wp\/v2\/posts\/22132","targetHints":{"allow":["GET"]}}],"collection":[{"href":"https:\/\/www.europesays.com\/es\/wp-json\/wp\/v2\/posts"}],"about":[{"href":"https:\/\/www.europesays.com\/es\/wp-json\/wp\/v2\/types\/post"}],"author":[{"embeddable":true,"href":"https:\/\/www.europesays.com\/es\/wp-json\/wp\/v2\/users\/2"}],"replies":[{"embeddable":true,"href":"https:\/\/www.europesays.com\/es\/wp-json\/wp\/v2\/comments?post=22132"}],"version-history":[{"count":0,"href":"https:\/\/www.europesays.com\/es\/wp-json\/wp\/v2\/posts\/22132\/revisions"}],"wp:featuredmedia":[{"embeddable":true,"href":"https:\/\/www.europesays.com\/es\/wp-json\/wp\/v2\/media\/1454"}],"wp:attachment":[{"href":"https:\/\/www.europesays.com\/es\/wp-json\/wp\/v2\/media?parent=22132"}],"wp:term":[{"taxonomy":"category","embeddable":true,"href":"https:\/\/www.europesays.com\/es\/wp-json\/wp\/v2\/categories?post=22132"},{"taxonomy":"post_tag","embeddable":true,"href":"https:\/\/www.europesays.com\/es\/wp-json\/wp\/v2\/tags?post=22132"}],"curies":[{"name":"wp","href":"https:\/\/api.w.org\/{rel}","templated":true}]}}