{"id":221328,"date":"2025-11-06T09:58:31","date_gmt":"2025-11-06T09:58:31","guid":{"rendered":"https:\/\/www.europesays.com\/es\/221328\/"},"modified":"2025-11-06T09:58:31","modified_gmt":"2025-11-06T09:58:31","slug":"el-ayuntamiento-lamenta-el-fallecimiento-de-santiago-jimenez","status":"publish","type":"post","link":"https:\/\/www.europesays.com\/es\/221328\/","title":{"rendered":"El Ayuntamiento lamenta el fallecimiento de Santiago Jim\u00e9nez"},"content":{"rendered":"<p style=\"text-align: justify;\">El ayuntamiento de Torrelodones, con su alcaldesa a la cabeza, quiere mostrar su consternaci\u00f3n por el fallecimiento del profesor del colegio San Ignacio, D. Santiago Jim\u00e9nez, y enviar sus m\u00e1s sentidas condolencias a su mujer, hijos, familia, amigos, as\u00ed como a toda la comunidad educativa del centro escolar en donde era uno de los profesores m\u00e1s queridos por todos y a sus compa\u00f1eros del grupo de m\u00fasica Los Porfolios.<\/p>\n","protected":false},"excerpt":{"rendered":"El ayuntamiento de Torrelodones, con su alcaldesa a la cabeza, quiere mostrar su consternaci\u00f3n por el fallecimiento del&hellip;\n","protected":false},"author":2,"featured_media":221329,"comment_status":"","ping_status":"","sticky":false,"template":"","format":"standard","meta":{"footnotes":""},"categories":[5],"tags":[18114,17,18,25,24,13,14,11,19,20,9,10,15,16,58874,23,12,20965,21,22],"class_list":{"0":"post-221328","1":"post","2":"type-post","3":"status-publish","4":"format-standard","5":"has-post-thumbnail","7":"category-titulares","8":"tag-alcaldesa","9":"tag-breaking-news","10":"tag-breakingnews","11":"tag-es","12":"tag-espana","13":"tag-featured-news","14":"tag-featurednews","15":"tag-headlines","16":"tag-latest-news","17":"tag-latestnews","18":"tag-news","19":"tag-noticias","20":"tag-noticias-destacadas","21":"tag-noticiasdestacadas","22":"tag-santiago-jimenez","23":"tag-spain","24":"tag-titulares","25":"tag-torrelodones","26":"tag-ultimas-noticias","27":"tag-ultimasnoticias"},"share_on_mastodon":{"url":"https:\/\/pubeurope.com\/@es\/115502167046597413","error":""},"_links":{"self":[{"href":"https:\/\/www.europesays.com\/es\/wp-json\/wp\/v2\/posts\/221328","targetHints":{"allow":["GET"]}}],"collection":[{"href":"https:\/\/www.europesays.com\/es\/wp-json\/wp\/v2\/posts"}],"about":[{"href":"https:\/\/www.europesays.com\/es\/wp-json\/wp\/v2\/types\/post"}],"author":[{"embeddable":true,"href":"https:\/\/www.europesays.com\/es\/wp-json\/wp\/v2\/users\/2"}],"replies":[{"embeddable":true,"href":"https:\/\/www.europesays.com\/es\/wp-json\/wp\/v2\/comments?post=221328"}],"version-history":[{"count":0,"href":"https:\/\/www.europesays.com\/es\/wp-json\/wp\/v2\/posts\/221328\/revisions"}],"wp:featuredmedia":[{"embeddable":true,"href":"https:\/\/www.europesays.com\/es\/wp-json\/wp\/v2\/media\/221329"}],"wp:attachment":[{"href":"https:\/\/www.europesays.com\/es\/wp-json\/wp\/v2\/media?parent=221328"}],"wp:term":[{"taxonomy":"category","embeddable":true,"href":"https:\/\/www.europesays.com\/es\/wp-json\/wp\/v2\/categories?post=221328"},{"taxonomy":"post_tag","embeddable":true,"href":"https:\/\/www.europesays.com\/es\/wp-json\/wp\/v2\/tags?post=221328"}],"curies":[{"name":"wp","href":"https:\/\/api.w.org\/{rel}","templated":true}]}}