{"id":221336,"date":"2025-11-06T10:08:08","date_gmt":"2025-11-06T10:08:08","guid":{"rendered":"https:\/\/www.europesays.com\/es\/221336\/"},"modified":"2025-11-06T10:08:08","modified_gmt":"2025-11-06T10:08:08","slug":"cuando-llega-el-cartero-digo-la-herencia-del-tio-de-la-toscana","status":"publish","type":"post","link":"https:\/\/www.europesays.com\/es\/221336\/","title":{"rendered":"Cuando llega el cartero digo &#8216;la herencia del t\u00edo de la Toscana"},"content":{"rendered":"<p class=\"c-paragraph\"><a href=\"https:\/\/www.20minutos.es\/tags\/personas\/pablo-motos.html\" title=\"Pablo Motos\" rel=\"nofollow noopener\" target=\"_blank\">Pablo Motos<\/a> ha recibido esta noche a <a href=\"https:\/\/www.20minutos.es\/tags\/personas\/sergio-dalma.html\" title=\"Sergio Dalma\" rel=\"nofollow noopener\" target=\"_blank\">Sergio Dalma<\/a> en <a href=\"https:\/\/www.20minutos.es\/tags\/instituciones-empresas\/el-hormiguero.html\" title=\"El hormiguero\" rel=\"nofollow noopener\" target=\"_blank\">El Hormiguero<\/a>. El cantante ha acudido al programa de <a href=\"https:\/\/www.20minutos.es\/tags\/instituciones-empresas\/antena-3.html\" title=\"Antena 3\" rel=\"nofollow noopener\" target=\"_blank\">Antena 3<\/a> <b>para presentar su nuevo disco,\u00a0Ritorno a V\u00eda Dalma,<\/b> donde rinde homenaje a los artistas italianos m\u00e1s reconocidos del panorama versionando sus canciones.<\/p>\n<p class=\"c-paragraph\">Una de ellas es <a href=\"https:\/\/www.20minutos.es\/tags\/personas\/laura-pausini.html\" title=\"Laura Pausini\" rel=\"nofollow noopener\" target=\"_blank\">Laura Pausini<\/a>, ya que el artista ha grabado su canci\u00f3n Entre t\u00fa y mil mares.\u00a0\u00ab\u00bfLo ha escuchado?\u00bb, le pregunt\u00f3 el presentador a su invitado. \u00ab<b>Laura me escribi\u00f3 y me dijo que le hab\u00eda gustado<\/b>, ella siempre muy educada\u00bb, le respondi\u00f3 \u00e9l. \u00abLa premisa de los Via Dalma era recuperar canciones italianas que en su d\u00eda fueron reconocidas en Espa\u00f1a, no es buscar una competici\u00f3n de que queden mejor, sino llevarlas a mi terreno y disfrutarlas\u00bb, a\u00f1adi\u00f3 a su alegato.<\/p>\n<p class=\"c-paragraph\">\u00ab<b>\u00bfEn Italia puede que haya uno como t\u00fa, pero al rev\u00e9s? <\/b>\u00bfQu\u00e9 est\u00e9 haciendo canciones espa\u00f1olas, pero en italiano?\u00bb, le plante\u00f3 la hormiga Barrancas. \u00abNo lo s\u00e9, pero lo que s\u00ed que fue muy raro es cuando llegamos a Italia a grabar el primer Via Dalma y\u00a0el productor dijo: &#8216;\u00bfQuer\u00e9is hacer canciones italianas?&#8217; Es como si ahora viene un italiano a Espa\u00f1a a grabar Alejandro Sanz o una copla\u00bb, matiz\u00f3 Sergio Dalma.<\/p>\n<p class=\"c-paragraph\">\u00abPero es que t\u00fa eres italiano\u00bb , apunt\u00f3 Pablo Motos. \u00abDe entrada <b>empec\u00e9 la carrera de Filolog\u00eda romana<\/b>, estuve en el Dante Alighieri y me dieron una beca para ir a Siena [&#8230;] Sigo leyendo italiano\u00bb, explic\u00f3 el artista.<\/p>\n<p class=\"c-paragraph\">\u00abTu eres italiano, dejame que te diga\u00bb, insisti\u00f3 Motos, para despu\u00e9s preguntarle sobre la reencarnaci\u00f3n. \u00abPienso que, de entrada, <b>nacemos y morimos a diario<\/b>, y seguramente, en otra vida, tuviera alg\u00fan familiar (italiano)\u00bb, asegur\u00f3.\u00a0<\/p>\n<p class=\"c-paragraph\">\u00abCuando viene el cartero digo &#8216;llega la herencia del t\u00edo ese que tiene una casa en La Toscana, pero no llega\u00bb, brome\u00f3 Dalma. <b>\u00ab\u00bfT\u00fa crees que en otra vida fuiste italiano? Porque tienes la voz rota&#8230;\u00bb,<\/b> sigui\u00f3 el de Requena con el tema, a lo que su invitado le afirm\u00f3 que le \u00abgustar\u00eda saberlo\u00bb.<\/p>\n","protected":false},"excerpt":{"rendered":"Pablo Motos ha recibido esta noche a Sergio Dalma en El Hormiguero. El cantante ha acudido al programa&hellip;\n","protected":false},"author":2,"featured_media":221337,"comment_status":"","ping_status":"","sticky":false,"template":"","format":"standard","meta":{"footnotes":""},"categories":[174],"tags":[4040,255,5813,146,147,25,24,256,5812,46286,23],"class_list":{"0":"post-221336","1":"post","2":"type-post","3":"status-publish","4":"format-standard","5":"has-post-thumbnail","7":"category-famosos","8":"tag-antena-3","9":"tag-celebrities","10":"tag-el-hormiguero","11":"tag-entertainment","12":"tag-entretenimiento","13":"tag-es","14":"tag-espana","15":"tag-famosos","16":"tag-pablo-motos","17":"tag-sergio-dalma","18":"tag-spain"},"share_on_mastodon":{"url":"https:\/\/pubeurope.com\/@es\/115502206621832081","error":""},"_links":{"self":[{"href":"https:\/\/www.europesays.com\/es\/wp-json\/wp\/v2\/posts\/221336","targetHints":{"allow":["GET"]}}],"collection":[{"href":"https:\/\/www.europesays.com\/es\/wp-json\/wp\/v2\/posts"}],"about":[{"href":"https:\/\/www.europesays.com\/es\/wp-json\/wp\/v2\/types\/post"}],"author":[{"embeddable":true,"href":"https:\/\/www.europesays.com\/es\/wp-json\/wp\/v2\/users\/2"}],"replies":[{"embeddable":true,"href":"https:\/\/www.europesays.com\/es\/wp-json\/wp\/v2\/comments?post=221336"}],"version-history":[{"count":0,"href":"https:\/\/www.europesays.com\/es\/wp-json\/wp\/v2\/posts\/221336\/revisions"}],"wp:featuredmedia":[{"embeddable":true,"href":"https:\/\/www.europesays.com\/es\/wp-json\/wp\/v2\/media\/221337"}],"wp:attachment":[{"href":"https:\/\/www.europesays.com\/es\/wp-json\/wp\/v2\/media?parent=221336"}],"wp:term":[{"taxonomy":"category","embeddable":true,"href":"https:\/\/www.europesays.com\/es\/wp-json\/wp\/v2\/categories?post=221336"},{"taxonomy":"post_tag","embeddable":true,"href":"https:\/\/www.europesays.com\/es\/wp-json\/wp\/v2\/tags?post=221336"}],"curies":[{"name":"wp","href":"https:\/\/api.w.org\/{rel}","templated":true}]}}