{"id":221338,"date":"2025-11-06T10:09:15","date_gmt":"2025-11-06T10:09:15","guid":{"rendered":"https:\/\/www.europesays.com\/es\/221338\/"},"modified":"2025-11-06T10:09:15","modified_gmt":"2025-11-06T10:09:15","slug":"con-zonas-que-se-abren-y-otras-que-se-protegen","status":"publish","type":"post","link":"https:\/\/www.europesays.com\/es\/221338\/","title":{"rendered":"con zonas que se abren y otras que se protegen\u00bb"},"content":{"rendered":"<p>La moda de las plantas abiertas ha sido en los \u00faltimos a\u00f1os uno de los dogmas m\u00e1s resistentes del interiorismo contempor\u00e1neo. <strong>Desde los a\u00f1os noventa, la idea de \u201cabrirlo todo\u201d se instal\u00f3 como sin\u00f3nimo de modernidad y libertad dom\u00e9stica<\/strong>. Pero, como todas las tendencias llevadas al extremo, empieza a mostrar grietas. \u00abDesde hace a\u00f1os, los espacios abiertos se asocian con algo m\u00e1s moderno y actual. El concepto de planta abierta se ha convertido casi en sin\u00f3nimo de contemporaneidad, pero muchas veces se aplica sin analizar el entorno, la orientaci\u00f3n o el uso real de la vivienda\u00bb, advierte el arquitecto\u00a0<a href=\"https:\/\/angelmartin.studio\/conocenos\/\" rel=\"nofollow noopener\" target=\"_blank\"><strong>\u00c1ngel Mart\u00edn<\/strong><\/a>.<\/p>\n<p>Su estudio, con base en Palma de Mallorca y proyectos que van m\u00e1s all\u00e1 de las islas, se caracteriza por un lenguaje contempor\u00e1neo que no necesita gritar para ser actual. \u201cDise\u00f1amos con un lenguaje contempor\u00e1neo pero sin perder la esencia de la sencillez y austeridad\u201d, resume en la presentaci\u00f3n de su firma. Esa mezcla de calma y precisi\u00f3n se traduce en espacios que parecen respirar a su propio ritmo, con luz medida, materiales honestos y una sensaci\u00f3n de equilibrio que se percibe m\u00e1s que se ve.<\/p>\n<p>&#13;<img loading=\"lazy\" decoding=\"async\"   src=\"https:\/\/www.europesays.com\/es\/wp-content\/uploads\/2025\/11\/058a0100-angel-martin-studiodes-torrent_2629f204_251029112349_1200x800.webp.webp\" alt=\"058A0100 Angel Martin StudioDes Torrent\" class=\"lazyload\" width=\"1200\" height=\"800\" data-aspectratio=\"1200\/800\"\/> <\/p>\n<p>Mart\u00edn, que se form\u00f3 en arquitectura en un momento en que el minimalismo dictaba las reglas, ha evolucionado hacia una idea m\u00e1s matizada de la luz y el espacio. \u00ab<strong>Es un recurso b\u00e1sico, casi un primer pensamiento: si abrimos, entra m\u00e1s luz. Y aunque es cierto, no es la \u00fanica forma de conseguirlo<\/strong>. Abrir puede mejorar la iluminaci\u00f3n, pero tambi\u00e9n diluir la atm\u00f3sfera y restar car\u00e1cter al espacio\u00bb, explica.<\/p>\n<p>La frase tiene algo de manifiesto. Porque detr\u00e1s de esa cr\u00edtica hay una defensa de la arquitectura que no se deja llevar por los algoritmos visuales. \u00ab<strong>No se trata de abrir por abrir, sino de entender c\u00f3mo la luz penetra, qu\u00e9 luces y sombras genera y c\u00f3mo recorre el interior<\/strong>. La clave est\u00e1 en potenciarla de forma coherente.\u00bb Esa coherencia, que en manos menos sensibles se pierde entre muros derribados, es lo que diferencia un hogar luminoso de uno simplemente expuesto.<\/p>\n<p>&#13;<img loading=\"lazy\" decoding=\"async\"   src=\"https:\/\/www.europesays.com\/es\/wp-content\/uploads\/2025\/11\/reforma-mn-angel-martin-lampara-de-aceite-holocene-de-wastberg-diseno-de-john-pawson_00000000_4346af.webp\" alt=\"reforma mn angel martin lampara de aceite Holocene de Wa\u0308stberg disen\u0303o de John Pawson\" class=\"lazyload\" width=\"913\" height=\"1000\" data-aspectratio=\"913\/1000\"\/> <a href=\"https:\/\/www.arquitecturaydiseno.es\/decoracion\/alternativas-para-aprovechar-luz-natural-y-no-estamos-hablando-solo-cortinas_12553\" data-ga4_event=\"custom_event\" data-ga4_event_name=\"click_intext\" data-ga4_link_url=\"https:\/\/www.arquitecturaydiseno.es\/decoracion\/alternativas-para-aprovechar-luz-natural-y-no-estamos-hablando-solo-cortinas_12553\" data-ga4_link_text=\"mas_alla_de_las_cortinas_tradicionales_5_alternativas_para_aprovechar_la_luz_natural\" data-ga4_content_type=\"photo\" data-ga4_element=\"related\" rel=\"nofollow noopener\" target=\"_blank\">&#13;&#13;<img loading=\"lazy\" decoding=\"async\" src=\"https:\/\/www.europesays.com\/es\/wp-content\/uploads\/2025\/11\/salon-con-sofa-integrado-y-cortinas-ligeras_3159a1df_251028090801_600x600.webp.webp\" alt=\"Sal\u00f3n con sof\u00e1 integrado y cortinas ligeras\" class=\"lazyload\" width=\"600\" height=\"600\" data-aspectratio=\"600\/600\"\/>&#13;&#13;<\/p>\n<p class=\"epigraph\">&#13;Noticia relacionada<\/p>\n<p class=\"title\">M\u00e1s all\u00e1 de las cortinas tradicionales: 5 alternativas para aprovechar la luz natural<\/p>\n<p><\/a>La falsa libertad del espacio sin l\u00edmites<\/p>\n<p>El mito de la planta abierta se vendi\u00f3 como la receta universal del bienestar dom\u00e9stico: m\u00e1s luz, m\u00e1s conexi\u00f3n, m\u00e1s modernidad. Pero la realidad \u2014y el confort\u2014 funcionan con matices. \u00abCuando todo est\u00e1 abierto, el espacio puede perder matices. Se difuminan los l\u00edmites entre lo p\u00fablico y lo \u00edntimo, y eso afecta la forma en que se vive la casa\u00bb, explica el arquitecto.<\/p>\n<p>Hay algo casi psicol\u00f3gico en esa observaci\u00f3n. <strong>En un tiempo donde todo se comparte y se muestra, el hogar necesita zonas de sombra, rincones donde el silencio o la temperatura cambian ligeramente<\/strong>. \u00abAdem\u00e1s, el sonido, los olores o la temperatura se propagan con facilidad, y se sacrifican esas sensaciones de refugio tan necesarias\u00bb, a\u00f1ade.<\/p>\n<p>Para Mart\u00edn, un buen proyecto no se mide en metros cuadrados, sino en proporci\u00f3n y ritmo. \u00abUn espacio bien dise\u00f1ado no tiene por qu\u00e9 ser grande, sino estar bien medido: con zonas que se abren y otras que se protegen.\u00bb Esa noci\u00f3n de refugio atraviesa todos sus proyectos, desde viviendas mediterr\u00e1neas hasta reformas urbanas.<\/p>\n<p>&#13;<img loading=\"lazy\" decoding=\"async\"   src=\"https:\/\/www.europesays.com\/es\/wp-content\/uploads\/2025\/11\/058a0730-angel-martin-studiodes-torrent_bc4fc7c5_251029112449_1600x1067.webp.webp\" alt=\"058A0730 Angel Martin StudioDes Torrent\" class=\"lazyload\" width=\"1600\" height=\"1067\" data-aspectratio=\"1600\/1067\"\/> La luz como materia<\/p>\n<p>Si algo define la obra de \u00c1ngel Mart\u00edn Studio es su manera de trabajar la luz. No la concibe como una variable t\u00e9cnica, sino como un material m\u00e1s. \u00abPor supuesto que <strong>la luz es mucho m\u00e1s que un recurso meramente t\u00e9cnico<\/strong>. Es un elemento que da alma al espacio, que transmite sensaciones y acompa\u00f1a la vida que sucede dentro. Define su ritmo, su temperatura y su car\u00e1cter.\u00bb<\/p>\n<p>No hay una sola \u201cbuena\u201d iluminaci\u00f3n posible, sino una que acompa\u00f1e los distintos momentos del d\u00eda. \u00ab<strong>Una casa bien iluminada no es necesariamente la m\u00e1s brillante, sino aquella en la que la luz acompa\u00f1a los distintos momentos del d\u00eda y se integra con la materia<\/strong>.\u00bb\u00a0<\/p>\n<p>En su estudio, la luz se convierte en lenguaje. \u00abCon ella se pueden ordenar, calmar, dividir o cerrar los espacios. <strong>Nos gustan las luces indirectas; las directas las utilizamos muy poco, buscando siempre una iluminaci\u00f3n m\u00e1s pensada<\/strong>, casi teatral, que aporte serenidad y recogimiento.\u00bb La comparaci\u00f3n con el teatro no es casual: hay algo de puesta en escena en la manera en que Mart\u00edn trabaja el vac\u00edo, el recorrido y la penumbra.<\/p>\n<p>\u00abDise\u00f1ar con luz, en el fondo, es dise\u00f1ar con emociones\u00bb, afirma. En esa frase se condensa una filosof\u00eda de trabajo que va m\u00e1s all\u00e1 de lo est\u00e9tico: se trata de acompa\u00f1ar la vida cotidiana, no de imponerle un decorado.<\/p>\n<p><a href=\"https:\/\/www.arquitecturaydiseno.es\/casas\/luz-silencio-se-convierten-elementos-arquitectonicos-esta-villa-moraleja-fran-silvestre-arquitectos_12442\" data-ga4_event=\"custom_event\" data-ga4_event_name=\"click_intext\" data-ga4_link_url=\"https:\/\/www.arquitecturaydiseno.es\/casas\/luz-silencio-se-convierten-elementos-arquitectonicos-esta-villa-moraleja-fran-silvestre-arquitectos_12442\" data-ga4_link_text=\"la_luz_y_el_silencio_se_convierten_en_elementos_arquitectonicos_en_esta_villa_en_la_moraleja\" data-ga4_content_type=\"photo\" data-ga4_element=\"related\" rel=\"nofollow noopener\" target=\"_blank\">&#13;&#13;<img loading=\"lazy\" decoding=\"async\" src=\"https:\/\/www.europesays.com\/es\/wp-content\/uploads\/2025\/11\/casa-con-piscina-y-volumenes-geometricos_9fc75806_251001114141_600x600.webp.webp\" alt=\"Casa con piscina y vol\u00famenes geom\u00e9tricos\" class=\"lazyload\" width=\"600\" height=\"600\" data-aspectratio=\"600\/600\"\/>&#13;&#13;<\/p>\n<p class=\"epigraph\">&#13;Noticia relacionada<\/p>\n<p class=\"title\">La luz y el silencio se convierten en elementos arquitect\u00f3nicos en esta villa en La Moraleja<\/p>\n<p><\/a>&#13;<img loading=\"lazy\" decoding=\"async\"   src=\"https:\/\/www.europesays.com\/es\/wp-content\/uploads\/2025\/11\/reforma-mn-angel-martin-silla-carl-hansen-ch47-en-roble-lampara-sobre-mesa-cestita-de-santa-y-cole_0.webp\" alt=\"reforma mn angel martin silla carl hansen CH47 en roble, lampara sobre mesa cestita de Santa &amp; Cole\" class=\"lazyload\" width=\"667\" height=\"1000\" data-aspectratio=\"667\/1000\"\/> Las soluciones que no pasan por tirar tabiques<\/p>\n<p>Frente a la obsesi\u00f3n por abrir, Mart\u00edn propone matices: materiales, filtros, gestos m\u00ednimos que transforman la percepci\u00f3n del espacio sin dinamitar su estructura. \u00ab<strong>Podemos usar materiales que la filtren o conduzcan, como paneles de vidrio trasl\u00facido o puertas correderas que permitan dejar pasar m\u00e1s o menos luz seg\u00fan el momento<\/strong>, conectando visualmente los espacios sin perder la posibilidad de cerrarlos.\u00bb<\/p>\n<p>Esa flexibilidad \u2014tan contempor\u00e1nea y tan dif\u00edcil de ejecutar bien\u2014 se complementa con recursos discretos: \u00ab<strong>Tambi\u00e9n ayudan los suelos y acabados m\u00e1s reflectantes o ligeros, los colores claros, o incluso peque\u00f1os gestos<\/strong>: mover unos cent\u00edmetros un tabique, abrir un hueco interior o crear una peque\u00f1a apertura entre estancias para que la luz circule.\u00bb<\/p>\n<p>Cada decisi\u00f3n responde a un principio de equilibrio entre lo sensorial y lo funcional. \u00abA veces optamos por abrir m\u00e1s cuando el espacio es reducido, y en otros casos preferimos mantener separaciones, por ejemplo, a trav\u00e9s de un patio interior que divide la cocina del sal\u00f3n, pero mantiene la conexi\u00f3n visual.\u00bb<\/p>\n<p>Y quiz\u00e1 esa sea la clave: que la buena arquitectura, como la buena luz, no deslumbra, sino que revela.<\/p>\n","protected":false},"excerpt":{"rendered":"La moda de las plantas abiertas ha sido en los \u00faltimos a\u00f1os uno de los dogmas m\u00e1s resistentes&hellip;\n","protected":false},"author":2,"featured_media":221339,"comment_status":"","ping_status":"","sticky":false,"template":"","format":"standard","meta":{"footnotes":""},"categories":[173],"tags":[229,233,231,230,232,234,146,147,25,24,23],"class_list":{"0":"post-221338","1":"post","2":"type-post","3":"status-publish","4":"format-standard","5":"has-post-thumbnail","7":"category-arte-y-diseno","8":"tag-arte","9":"tag-arte-y-diseno","10":"tag-arts","11":"tag-arts-and-design","12":"tag-design","13":"tag-diseno","14":"tag-entertainment","15":"tag-entretenimiento","16":"tag-es","17":"tag-espana","18":"tag-spain"},"share_on_mastodon":{"url":"https:\/\/pubeurope.com\/@es\/115502210729898480","error":""},"_links":{"self":[{"href":"https:\/\/www.europesays.com\/es\/wp-json\/wp\/v2\/posts\/221338","targetHints":{"allow":["GET"]}}],"collection":[{"href":"https:\/\/www.europesays.com\/es\/wp-json\/wp\/v2\/posts"}],"about":[{"href":"https:\/\/www.europesays.com\/es\/wp-json\/wp\/v2\/types\/post"}],"author":[{"embeddable":true,"href":"https:\/\/www.europesays.com\/es\/wp-json\/wp\/v2\/users\/2"}],"replies":[{"embeddable":true,"href":"https:\/\/www.europesays.com\/es\/wp-json\/wp\/v2\/comments?post=221338"}],"version-history":[{"count":0,"href":"https:\/\/www.europesays.com\/es\/wp-json\/wp\/v2\/posts\/221338\/revisions"}],"wp:featuredmedia":[{"embeddable":true,"href":"https:\/\/www.europesays.com\/es\/wp-json\/wp\/v2\/media\/221339"}],"wp:attachment":[{"href":"https:\/\/www.europesays.com\/es\/wp-json\/wp\/v2\/media?parent=221338"}],"wp:term":[{"taxonomy":"category","embeddable":true,"href":"https:\/\/www.europesays.com\/es\/wp-json\/wp\/v2\/categories?post=221338"},{"taxonomy":"post_tag","embeddable":true,"href":"https:\/\/www.europesays.com\/es\/wp-json\/wp\/v2\/tags?post=221338"}],"curies":[{"name":"wp","href":"https:\/\/api.w.org\/{rel}","templated":true}]}}