{"id":221354,"date":"2025-11-06T10:20:09","date_gmt":"2025-11-06T10:20:09","guid":{"rendered":"https:\/\/www.europesays.com\/es\/221354\/"},"modified":"2025-11-06T10:20:09","modified_gmt":"2025-11-06T10:20:09","slug":"convocatoria-para-profesorado-visitante-en-eeuu-canada-alemania-y-china-2026-27","status":"publish","type":"post","link":"https:\/\/www.europesays.com\/es\/221354\/","title":{"rendered":"Convocatoria para profesorado visitante en EEUU, Canad\u00e1, Alemania y China, 2026\/27"},"content":{"rendered":"<p>&#13;<br \/>\n&#13;<\/p>\n<p><strong>Convocatoria Profesorado Visitante en EEUU, Canad\u00e1, Alemania y China. Curso 2026-2027<\/strong><\/p>\n<p>&#13;<br \/>\n&#13;<\/p>\n<p>\u00a0Publicado en el BOE el <a href=\"https:\/\/www.boe.es\/boe\/dias\/2025\/11\/06\/pdfs\/BOE-B-2025-40634.pdf\" rel=\"nofollow noopener\" target=\"_blank\">Extracto de la Resoluci\u00f3n de 5 de noviembre de 2025, de la Secretar\u00eda de Estado de Educaci\u00f3n, por la que se convocan plazas para profesorado visitante espa\u00f1ol en Estados Unidos, Canad\u00e1, Alemania y China para el curso acad\u00e9mico 2026-2027<\/a><\/p>\n<p>&#13;<br \/>\n&#13;<\/p>\n<p>El programa va dirigido a\u00a0<strong>docentes<\/strong>, tanto personal funcionario como no funcionario.<\/p>\n<p>&#13;<br \/>\n&#13;<\/p>\n<p>Se necesita tener al menos\u00a0<strong>dos a\u00f1os de experiencia<\/strong>\u00a0docente en ense\u00f1anza reglada.<\/p>\n<p>&#13;<br \/>\n&#13;<\/p>\n<p>Los pa\u00edses del programa son:\u00a0<strong>Alemania, Canad\u00e1, China, Estados Unidos.<\/strong><\/p>\n<p>&#13;<br \/>\n&#13;<\/p>\n<p>Solamente se puede solicitar\u00a0<strong>1 pa\u00eds.<\/strong><\/p>\n<p>&#13;<br \/>\n&#13;<\/p>\n<p>Si se solicita Estados Unidos, solamente se puede solicitar<strong>\u00a01 estado<\/strong><\/p>\n<p>&#13;<br \/>\n&#13;<\/p>\n<p><strong>Apertura del plazo de presentaci\u00f3n de solicitudes a partir del 7 de noviembre de 2025<\/strong><\/p>\n<p>&#13;<br \/>\n&#13;<\/p>\n<p>\u00a0<\/p>\n<p>&#13;<br \/>\n&#13;<\/p>\n","protected":false},"excerpt":{"rendered":"&#13; &#13; Convocatoria Profesorado Visitante en EEUU, Canad\u00e1, Alemania y China. Curso 2026-2027 &#13; &#13; \u00a0Publicado en el&hellip;\n","protected":false},"author":2,"featured_media":221355,"comment_status":"","ping_status":"","sticky":false,"template":"","format":"standard","meta":{"footnotes":""},"categories":[8],"tags":[58880,58879,17,18,3730,58878,25,24,13,14,11,19,20,9,10,15,16,23,12,21,22],"class_list":{"0":"post-221354","1":"post","2":"type-post","3":"status-publish","4":"format-standard","5":"has-post-thumbnail","7":"category-espana","8":"tag-2026-27","9":"tag-alemania-y-china","10":"tag-breaking-news","11":"tag-breakingnews","12":"tag-canada","13":"tag-convocatoria-para-profesorado-visitante-en-eeuu","14":"tag-es","15":"tag-espana","16":"tag-featured-news","17":"tag-featurednews","18":"tag-headlines","19":"tag-latest-news","20":"tag-latestnews","21":"tag-news","22":"tag-noticias","23":"tag-noticias-destacadas","24":"tag-noticiasdestacadas","25":"tag-spain","26":"tag-titulares","27":"tag-ultimas-noticias","28":"tag-ultimasnoticias"},"share_on_mastodon":{"url":"https:\/\/pubeurope.com\/@es\/115502253668344587","error":""},"_links":{"self":[{"href":"https:\/\/www.europesays.com\/es\/wp-json\/wp\/v2\/posts\/221354","targetHints":{"allow":["GET"]}}],"collection":[{"href":"https:\/\/www.europesays.com\/es\/wp-json\/wp\/v2\/posts"}],"about":[{"href":"https:\/\/www.europesays.com\/es\/wp-json\/wp\/v2\/types\/post"}],"author":[{"embeddable":true,"href":"https:\/\/www.europesays.com\/es\/wp-json\/wp\/v2\/users\/2"}],"replies":[{"embeddable":true,"href":"https:\/\/www.europesays.com\/es\/wp-json\/wp\/v2\/comments?post=221354"}],"version-history":[{"count":0,"href":"https:\/\/www.europesays.com\/es\/wp-json\/wp\/v2\/posts\/221354\/revisions"}],"wp:featuredmedia":[{"embeddable":true,"href":"https:\/\/www.europesays.com\/es\/wp-json\/wp\/v2\/media\/221355"}],"wp:attachment":[{"href":"https:\/\/www.europesays.com\/es\/wp-json\/wp\/v2\/media?parent=221354"}],"wp:term":[{"taxonomy":"category","embeddable":true,"href":"https:\/\/www.europesays.com\/es\/wp-json\/wp\/v2\/categories?post=221354"},{"taxonomy":"post_tag","embeddable":true,"href":"https:\/\/www.europesays.com\/es\/wp-json\/wp\/v2\/tags?post=221354"}],"curies":[{"name":"wp","href":"https:\/\/api.w.org\/{rel}","templated":true}]}}